{"id":70630,"date":"2025-08-25T07:29:11","date_gmt":"2025-08-25T07:29:11","guid":{"rendered":"https:\/\/www.europesays.com\/es\/70630\/"},"modified":"2025-08-25T07:29:11","modified_gmt":"2025-08-25T07:29:11","slug":"checo-perez-regresa-a-la-formula-1","status":"publish","type":"post","link":"https:\/\/www.europesays.com\/es\/70630\/","title":{"rendered":"\u00abCheco\u00bb P\u00e9rez regresa a la F\u00f3rmula 1"},"content":{"rendered":"<p>CIUDAD DE M\u00c9XICO, agosto 24 (EL UNIVERSAL).- La novela de Sergio \u00abCheco\u00bb P\u00e9rez y su regreso a la F\u00f3rmula 1 estar\u00eda por terminar, luego de darse a conocer un acuerdo total del piloto mexicano con el naciente equipo de Cadillac.<\/p>\n<p>Despu\u00e9s de meses de incertidumbre y negociaciones, todo parece haber concluido de gran manera para el tapat\u00edo, quien sali\u00f3 de Red Bull al final de la temporada 2024, tras cuatro a\u00f1os en el equipo.<\/p>\n<p>De acuerdo con informaci\u00f3n de ESPN, P\u00e9rez tendr\u00eda todo listo para volver al m\u00e1ximo escenario del automovilismo, con un contrato de al menos dos a\u00f1os, el cual podr\u00eda extenderse seg\u00fan su rendimiento.<\/p>\n<p>El reporte agrega que P\u00e9rez, quien se tom\u00f3 un a\u00f1o de descanso tras la pol\u00e9mica salida y decidi\u00f3 pasar tiempo con su familia, ser\u00e1 compa\u00f1ero de Valtteri Bottas, otro piloto de gran experiencia.<\/p>\n<p>Se espera que la confirmaci\u00f3n del regreso del mexicano se d\u00e9 en los pr\u00f3ximos d\u00edas, antes del Gran Premio de Pa\u00edses Bajos, lo que representar\u00eda un gran impulso para el equipo que buscar\u00e1 objetivos importantes en la siguiente temporada.<\/p>\n<p>En el pasado, \u00abCheco\u00bb hab\u00eda manifestado su intenci\u00f3n de regresar a la F1, ya que no le pareci\u00f3 adecuada la forma en que termin\u00f3 su etapa en Red Bull, asegurando que una parte vital para su retorno era contar con un proyecto claro y s\u00f3lido para seguir ganando y haciendo historia.<\/p>\n<p>\u00abNo tengo claro lo que pasar\u00e1. Estoy consciente de que no he cerrado mi carrera como me gustar\u00eda y como lo merecemos. Si regreso, ser\u00e1 a un proyecto importante que nos motive. De encontrarlo, volver\u00e9\u00bb, mencion\u00f3 hace unos meses.<\/p>\n","protected":false},"excerpt":{"rendered":"CIUDAD DE M\u00c9XICO, agosto 24 (EL UNIVERSAL).- La novela de Sergio \u00abCheco\u00bb P\u00e9rez y su regreso a la&hellip;\n","protected":false},"author":2,"featured_media":70631,"comment_status":"","ping_status":"","sticky":false,"template":"","format":"standard","meta":{"footnotes":""},"categories":[270],"tags":[168,25,24,306,271,272,24534,738,212,6480,23,167,7844],"class_list":{"0":"post-70630","1":"post","2":"type-post","3":"status-publish","4":"format-standard","5":"has-post-thumbnail","7":"category-formula-1","8":"tag-deportes","9":"tag-es","10":"tag-espana","11":"tag-f1","12":"tag-formula-1","13":"tag-formula1","14":"tag-la-temporada","15":"tag-perez","16":"tag-red-bull","17":"tag-sergio-checo-perez","18":"tag-spain","19":"tag-sports","20":"tag-valtteri-bottas"},"share_on_mastodon":{"url":"","error":""},"_links":{"self":[{"href":"https:\/\/www.europesays.com\/es\/wp-json\/wp\/v2\/posts\/70630","targetHints":{"allow":["GET"]}}],"collection":[{"href":"https:\/\/www.europesays.com\/es\/wp-json\/wp\/v2\/posts"}],"about":[{"href":"https:\/\/www.europesays.com\/es\/wp-json\/wp\/v2\/types\/post"}],"author":[{"embeddable":true,"href":"https:\/\/www.europesays.com\/es\/wp-json\/wp\/v2\/users\/2"}],"replies":[{"embeddable":true,"href":"https:\/\/www.europesays.com\/es\/wp-json\/wp\/v2\/comments?post=70630"}],"version-history":[{"count":0,"href":"https:\/\/www.europesays.com\/es\/wp-json\/wp\/v2\/posts\/70630\/revisions"}],"wp:featuredmedia":[{"embeddable":true,"href":"https:\/\/www.europesays.com\/es\/wp-json\/wp\/v2\/media\/70631"}],"wp:attachment":[{"href":"https:\/\/www.europesays.com\/es\/wp-json\/wp\/v2\/media?parent=70630"}],"wp:term":[{"taxonomy":"category","embeddable":true,"href":"https:\/\/www.europesays.com\/es\/wp-json\/wp\/v2\/categories?post=70630"},{"taxonomy":"post_tag","embeddable":true,"href":"https:\/\/www.europesays.com\/es\/wp-json\/wp\/v2\/tags?post=70630"}],"curies":[{"name":"wp","href":"https:\/\/api.w.org\/{rel}","templated":true}]}}