{"id":706320,"date":"2026-08-11T18:59:14","date_gmt":"2026-08-11T18:59:14","guid":{"rendered":"https:\/\/www.europesays.com\/es\/706320\/"},"modified":"2026-08-11T18:59:14","modified_gmt":"2026-08-11T18:59:14","slug":"libano-abole-oficialmente-la-pena-de-muerte-el-primer-pais-en-oriente-medio","status":"publish","type":"post","link":"https:\/\/www.europesays.com\/es\/706320\/","title":{"rendered":"L\u00edbano abole oficialmente la pena de muerte, el primer pa\u00eds en Oriente Medio"},"content":{"rendered":"<p>    <img src=\"https:\/\/www.europesays.com\/es\/wp-content\/uploads\/2026\/08\/2026-08-11T143A223A32Z-91880878.jpg\" width=\"1024\" height=\"682\" alt=\"\" loading=\"eager\" decoding=\"sync\" fetchpriority=\"high\"\/><\/p>\n<p>            afp_tickers        <\/p>\n<p>        Este contenido fue publicado en    <\/p>\n<p>        11 agosto 2026 &#8211; 19:58\n<\/p>\n<p>El Parlamento de L\u00edbano aboli\u00f3 el martes la pena de muerte, convirti\u00e9ndose en el primer pa\u00eds de Oriente Medio en poner fin formalmente a esta pr\u00e1ctica.<\/p>\n<p>Aunque el pa\u00eds no hab\u00eda llevado a cabo ninguna ejecuci\u00f3n desde 2004, sus tribunales segu\u00edan dictando penas capitales en casos de asesinato, espionaje o terrorismo, la \u00faltima de ellas el lunes.<\/p>\n<p>Seg\u00fan la oeneg\u00e9 Amnist\u00eda Internacional, al menos 85 personas estaban en el corredor de la muerte en enero. Sus penas ahora ser\u00e1n conmutadas por cadena perpetua, especifica el texto.<\/p>\n<p>\u00abEl proyecto de ley destinado a abolir la pena de muerte en L\u00edbano fue aprobado tras introducirse modificaciones en \u00e9l\u00bb, anunci\u00f3 la oficina del presidente del Parlamento.<\/p>\n<p>El ministro de Justicia, Adel Nassar, calific\u00f3 la abolici\u00f3n de \u00abhist\u00f3rica\u00bb y se\u00f1al\u00f3 que, gracias a esta votaci\u00f3n, ya no se desestimar\u00e1n las solicitudes presentadas por Beirut para la extradici\u00f3n de sospechosos desde pa\u00edses donde la pena de muerte fue abolida.<\/p>\n<p>Ramzi Kaiss, investigador sobre L\u00edbano de Human Rights Watch, declar\u00f3 a la AFP que la medida es \u00abun paso monumental para los derechos humanos en el pa\u00eds, que representa una ruptura clara con una sentencia cruel y arbitraria que nunca deber\u00eda imponerse\u00bb.<\/p>\n<p>La abolici\u00f3n se produjo como parte de una serie de proyectos de ley que se debatir\u00e1n en la actual sesi\u00f3n legislativa, incluida una ley de amnist\u00eda general que se ha debatido durante a\u00f1os.<\/p>\n<p>Numerosas instancias internacionales celebraron la iniciativa. La jefa de la diplomacia de la UE, Kaja Kallas, la se\u00f1al\u00f3 como \u00abun poderoso ejemplo para otros pa\u00edses de Oriente Medio\u00bb y la ONU, en la misma l\u00ednea, inst\u00f3 a \u00abponer fin a esta pr\u00e1ctica inhumana\u00bb.<\/p>\n<p>La pena capital se aplica regularmente en la regi\u00f3n. En 2025, Ir\u00e1n, Arabia Saudita y Yemen aparecieron en la segunda, tercera y cuarta posici\u00f3n en la clasificaci\u00f3n de pa\u00edses con m\u00e1s ejecuciones elaborada por Amnist\u00eda Internacional, con China en el primer lugar.<\/p>\n<p>Esta oeneg\u00e9 se\u00f1al\u00f3 en su \u00faltimo informe un \u00abrepunte alarmante\u00bb de las ejecuciones en Oriente Medio: de 1.442 en 2024 a 2.611 en 2025.<\/p>\n<p>Amnist\u00eda celebr\u00f3 la votaci\u00f3n en L\u00edbano, pero pidi\u00f3 \u00abimpulsar reformas m\u00e1s amplias para reforzar un sistema de justicia basado en la dignidad, la equidad y el respeto de los derechos humanos\u00bb.<\/p>\n<p>nad\/ris\/pb\/hgs\/dbh\/ahg<\/p>\n","protected":false},"excerpt":{"rendered":"afp_tickers Este contenido fue publicado en 11 agosto 2026 &#8211; 19:58 El Parlamento de L\u00edbano aboli\u00f3 el martes&hellip;\n","protected":false},"author":2,"featured_media":706321,"comment_status":"","ping_status":"","sticky":false,"template":"","format":"standard","meta":{"footnotes":""},"categories":[42],"tags":[17,18,11892,13,14,4437,11,61,62,63,64,11895,19,20,7657,9,10,15,16,28415,88,90,12,21,22,65,66,67],"class_list":["post-706320","post","type-post","status-publish","format-standard","has-post-thumbnail","category-internacional","tag-breaking-news","tag-breakingnews","tag-crime","tag-featured-news","tag-featurednews","tag-government","tag-headlines","tag-internacional","tag-international","tag-international-news","tag-internationalnews","tag-justice-and-rights","tag-latest-news","tag-latestnews","tag-law-and-order","tag-news","tag-noticias","tag-noticias-destacadas","tag-noticiasdestacadas","tag-parliament","tag-politics","tag-ticker","tag-titulares","tag-ultimas-noticias","tag-ultimasnoticias","tag-world","tag-world-news","tag-worldnews"],"share_on_mastodon":{"url":"https:\/\/pubeurope.com\/@es\/117078417696920637","error":""},"_links":{"self":[{"href":"https:\/\/www.europesays.com\/es\/wp-json\/wp\/v2\/posts\/706320","targetHints":{"allow":["GET"]}}],"collection":[{"href":"https:\/\/www.europesays.com\/es\/wp-json\/wp\/v2\/posts"}],"about":[{"href":"https:\/\/www.europesays.com\/es\/wp-json\/wp\/v2\/types\/post"}],"author":[{"embeddable":true,"href":"https:\/\/www.europesays.com\/es\/wp-json\/wp\/v2\/users\/2"}],"replies":[{"embeddable":true,"href":"https:\/\/www.europesays.com\/es\/wp-json\/wp\/v2\/comments?post=706320"}],"version-history":[{"count":0,"href":"https:\/\/www.europesays.com\/es\/wp-json\/wp\/v2\/posts\/706320\/revisions"}],"wp:featuredmedia":[{"embeddable":true,"href":"https:\/\/www.europesays.com\/es\/wp-json\/wp\/v2\/media\/706321"}],"wp:attachment":[{"href":"https:\/\/www.europesays.com\/es\/wp-json\/wp\/v2\/media?parent=706320"}],"wp:term":[{"taxonomy":"category","embeddable":true,"href":"https:\/\/www.europesays.com\/es\/wp-json\/wp\/v2\/categories?post=706320"},{"taxonomy":"post_tag","embeddable":true,"href":"https:\/\/www.europesays.com\/es\/wp-json\/wp\/v2\/tags?post=706320"}],"curies":[{"name":"wp","href":"https:\/\/api.w.org\/{rel}","templated":true}]}}