{"id":706378,"date":"2026-08-11T22:48:16","date_gmt":"2026-08-11T22:48:16","guid":{"rendered":"https:\/\/www.europesays.com\/es\/706378\/"},"modified":"2026-08-11T22:48:16","modified_gmt":"2026-08-11T22:48:16","slug":"triunfazo-de-cerundolo-y-etcheverry-en-doblesnace-una-dupla-para-la-copa-davis-en-neuquen","status":"publish","type":"post","link":"https:\/\/www.europesays.com\/es\/706378\/","title":{"rendered":"Triunfazo de Cer\u00fandolo y Etcheverry en dobles:\u00bfNace una dupla para la Copa Davis en Neuqu\u00e9n?"},"content":{"rendered":"<p class=\"wp-block-paragraph\">El <strong>tenis argentino <\/strong>tiene una nueva e inesperada dupla exitosa en<strong> dobles.<\/strong> A casi un mes de la serie de <strong>Copa Davis <\/strong>ante Turqu\u00eda en Neuqu\u00e9n, <strong>Francisco Cer\u00fandolo y Tom\u00e1s Etcheverry<\/strong> lograron la mejor victoria de su carrera como dupla.<\/p>\n<p>        <a href=\"https:\/\/www.rionegro.com.ar\/automovilismo\/deportes\/rally-regional-la-vuelta-de-la-manzana-se-viene-con-un-gran-numero-de-anotados-4679351\/\" title=\"Rally Regional: la Vuelta de la Manzana se viene con un gran n\u00famero de anotados\" class=\"recomendation__link\" rel=\"nofollow noopener\" target=\"_blank\"><br \/>\n            <img decoding=\"async\" src=\"https:\/\/www.europesays.com\/es\/wp-content\/uploads\/2026\/08\/Roca-Rally-Regional-Mauro-Debasa-A6-foto-Andres-Maripe-2.jpg\" alt=\"Imagen de Rally Regional: la Vuelta de la Manzana se viene con un gran n\u00famero de anotados\" loading=\"lazy\"\/><br \/>\n                    <\/a><\/p>\n<p class=\"wp-block-paragraph\"><strong>Los dos mejores singlistas nacionales<\/strong> del r\u00e1nking vencieron a la<strong> pareja N\u00b01 del mundo<\/strong> y pasaron a semifinales en el <strong>Masters 1000 de Montreal<\/strong> que se juega sobre cemento, misma superficie que se utilizar\u00e1 en el <strong>Ruca Che<\/strong> en septiembre.<\/p>\n<p class=\"wp-block-paragraph\">La dupla argentina se impuso ante el<strong> finland\u00e9s Harri Heliovaara y el brit\u00e1nico Henry Patten por 6-3 y 6-4.<\/strong> Ya le hab\u00edan ganado a los campeones defensores en primera ronda. Vencieron a los brit\u00e1nicos <strong>Julian Cash y Lloyd Glasspool<\/strong> por 6-4, 3-6 y 10-7.<\/p>\n<blockquote class=\"twitter-tweet\">\n<p lang=\"es\" dir=\"ltr\">Se divierten los tipazos \ud83d\ude0e\ud83c\udde6\ud83c\uddf7<\/p>\n<p>Esta dupla est\u00e1 en semis del Masters 1000 de Montreal \ud83d\udd25<a href=\"https:\/\/x.com\/tometcheverry?ref_src=twsrc%5Etfw\" rel=\"nofollow\">@tometcheverry<\/a> \ud83e\udd1d <a href=\"https:\/\/x.com\/FranCerundolo?ref_src=twsrc%5Etfw\" rel=\"nofollow\">@FranCerundolo<\/a> <a href=\"https:\/\/t.co\/q5G3ChNbs0\" rel=\"nofollow\">pic.twitter.com\/q5G3ChNbs0<\/a><\/p>\n<p>\u2014 Asociaci\u00f3n Argentina de Tenis (@AATenis) <a href=\"https:\/\/x.com\/AATenis\/status\/2087247970110509494?ref_src=twsrc%5Etfw\" rel=\"nofollow\">August 11, 2026<\/a><\/p><\/blockquote>\n<p class=\"wp-block-paragraph\">Con la serie de <strong>Copa Davis ante Turqu\u00eda en Neuqu\u00e9n<\/strong> a la vuelta de la esquina, la dupla de<strong> Cer\u00fandolo y Etcheverry <\/strong>aparece como una alternativa para el capit\u00e1n <strong>Javier Frana.<\/strong><\/p>\n<p class=\"wp-block-paragraph\">Los dos son los <strong>mejores rankeados en singles<\/strong> y son candidatos a estar entre los citados para septiembre. En el certamen individual en Montreal, ambos cayeron en primera ronda.<\/p>\n<p>\t\t\t\t\t\t\t\t\t<br class=\"clear\"\/><\/p>\n<p>\t\t\t\t\t\t<script async src=\"https:\/\/platform.twitter.com\/widgets.js\" charset=\"utf-8\"><\/script><\/p>\n","protected":false},"excerpt":{"rendered":"El tenis argentino tiene una nueva e inesperada dupla exitosa en dobles. A casi un mes de la&hellip;\n","protected":false},"author":2,"featured_media":706379,"comment_status":"","ping_status":"","sticky":false,"template":"","format":"standard","meta":{"footnotes":""},"categories":[274],"tags":[13877,168,25,24,107884,127058,22576,127059,23,167,327,326,107885],"class_list":["post-706378","post","type-post","status-publish","format-standard","has-post-thumbnail","category-tenis","tag-copa-davis","tag-deportes","tag-es","tag-espana","tag-francisco-ceru00fandolo","tag-masters-1000-de-montreal","tag-me-actualiza","tag-neuquu00e9n","tag-spain","tag-sports","tag-tenis","tag-tennis","tag-tomu00e1s-etcheverry"],"share_on_mastodon":{"url":"https:\/\/pubeurope.com\/@es\/117079318343165470","error":""},"_links":{"self":[{"href":"https:\/\/www.europesays.com\/es\/wp-json\/wp\/v2\/posts\/706378","targetHints":{"allow":["GET"]}}],"collection":[{"href":"https:\/\/www.europesays.com\/es\/wp-json\/wp\/v2\/posts"}],"about":[{"href":"https:\/\/www.europesays.com\/es\/wp-json\/wp\/v2\/types\/post"}],"author":[{"embeddable":true,"href":"https:\/\/www.europesays.com\/es\/wp-json\/wp\/v2\/users\/2"}],"replies":[{"embeddable":true,"href":"https:\/\/www.europesays.com\/es\/wp-json\/wp\/v2\/comments?post=706378"}],"version-history":[{"count":0,"href":"https:\/\/www.europesays.com\/es\/wp-json\/wp\/v2\/posts\/706378\/revisions"}],"wp:featuredmedia":[{"embeddable":true,"href":"https:\/\/www.europesays.com\/es\/wp-json\/wp\/v2\/media\/706379"}],"wp:attachment":[{"href":"https:\/\/www.europesays.com\/es\/wp-json\/wp\/v2\/media?parent=706378"}],"wp:term":[{"taxonomy":"category","embeddable":true,"href":"https:\/\/www.europesays.com\/es\/wp-json\/wp\/v2\/categories?post=706378"},{"taxonomy":"post_tag","embeddable":true,"href":"https:\/\/www.europesays.com\/es\/wp-json\/wp\/v2\/tags?post=706378"}],"curies":[{"name":"wp","href":"https:\/\/api.w.org\/{rel}","templated":true}]}}