{"id":706396,"date":"2026-08-11T23:00:27","date_gmt":"2026-08-11T23:00:27","guid":{"rendered":"https:\/\/www.europesays.com\/es\/706396\/"},"modified":"2026-08-11T23:00:27","modified_gmt":"2026-08-11T23:00:27","slug":"luca-hoek-transporta-a-espana-al-primer-mundo-de-la-velocidad-deportes","status":"publish","type":"post","link":"https:\/\/www.europesays.com\/es\/706396\/","title":{"rendered":"Luca Hoek transporta a Espa\u00f1a al primer mundo de la velocidad | Deportes"},"content":{"rendered":"<p class=\"\"><a href=\"https:\/\/elpais.com\/deportes\/2026-08-10\/luca-hoek-el-record-de-espana-es-algo-secundario-yo-voy-a-lo-maximo.html\" target=\"_self\" rel=\"nofollow noopener\" title=\"https:\/\/elpais.com\/deportes\/2026-08-10\/luca-hoek-el-record-de-espana-es-algo-secundario-yo-voy-a-lo-maximo.html\">Luca Hoek traspas\u00f3 una frontera que parec\u00eda prohibida para Espa\u00f1a<\/a>. De pie junto a David Popovici antes de la bocina de salida, el segundo nadador m\u00e1s r\u00e1pido de la historia no le intimid\u00f3. Tranquilamente, se ajust\u00f3 las gafas negras como si ya viviera en la otra dimensi\u00f3n. Sin complejos, tal vez ignorante de su naturaleza superdotada para fluir, se dobl\u00f3 sobre s\u00ed mismo armado de los cu\u00e1driceps y los gl\u00fateos que se fabric\u00f3 con pesas en los \u00faltimos meses y registr\u00f3 el tiempo de reacci\u00f3n m\u00e1s corto de la prueba. Despeg\u00f3 del poyete en 58 cent\u00e9simas y vol\u00f3 hacia el agua como un torpedo. Solo tiene 18 a\u00f1os. Pero 47,26 segundos despu\u00e9s hab\u00eda transportado a la nataci\u00f3n espa\u00f1ola al primer mundo de la velocidad. <\/p>\n<p class=\"\">Hoek se clasific\u00f3 este martes con en segundo mejor tiempo de las semifinales para la final de los 100 metros libre del campeonato Europeo de Nataci\u00f3n que se celebra en la piscina de Saint Denis, en Par\u00eds. Su inscripci\u00f3n en la prueba, prevista para hoy a las 18.50 horas (Teledeporte), tiene car\u00e1cter extraordinario. Solo Jos\u00e9 Antonio Chicoy en 1970 y Eduard Lorente en 2004 le preceden como finalistas espa\u00f1oles del 100 libre de los Europeos. Una especialidad que parec\u00eda reservada a los gigantes eslavos, germanos, australianos, americanos o chinos, una distancia vedada a los biotipos m\u00e1s comunes entre los espa\u00f1oles, se ha transformado en el ecosistema ideal para la expresi\u00f3n de Hoek. Ven\u00eda de batir el r\u00e9cord de Espa\u00f1a en el Open de Mallorca, en junio. Hab\u00eda bajado de 48 segundos. Pero despu\u00e9s de un a\u00f1o de progresi\u00f3n y tanteo, la exhibici\u00f3n de Par\u00eds le consagr\u00f3 en el m\u00e1ximo nivel.<\/p>\n<p class=\"\">\u201c\u00a1Pues nada! La verdad es que me he notado genial\u201d, dijo, al salir del agua. \u201cIba viendo justo al lado al Popovici, y pensaba que iba m\u00e1s lento. La salida no me ha gustado mucho. \u00a1Pero me ha encantado nadar con Popovici!\u201d.<\/p>\n<p class=\"\">Popovici le vigilar\u00e1 con mucha atenci\u00f3n a partir de ahora. Porque <a href=\"https:\/\/elpais.com\/deportes\/2025-07-30\/luca-hoek-firma-un-record-de-espana-en-los-100-libre-y-pan-zhanle-se-queda-sin-final-en-el-mundial.html\" target=\"_self\" rel=\"nofollow noopener\" title=\"https:\/\/elpais.com\/deportes\/2025-07-30\/luca-hoek-firma-un-record-de-espana-en-los-100-libre-y-pan-zhanle-se-queda-sin-final-en-el-mundial.html\">lo que hizo Hoek con toda naturalidad est\u00e1 al alcance de muy pocos<\/a> competidores. El manejo de los tiempos de cada fracci\u00f3n del primer y el segundo largo, la presencia de \u00e1nimo, la adaptaci\u00f3n t\u00e9cnica de su brazada curva, como de h\u00e9lice, y el deslizamiento equilibrado sobre la superficie a medida que aceleraba, le proporcionaron un dominio impresionante en un territorio que suele afectar a los j\u00f3venes con nervios fr\u00e1giles. Nadar corchera con corchera junto a Popovici no solo no alter\u00f3 su rumbo. Le proporcion\u00f3 un acicate. Hoek se peg\u00f3 al rumano en el primer 50, le aguant\u00f3 en el viraje con 15 metros de nado subacu\u00e1tico muy bien ejecutados, y luego hizo lo m\u00e1s dif\u00edcil. Resistir los \u00faltimos 35 metros sin deformar su nado, sin dar la impresi\u00f3n de que el agotamiento le frenaba, fue todo un tour de force.<\/p>\n<p><img alt=\"\" decoding=\"auto\" class=\"_re lazyload a_m-h\" height=\"277\"  width=\"414\"  src=\"https:\/\/www.europesays.com\/es\/wp-content\/uploads\/2026\/08\/GXYISURWWZPR5AQ26MMN5AO2E4.jpg\" loading=\"lazy\" fetchpriority=\"low\"\/>Hoek y Popovici conversan tras la semifinal de 100 libre este martes en Par\u00eds. Emma Da Silva (AP Photo\/Emma Da Silva)<\/p>\n<p class=\"\">Como si el \u00e1cido l\u00e1ctico no le atenazara, estir\u00f3 el impulso hasta tocar la \u00faltima pared y rompi\u00f3 ese l\u00edmite que suele hundir a los sprinters puros cuando se pasan del 50 al 100. Hoek, que de juvenil se especializ\u00f3 en 50, ha debido ganar resistencia para sostener la velocidad en los \u00faltimos metros. El resultado ha sido notable. Si en el Open de Mallorca nad\u00f3 el primer largo en 22,63 segundos y el segundo en 25,09, en Par\u00eds se reserv\u00f3 unas gotas de combustible. Hizo el primer 50 en 22,67s y regres\u00f3 en 24,59s, apenas dos cent\u00e9simas por detr\u00e1s de Popovici, un verdadero mago de las finalizaciones. El zarpazo vali\u00f3 a Hoek la mejora de su marca de 47,72s a 47,26s. El tiempo equivale a un t\u00edtulo. Le clasific\u00f3 con la segunda mejor marca para la final, por detr\u00e1s de Popovici (46,72s) y por delante de Egor Kornev (47,27s). Ahora el espa\u00f1ol ingresa en el club de los mejores de siempre.<\/p>\n<p class=\"\">Nadar a crol 100 metros en menos de 47,26 segundos es algo que solo han conseguido 15 hombres a lo largo de la historia. La progresi\u00f3n del r\u00e9cord mundial de 47,60s a 47,20s se produjo en 2008 y con la mediaci\u00f3n de los ba\u00f1adores impermeables enterizos que facilitaban la flotaci\u00f3n, hoy prohibidos. \u00danicamente el rumano Popovici, el plusmarquista mundial el chino Zhanle Pan, los estadounidenses Jack Alexy y Caeleb Dressel, y el ruso Egor Kornev, bajaron de 47 segundos sin ba\u00f1adores de poliuretano.<\/p>\n<p class=\"\">Este mi\u00e9rcoles Hoek se cita con Popovici por el trono de Europa.<\/p>\n<p>Melancol\u00eda de Hugo en la tormenta de Kos<\/p>\n<p>La segunda jornada del Europeo de Nataci\u00f3n acab\u00f3 con una exhibici\u00f3n de Luca Hoek pero empez\u00f3 del modo m\u00e1s decepcionante para la nataci\u00f3n espa\u00f1ola. Estella Llum Tonrath, que ven\u00eda de conquistar dos t\u00edtulos europeos j\u00fanior y de batir el r\u00e9cord de Espa\u00f1a en 2m 8,03s en junio, nad\u00f3 la final de 200 metros espalda en 2m 9,05s. Un minuto m\u00e1s lenta que su mejor versi\u00f3n. Regreso al pasado. Quinto puesto en una de las pruebas de peor nivel de marcas de los campeonatos que se celebran en Par\u00eds. Una oportunidad perdida de f\u00e1cil acceso a las medallas. Malos presagios en un escenario que no trae buenos recuerdos para la delegaci\u00f3n espa\u00f1ola.<\/p>\n<p>Estella es una de las representantes de la nueva generaci\u00f3n. Son los encargados de sacar a la nataci\u00f3n espa\u00f1ola del desierto que se abri\u00f3 con el declive de Mireia Belmonte tras los Juegos de Tokio de 2021 y su t\u00e9trica proyecci\u00f3n en Par\u00eds 2024. Los espa\u00f1oles que acudieron a la cita de 2024 completaron la peor participaci\u00f3n ol\u00edmpica de la historia: solo dos finales, dos sextos puestos, y apenas una \u00fanica marca personal mejorada (Carmen Weiler en 100 espalda). La experiencia sum\u00f3 decepci\u00f3n a un lustro sombr\u00edo. Desde que Hugo  Gonz\u00e1lez logr\u00f3 cuatro medallas en los Europeos de Budapest en 2021, los nadadores espa\u00f1oles no han rascado ni un metal. El triste recorrido del propio Hugo desde entonces refleja un estado de cosas. El mallorqu\u00edn se clasific\u00f3 s\u00e9ptimo para la final de 200 espalda. A tres segundos del magn\u00edfico Hubert Kos, que amenaz\u00f3 el r\u00e9cord de Peirsol con 1m 52,30s. <\/p>\n","protected":false},"excerpt":{"rendered":"Luca Hoek traspas\u00f3 una frontera que parec\u00eda prohibida para Espa\u00f1a. De pie junto a David Popovici antes de&hellip;\n","protected":false},"author":2,"featured_media":706397,"comment_status":"","ping_status":"","sticky":false,"template":"","format":"standard","meta":{"footnotes":""},"categories":[93],"tags":[10774,168,25,24,9541,633,5590,23,167],"class_list":["post-706396","post","type-post","status-publish","format-standard","has-post-thumbnail","category-deportes","tag-david-popovici","tag-deportes","tag-es","tag-espana","tag-luca-hoek","tag-natacion","tag-records","tag-spain","tag-sports"],"share_on_mastodon":{"url":"https:\/\/pubeurope.com\/@es\/117079365825943617","error":""},"_links":{"self":[{"href":"https:\/\/www.europesays.com\/es\/wp-json\/wp\/v2\/posts\/706396","targetHints":{"allow":["GET"]}}],"collection":[{"href":"https:\/\/www.europesays.com\/es\/wp-json\/wp\/v2\/posts"}],"about":[{"href":"https:\/\/www.europesays.com\/es\/wp-json\/wp\/v2\/types\/post"}],"author":[{"embeddable":true,"href":"https:\/\/www.europesays.com\/es\/wp-json\/wp\/v2\/users\/2"}],"replies":[{"embeddable":true,"href":"https:\/\/www.europesays.com\/es\/wp-json\/wp\/v2\/comments?post=706396"}],"version-history":[{"count":0,"href":"https:\/\/www.europesays.com\/es\/wp-json\/wp\/v2\/posts\/706396\/revisions"}],"wp:featuredmedia":[{"embeddable":true,"href":"https:\/\/www.europesays.com\/es\/wp-json\/wp\/v2\/media\/706397"}],"wp:attachment":[{"href":"https:\/\/www.europesays.com\/es\/wp-json\/wp\/v2\/media?parent=706396"}],"wp:term":[{"taxonomy":"category","embeddable":true,"href":"https:\/\/www.europesays.com\/es\/wp-json\/wp\/v2\/categories?post=706396"},{"taxonomy":"post_tag","embeddable":true,"href":"https:\/\/www.europesays.com\/es\/wp-json\/wp\/v2\/tags?post=706396"}],"curies":[{"name":"wp","href":"https:\/\/api.w.org\/{rel}","templated":true}]}}