{"id":706414,"date":"2026-08-11T23:27:16","date_gmt":"2026-08-11T23:27:16","guid":{"rendered":"https:\/\/www.europesays.com\/es\/706414\/"},"modified":"2026-08-11T23:27:16","modified_gmt":"2026-08-11T23:27:16","slug":"borja-semper-y-su-vida-un-ano-despues-del-cancer-quiero-hacer-de-mi-experiencia-algo-util","status":"publish","type":"post","link":"https:\/\/www.europesays.com\/es\/706414\/","title":{"rendered":"Borja S\u00e9mper y su vida un a\u00f1o despu\u00e9s del c\u00e1ncer: \u00abQuiero hacer de mi experiencia algo \u00fatil\u00bb"},"content":{"rendered":"<p id=\"e87iVxEPFz\" data-wc=\"94\">Es el mejor ejemplo de que tras la tempestad siempre llega la calma. El verano pasado estuvo marcado por la incertidumbre para <strong>Borja Semper<\/strong>, cuyos tiempos los marcaba entonces el tratamiento al que se someti\u00f3 tras su diagn\u00f3stico de c\u00e1ncer de p\u00e1ncreas. Doce meses despu\u00e9s, disfruta de la temporada estival con gratitud por haber superado la enfermedad y valorando m\u00e1s que nunca cada detalle, por peque\u00f1o que sea: desde un paseo por el mar a un concierto en familia, <strong>una charla con B\u00e1rbara Goenaga o un\u00a0<\/strong><a class=\"hm-link ho-link\" href=\"https:\/\/www.hola.com\/actualidad\/20260802916018\/borja-semper-arropado-barbara-goenaga-protagonista-indiscutible-gala-cancer-marbella\/\" data-mrf-recirculation=\"article-body-link\" rel=\"nofollow noopener\" target=\"_blank\">homenaje como el que ha recibido en M\u00e1laga.<\/a><\/p>\n<p>Te recomendamosSeguir leyendo<br \/>\n <img src=\"https:\/\/www.europesays.com\/es\/wp-content\/uploads\/2026\/08\/a32ea2fb17ad-semper1-2.jpg\"   width=\"771\" height=\"1024\" loading=\"lazy\" decoding=\"async\" alt=\"Media Image\" fetchpriority=\"auto\" class=\"image ho-image\"\/>\u00a9 bsemper<\/p>\n<p id=\"eYG_re3ejo\" data-wc=\"87\">El portavoz del Partido Popular est\u00e1 muy agradecido a la delegaci\u00f3n que tiene en la ciudad andaluza la Asociaci\u00f3n contra el c\u00e1ncer. Le entregaron el Premio The Fighter, traducido como El luchador \u00abporque<strong> su ejemplo ante la enfermedad y su testimonio, que ha contribuido de forma significativa a mostrar la realidad del c\u00e1ncer y a dar esperanza a quienes atraviesan una situaci\u00f3n similar\u201d.<\/strong><strong>\u00a0<\/strong>Se trata de un reconocimiento que distingue a personas que contribuyen a normalizar la enfermedad y a romper los estigmas que a\u00fan lo rodean.<\/p>\n<p id=\"eqfNFeDmcwd\" data-wc=\"100\">Con la finca La Concepci\u00f3n de Marbella como impresionante escenario, la gala presentada por Eva Ruiz y Poty Castillo tuvo a Borja Semper como uno de los protagonistas y una semana despu\u00e9s a\u00fan sigue agradecido por el premio que simboliza su contribuci\u00f3n a visibilizar a los enfermos de c\u00e1ncer. \u00abHay cientos de miles de personas que hoy, justo en este momento, afrontan un tratamiento contra el c\u00e1ncer, tienen miedo, est\u00e1n f\u00edsica y emocionalmente agotadas y cualquier \u00e1nimo y esperanza es muy importante. <strong>Si de algo sirve lo que pueda contarles, quiero hacer de mi propia experiencia algo \u00fatil\u00bb<\/strong>, ha dicho.<\/p>\n<p> <img src=\"https:\/\/www.europesays.com\/es\/wp-content\/uploads\/2026\/08\/4ef52f72dcca-semper1-1.jpg\"   width=\"768\" height=\"1024\" loading=\"lazy\" decoding=\"async\" alt=\"Media Image\" fetchpriority=\"auto\" class=\"image ho-image\"\/>\u00a9 bsemper<\/p>\n<p id=\"eIOiM-0jiu\" data-wc=\"98\">El pol\u00edtico vasco ha hecho adem\u00e1s una comparativa entre su momento recogiendo la estatuilla al que viv\u00eda el verano pasado: \u00abEntre una foto y otra ha pasado exactamente un a\u00f1o\u00bb. No olvida esa dif\u00edcil experiencia que le ha transformado, un camino que ha transitado sinti\u00e9ndose muy querido por la sociedad, por el \u00e1mbito pol\u00edtico al completo sin importar bandos y, sobre todo, por su familia, con su mujer a la cabeza.<strong> B\u00e1rbara Goenaga, actriz y credora de una firma de joyas, fue quien le insisti\u00f3 para someterse a unas pruebas y reconoce que \u00abgracias a ella estoy vivo\u00bb.<\/strong><\/p>\n<p>Su nueva forma de ver la vida<\/p>\n<p id=\"eDcypZwtr4p\" data-wc=\"86\">Durante su enfermedad reconoci\u00f3 que vio la muerte cerca, que el tratamiento fue \u00abno duro, dur\u00edsimo\u00bb y que ese proceso le ha cambiado por completo. Est\u00e1 satisfecho de haber podido conectar con muchas personas, ha aprendido a ver la esfera pol\u00edtica desde otra perspectiva m\u00e1s humana, ha visto que <a class=\"hm-link ho-link\" href=\"https:\/\/www.hola.com\/actualidad\/20250715844278\/borja-semper-primera-entrevista-cancer\/\" data-mrf-recirculation=\"article-body-link\" rel=\"nofollow noopener\" target=\"_blank\">\u00abhay cosas que nos unen a todos\u00a0<\/a><strong>por encima de cualquier otra circunstancia\u00bb<\/strong> y tiene m\u00e1s claro que nunca que \u00abla vida es un inmenso regalo\u00bb. Ahora Borja Semper disfruta de cada d\u00eda con su modern family.<\/p>\n<p id=\"eqMbLxKToLy\" data-wc=\"0\">\u00a0<\/p>\n<p id=\"eP3vFpBAen\" data-wc=\"0\">\u00a0<\/p>\n","protected":false},"excerpt":{"rendered":"Es el mejor ejemplo de que tras la tempestad siempre llega la calma. El verano pasado estuvo marcado&hellip;\n","protected":false},"author":2,"featured_media":706415,"comment_status":"","ping_status":"","sticky":false,"template":"","format":"standard","meta":{"footnotes":""},"categories":[174],"tags":[517,22722,255,146,147,25,24,256,23],"class_list":["post-706414","post","type-post","status-publish","format-standard","has-post-thumbnail","category-famosos","tag-actualidad","tag-borja-semper","tag-celebrities","tag-entertainment","tag-entretenimiento","tag-es","tag-espana","tag-famosos","tag-spain"],"share_on_mastodon":{"url":"https:\/\/pubeurope.com\/@es\/117079475853930208","error":""},"_links":{"self":[{"href":"https:\/\/www.europesays.com\/es\/wp-json\/wp\/v2\/posts\/706414","targetHints":{"allow":["GET"]}}],"collection":[{"href":"https:\/\/www.europesays.com\/es\/wp-json\/wp\/v2\/posts"}],"about":[{"href":"https:\/\/www.europesays.com\/es\/wp-json\/wp\/v2\/types\/post"}],"author":[{"embeddable":true,"href":"https:\/\/www.europesays.com\/es\/wp-json\/wp\/v2\/users\/2"}],"replies":[{"embeddable":true,"href":"https:\/\/www.europesays.com\/es\/wp-json\/wp\/v2\/comments?post=706414"}],"version-history":[{"count":0,"href":"https:\/\/www.europesays.com\/es\/wp-json\/wp\/v2\/posts\/706414\/revisions"}],"wp:featuredmedia":[{"embeddable":true,"href":"https:\/\/www.europesays.com\/es\/wp-json\/wp\/v2\/media\/706415"}],"wp:attachment":[{"href":"https:\/\/www.europesays.com\/es\/wp-json\/wp\/v2\/media?parent=706414"}],"wp:term":[{"taxonomy":"category","embeddable":true,"href":"https:\/\/www.europesays.com\/es\/wp-json\/wp\/v2\/categories?post=706414"},{"taxonomy":"post_tag","embeddable":true,"href":"https:\/\/www.europesays.com\/es\/wp-json\/wp\/v2\/tags?post=706414"}],"curies":[{"name":"wp","href":"https:\/\/api.w.org\/{rel}","templated":true}]}}