{"id":706468,"date":"2026-08-12T00:20:15","date_gmt":"2026-08-12T00:20:15","guid":{"rendered":"https:\/\/www.europesays.com\/es\/706468\/"},"modified":"2026-08-12T00:20:15","modified_gmt":"2026-08-12T00:20:15","slug":"marta-garcia-logra-la-medalla-de-plata-en-los-5-000-metros-deportes","status":"publish","type":"post","link":"https:\/\/www.europesays.com\/es\/706468\/","title":{"rendered":"Marta Garc\u00eda logra la medalla de plata en los 5.000 metros | Deportes"},"content":{"rendered":"<p class=\"\">Marta Garc\u00eda es sabidur\u00eda para moverse <a href=\"https:\/\/elpais.com\/deportes\/2026-08-11\/marta-mitjans-la-atleta-de-19-anos-que-escucha-a-su-cuerpo-y-se-instala-en-la-elite-mundial-del-mediofondo.html\" target=\"_self\" rel=\"nofollow noopener\" title=\"https:\/\/elpais.com\/deportes\/2026-08-11\/marta-mitjans-la-atleta-de-19-anos-que-escucha-a-su-cuerpo-y-se-instala-en-la-elite-mundial-del-mediofondo.html\">por las multitudinarias carreras de fondo<\/a> y una fuerza que hace so\u00f1ar, y velocidad, y cuando en los \u00faltimos 200 metros (29s) se lanza detr\u00e1s del ataque final, definitivo, de la gran Nadia Battocletti, m\u00e1s que defender la medalla de plata que ya puede considerar suya, parece que piensa en el oro, en destronar a la italiana, la \u00fanica atleta europea que trata de t\u00fa a t\u00fa a las fenomenales kenianas y et\u00edopes en Mundiales y Juegos. El Alexander Stadium se pone en pie, una afici\u00f3n, la inglesa, que sabe de atletismo y de pruebas de fondo, como hipnotizado por los en\u00e9rgicos movimientos de las largas coletas de la espa\u00f1ola. La atleta castellanoleonesa (nacida en Le\u00f3n, criada en Palencia, crecida en Valladolid), de 28 a\u00f1os, no alcanz\u00f3 a Battocletti (15m 37,84s, con un \u00faltimo mil en 2.40), que ya dio el primer paso para repetir el doblete 5.000m-10.000m que ya consigui\u00f3 en su Roma hace dos a\u00f1os, pero firm\u00f3 la medalla de plata, la primera del atletismo espa\u00f1ol en Birmingham (15m 39,98s). Tercera fue otra italiana, Micol Majori (15m 40, 65s).<\/p>\n<p class=\"\">Garc\u00eda, ya bronce en Roma hace dos a\u00f1os, olvida la descalificaci\u00f3n que sufri\u00f3 en los 3.000m del Mundial en pista cubierta de Torun, en marzo pasado, y justifica plenamente el sacrificio de su vida, la carrera de Medicina completada y aparcada la profesi\u00f3n, y tantos meses al a\u00f1o concentrada con el grupo de On, dando vueltas al laguito de Saint Moritz, compartiendo<a href=\"https:\/\/elpais.com\/deportes\/2026-08-10\/eusebio-caceres-y-moha-attaoui-encuentran-la-paz-y-el-impulso-en-los-europeos-de-birmingham.html\" target=\"_self\" rel=\"nofollow noopener\" title=\"https:\/\/elpais.com\/deportes\/2026-08-10\/eusebio-caceres-y-moha-attaoui-encuentran-la-paz-y-el-impulso-en-los-europeos-de-birmingham.html\"> con otros atletas, como Moha Attaoui<\/a>, los apartamentos que en primavera dejan libres los trabajadores de la exclusiva estaci\u00f3n de esqu\u00ed. Y luego, en Buitrago de Lozoya, otro lago, otra vida con su marido, con el que pasa horas viendo atletismo, analizando, estudiando. \u201cTodo muy profundo\u201d, dice. Y tambi\u00e9n, con su zancada tan potente y en\u00e9rgica, se confirma como la segunda atleta europea en la distancia, un t\u00edtulo que oficiosamente ya alcanz\u00f3 en el pasado Mundial de Tokio al aire libre: participaron tres europeas; Battocletti, que siempre est\u00e1 en todas sus clasificaciones, como una pesadilla inevitable, fue segunda, ella s\u00e9ptima. <\/p>\n<p class=\"\">La carrera, <a href=\"https:\/\/elpais.com\/deportes\/2026-08-10\/unos-europeos-de-atletismo-que-son-casi-unos-mundiales.html\" target=\"_self\" rel=\"nofollow noopener\" title=\"https:\/\/elpais.com\/deportes\/2026-08-10\/unos-europeos-de-atletismo-que-son-casi-unos-mundiales.html\">en un atardecer c\u00e1lido en la segunda ciudad m\u00e1s poblada de Inglaterra<\/a>, una brisa fresca, fue tan lenta como complicada de interpretar. Dos primeros kil\u00f3metros tras el trote (ritmo de 3.20 el kil\u00f3metro) de la kosovar Gresa Bakra\u00e7i, que despu\u00e9s se retirar\u00e1 vomitando, una aceleraci\u00f3n de la impaciente larguirucha holandesa Maureen Koster (aquella a la que Garc\u00eda, en un final alucinante, le birl\u00f3 el bronce en Roma), y el despertar de la espa\u00f1ola, que hasta entonces viajaba tranquila entre las \u00faltimas del pelot\u00f3n de 23 que, como un fuelle, engordaba y enflaquec\u00eda r\u00edtmicamente, como los corazones de las atletas, s\u00edstole, di\u00e1stole. Battocletti cambi\u00f3 por primera vez a falta de 1.400m. Garc\u00eda, tranquila, entr\u00f3 en el grupo que la persegu\u00eda, cuatro o cinco. Las estudi\u00f3. Las midi\u00f3, Comprob\u00f3 que Koster, la m\u00e1s peligrosa, se hab\u00eda quedado sin balas. Su falta de final la conden\u00f3. Esper\u00f3 su momento. \u201cMe inspir\u00e9 en c\u00f3mo se movi\u00f3 Jakob Ingebrigtsen la v\u00edspera\u201d, dijo luego. \u201cPero tambi\u00e9n imagin\u00e9 que la carrera saldr\u00eda as\u00ed. Lo reflexion\u00e9 mucho con mi entrenador [el alem\u00e1n Thomas Dreissigacker] y en mi cabeza ya ten\u00eda planificado d\u00f3nde tendr\u00eda que estar en cada momento\u201d.<\/p>\n<p class=\"\">Es s\u00e9ptima cuando suena la campana, cuando todas se alteran. No es su momento a\u00fan. El momento lleg\u00f3 a falta de 200m, cuando ya Battocletti ha dado el tir\u00f3n definitivo. Entra en la curva ya segunda, incontenible, uno de sus mejores finales. No alcanza a la italiana. Nadie la alcanza a ella. <\/p>\n<p class=\"\">No llega como favorita. No ha corrido bien en todo el a\u00f1o. Pero el d\u00eda D, la hora H, est\u00e1 d\u00f3nde quiere, c\u00f3mo quiere. \u201cFueron unos meses previos muy raros, pero cuando me vi aqu\u00ed, fui a por todas\u201d, asegura.<\/p>\n<p class=\"\">La segoviana Idaira Prieto, entrenada por su padre, el gran Antonio Prieto, fue novena (15m 44,89s) y la joven onubense Mar\u00eda Forero, de 23 a\u00f1os, que acumula experiencia y conocimiento en cada prueba, termin\u00f3 octava 15m 44,25s) puesto de finalista.<\/p>\n","protected":false},"excerpt":{"rendered":"Marta Garc\u00eda es sabidur\u00eda para moverse por las multitudinarias carreras de fondo y una fuerza que hace so\u00f1ar,&hellip;\n","protected":false},"author":2,"featured_media":706469,"comment_status":"","ping_status":"","sticky":false,"template":"","format":"standard","meta":{"footnotes":""},"categories":[5],"tags":[127068,928,11485,17,18,168,25,24,13,14,11,19,20,26617,9,10,15,16,23,12,21,22],"class_list":["post-706468","post","type-post","status-publish","format-standard","has-post-thumbnail","category-titulares","tag-5000-metros-lisos","tag-atletas","tag-atletismo","tag-breaking-news","tag-breakingnews","tag-deportes","tag-es","tag-espana","tag-featured-news","tag-featurednews","tag-headlines","tag-latest-news","tag-latestnews","tag-marta-garcia-alonso","tag-news","tag-noticias","tag-noticias-destacadas","tag-noticiasdestacadas","tag-spain","tag-titulares","tag-ultimas-noticias","tag-ultimasnoticias"],"share_on_mastodon":{"url":"https:\/\/pubeurope.com\/@es\/117079682850119543","error":""},"_links":{"self":[{"href":"https:\/\/www.europesays.com\/es\/wp-json\/wp\/v2\/posts\/706468","targetHints":{"allow":["GET"]}}],"collection":[{"href":"https:\/\/www.europesays.com\/es\/wp-json\/wp\/v2\/posts"}],"about":[{"href":"https:\/\/www.europesays.com\/es\/wp-json\/wp\/v2\/types\/post"}],"author":[{"embeddable":true,"href":"https:\/\/www.europesays.com\/es\/wp-json\/wp\/v2\/users\/2"}],"replies":[{"embeddable":true,"href":"https:\/\/www.europesays.com\/es\/wp-json\/wp\/v2\/comments?post=706468"}],"version-history":[{"count":0,"href":"https:\/\/www.europesays.com\/es\/wp-json\/wp\/v2\/posts\/706468\/revisions"}],"wp:featuredmedia":[{"embeddable":true,"href":"https:\/\/www.europesays.com\/es\/wp-json\/wp\/v2\/media\/706469"}],"wp:attachment":[{"href":"https:\/\/www.europesays.com\/es\/wp-json\/wp\/v2\/media?parent=706468"}],"wp:term":[{"taxonomy":"category","embeddable":true,"href":"https:\/\/www.europesays.com\/es\/wp-json\/wp\/v2\/categories?post=706468"},{"taxonomy":"post_tag","embeddable":true,"href":"https:\/\/www.europesays.com\/es\/wp-json\/wp\/v2\/tags?post=706468"}],"curies":[{"name":"wp","href":"https:\/\/api.w.org\/{rel}","templated":true}]}}