{"id":706672,"date":"2026-08-12T03:17:13","date_gmt":"2026-08-12T03:17:13","guid":{"rendered":"https:\/\/www.europesays.com\/es\/706672\/"},"modified":"2026-08-12T03:17:13","modified_gmt":"2026-08-12T03:17:13","slug":"de-la-espriella-asume-el-costo-de-la-falta-de-empalme-enfrenta-el-terremoto-sin-director-propio-en-la-gestion-de-desastres","status":"publish","type":"post","link":"https:\/\/www.europesays.com\/es\/706672\/","title":{"rendered":"De la Espriella asume el costo de la falta de empalme: enfrenta el terremoto sin director propio en la gesti\u00f3n de desastres"},"content":{"rendered":"<p class=\"\">El presidente <a href=\"https:\/\/elpais.com\/america-colombia\/2026-08-10\/el-terremoto-en-colombia-un-enorme-primer-desafio-para-abelardo-de-la-espriella.html\" target=\"_self\" rel=\"nofollow noopener\" title=\"https:\/\/elpais.com\/america-colombia\/2026-08-10\/el-terremoto-en-colombia-un-enorme-primer-desafio-para-abelardo-de-la-espriella.html\">Abelardo de la Espriella<\/a> esperaba arrancar su Gobierno esta semana junto a las fuerzas militares para cumplir con su promesa de mano dura, pero el terremoto de magnitud 7,4 que sacudi\u00f3 a Colombia le oblig\u00f3 a cambiar su agenda. Aunque d\u00edas atr\u00e1s anunci\u00f3 a su elegido para dirigir la Unidad Nacional de Gesti\u00f3n de Riesgos y de Desastres (UNGRD), la entidad encargada de reaccionar r\u00e1pidamente para mover equipos y recursos ante terremotos u otras calamidades, no lo ha nombrado oficialmente. A la hora de la emergencia, segu\u00eda al mando <a href=\"https:\/\/elpais.com\/america-colombia\/2022-11-06\/javier-pava-el-encargado-de-enfrentar-la-emergencia-climatica-los-damnificados-ano-tras-ano-siempre-son-los-mismos.html\" target=\"_self\" rel=\"nofollow noopener\" title=\"https:\/\/elpais.com\/america-colombia\/2022-11-06\/javier-pava-el-encargado-de-enfrentar-la-emergencia-climatica-los-damnificados-ano-tras-ano-siempre-son-los-mismos.html\">Javier Pava<\/a>, un experto y amigo cercano del ahora expresidente Gustavo Petro. El petrista fue quien dio la cara ante los medios en los primeros momentos de la emergencia, en un s\u00edmbolo de los problemas administrativos que enfrenta De la Espriella tras una transici\u00f3n tan dif\u00edcil que no tuvo reuniones de empalme \u2014proceso de transici\u00f3n\u2014 en las entidades.<\/p>\n<p class=\"\">En julio, el nuevo mandatario anunci\u00f3 que su elegido para ese cargo es el ge\u00f3logo antioque\u00f1o David Tamayo, quien tiene estudios en gesti\u00f3n de desastres y experiencia en el tema, pues trabaj\u00f3 en la Unidad Municipal de Gesti\u00f3n del Riesgo del municipio de Sabaneta, en el \u00e1rea metropolitana de Medell\u00edn. De la Espriella hizo el anuncio justo despu\u00e9s de reunirse con el gobernador de Antioquia, Andr\u00e9s Juli\u00e1n Rend\u00f3n, y el alcalde de Medell\u00edn, Federico Guti\u00e9rrez, y como parte de un acercamiento al departamento m\u00e1s rico del pa\u00eds, basti\u00f3n de la derecha. Hasta el momento, la Presidencia no ha emitido el decreto de nombramiento de Tamayo, quien, por lo tanto, no puede a\u00fan tomar posesi\u00f3n del cargo, y Pava ha anunciado que dejar\u00e1 su puesto en la noche de este martes. La <a href=\"https:\/\/elpais.com\/america-colombia\/2026-08-10\/el-terremoto-en-colombia-un-enorme-primer-desafio-para-abelardo-de-la-espriella.html\" target=\"_self\" rel=\"nofollow noopener\" title=\"https:\/\/elpais.com\/america-colombia\/2026-08-10\/el-terremoto-en-colombia-un-enorme-primer-desafio-para-abelardo-de-la-espriella.html\">UNGRD est\u00e1 al borde de quedar en la interinidad.<\/a><\/p>\n<p class=\"\">No es todo. Tamayo llegar\u00eda con el enorme reto de preparar a Colombia para el esperado fen\u00f3meno de El Ni\u00f1o. La har\u00eda a pesar de nunca reunirse, ni \u00e9l, ni miembros de su futuro equipo, con la administraci\u00f3n saliente de la entidad. Los gobiernos entrante y saliente, <a href=\"https:\/\/elpais.com\/america-colombia\/2026-08-07\/la-tensa-transicion-de-petro-a-de-la-espriella-contrataciones-a-ultimo-minuto-lluvia-de-denuncias-y-enfrentamientos-entre-ministros.html\" target=\"_self\" rel=\"nofollow noopener\" title=\"https:\/\/elpais.com\/america-colombia\/2026-08-07\/la-tensa-transicion-de-petro-a-de-la-espriella-contrataciones-a-ultimo-minuto-lluvia-de-denuncias-y-enfrentamientos-entre-ministros.html\">en las ant\u00edpodas ideol\u00f3gicas<\/a> y fuertes cr\u00edticos del otro, chocaron por la l\u00f3gica y significado de esos encuentros, hasta el punto de no realizarlos.<\/p>\n<p class=\"\">\u201cEl problema de no hacer empalme es que no saben lo que reciben, no saben qu\u00e9 est\u00e1 funcionando, no saben si reciben la entidad como una tacita de t\u00e9 o si todo les va a parecer una porquer\u00eda\u201d, dice <a href=\"https:\/\/elpais.com\/america-colombia\/2026-04-16\/carlos-carrillo-lidera-la-resistencia-en-la-izquierda-al-nombramiento-de-daniel-quintero-en-el-gobierno-es-un-yerro-enorme.html\" target=\"_self\" rel=\"nofollow noopener\" title=\"https:\/\/elpais.com\/america-colombia\/2026-04-16\/carlos-carrillo-lidera-la-resistencia-en-la-izquierda-al-nombramiento-de-daniel-quintero-en-el-gobierno-es-un-yerro-enorme.html\">Carlos Carrillo, director de la UNGRD de marzo de 2024 a junio de 2026<\/a>, durante el Gobierno Petro. \u201cEs muy duro para el nuevo director. La UNGRD es una entidad enorme, casi ingobernable, y muy reactiva: debe estar respondiendo todos los d\u00edas a algo, porque todos los d\u00edas pasa algo, y eso hace dif\u00edcil solucionar los problemas estructurales. Otro de los grandes desaf\u00edos es que hay un cartel de la corrupci\u00f3n enquistado ah\u00ed, que responde a congresistas y clanes pol\u00edticos\u201d, a\u00f1ade el pol\u00edtico de izquierda. <\/p>\n<p class=\"\">El reto de la corrupci\u00f3n no es menor, pues el mayor esc\u00e1ndalo del Gobierno Petro ocurri\u00f3 en esa entidad antes de Carrillo. La dirig\u00eda <a href=\"https:\/\/elpais.com\/america-colombia\/2026-05-20\/olmedo-lopez-se-declara-culpable-de-participar-en-la-trama-de-corrupcion-de-la-ungrd.html\" target=\"_self\" rel=\"nofollow noopener\" title=\"https:\/\/elpais.com\/america-colombia\/2026-05-20\/olmedo-lopez-se-declara-culpable-de-participar-en-la-trama-de-corrupcion-de-la-ungrd.html\">Olmedo L\u00f3pez<\/a>, viejo aliado del expresidente Petro. Justamente, cuando De la Espriella anunci\u00f3 a Tamayo le pidi\u00f3 \u201climpiar ese nido de bandidos que se tom\u00f3 esa instituci\u00f3n\u201d. <\/p>\n<p class=\"\">Carrillo cuenta que, en los dos meses que lleva Pava en la UNGRD, se fueron los subdirectores de la entidad, adem\u00e1s de otros funcionarios que no son de carrera. Con el equipo directivo ya desmantelado, Tamayo enfrentar\u00e1 una cuesta a\u00fan m\u00e1s empinada para entender el estado de la instituci\u00f3n y poner en marcha los programas urgentes tras un terremoto que <a href=\"https:\/\/elpais.com\/america-colombia\/2026-08-11\/los-carros-bailaron-y-la-tierra-rugio.html\" target=\"_self\" rel=\"nofollow noopener\" title=\"https:\/\/elpais.com\/america-colombia\/2026-08-11\/los-carros-bailaron-y-la-tierra-rugio.html\">deja por lo menos dos centenares de muertos<\/a> y da\u00f1os materiales y econ\u00f3micos a\u00fan por calcular. <\/p>\n<p class=\"\">\u201cTuve la impresi\u00f3n de que est\u00e1n improvisando, porque no siguen los protocolos\u201d, a\u00f1ade Carrillo, quien es cr\u00edtico del nuevo Ejecutivo. \u201cEso de dividirse el pa\u00eds por regiones no se hace, pues todo se centra en el PMU de Bogot\u00e1, por eso se llama Puesto de Mando Unificado. Vi una primera foto con muchas corbatas cuando habl\u00f3 el presidente, cuando all\u00ed deb\u00eda aparecer m\u00e1s bien la Fuerza Aerospacial Colombiana, el comandante de la brigada de atenci\u00f3n de desastres del Ej\u00e9rcito, las cabezas de la Defensa Civil, los Bomberos, la Cruz Roja\u201d, explica.<\/p>\n<p class=\"\">En ese primer comunicado desde el PMU de Bogot\u00e1, acompa\u00f1aban al mandatario su vicepresidente, Jos\u00e9 Manuel Restrepo, y sus ministros del Interior y de Vivienda. Tambi\u00e9n estaba <a href=\"https:\/\/elpais.com\/america-colombia\/2026-08-07\/quien-es-quien-en-el-gabinete-de-abelardo-de-la-espriella.html\" target=\"_self\" rel=\"nofollow noopener\" title=\"https:\/\/elpais.com\/america-colombia\/2026-08-07\/quien-es-quien-en-el-gabinete-de-abelardo-de-la-espriella.html\">Carlos R\u00edos, director del Departamento Administrativo de la Presidencia de la Rep\u00fablica<\/a> (DAPRE), uno de los cargos m\u00e1s importantes del Ejecutivo. R\u00edos fue gerente de la campa\u00f1a de De la Espriella y justo antes dirigi\u00f3 el Departamento Administrativo de Gesti\u00f3n del Riesgo y de Desastres de Antioquia, de la mano del uribista Rend\u00f3n. Ese es un punto positivo para De la Espriella: la mano derecha del presidente entiende el reto de la entidad que asume los terremotos, y puede tomar la delantera. <\/p>\n<p class=\"\">En todo caso, al reto de la falta de empalme se ha sumado el de la ubicaci\u00f3n geogr\u00e1fica del presidente. De la Espriella estaba en <a href=\"https:\/\/elpais.com\/america-colombia\/2026-08-02\/barranquilla-se-emociona-ante-el-proyecto-de-de-la-espriella-de-convertirla-en-capital-alterna-de-colombia.html\" target=\"_self\" rel=\"nofollow noopener\" title=\"https:\/\/elpais.com\/america-colombia\/2026-08-02\/barranquilla-se-emociona-ante-el-proyecto-de-de-la-espriella-de-convertirla-en-capital-alterna-de-colombia.html\">Barranquilla<\/a> en la ma\u00f1ana del lunes, cuando ocurri\u00f3 el desastre, prueba de su intenci\u00f3n de gobernar desde fuera de la capital. Su agenda del d\u00eda pasaba por visitar el departamento caribe\u00f1o de La Guajira, pero debi\u00f3 cancelar esa agenda para viajar a Bogot\u00e1 para reunirse presencialmente con los directores, ministros y las cabezas de otras instituciones necesarias, para activarse en medio de una emergencia. Es all\u00ed, en las oficinas de la UNGRD en Bogot\u00e1, donde est\u00e1 la sala de crisis nacional que centraliza la informaci\u00f3n de los consejos departamentales de gesti\u00f3n de riesgo, y donde el Gobierno debe aterrizar. Desde d\u00f3nde deber\u00eda organizar la comunicaci\u00f3n de la emergencia, las ayudas necesarias, las cifras del desastre. M\u00e1s de 24 horas despu\u00e9s del sismo, no hay a\u00fan una cifra unificada y comunicada de forma p\u00fablica sobre ello, m\u00e1s all\u00e1 de los discursos puntuales del presidente frente a las c\u00e1maras.<\/p>\n","protected":false},"excerpt":{"rendered":"El presidente Abelardo de la Espriella esperaba arrancar su Gobierno esta semana junto a las fuerzas militares para&hellip;\n","protected":false},"author":2,"featured_media":706673,"comment_status":"","ping_status":"","sticky":false,"template":"","format":"standard","meta":{"footnotes":""},"categories":[42],"tags":[74053,889,17,18,1803,767,13,14,11,61,62,63,64,19,20,1804,9,10,15,16,126773,12,21,22,127113,65,66,67],"class_list":["post-706672","post","type-post","status-publish","format-standard","has-post-thumbnail","category-internacional","tag-abelardo-de-la-espriella","tag-america","tag-breaking-news","tag-breakingnews","tag-colombia","tag-corrupcion","tag-featured-news","tag-featurednews","tag-headlines","tag-internacional","tag-international","tag-international-news","tag-internationalnews","tag-latest-news","tag-latestnews","tag-latinoamerica","tag-news","tag-noticias","tag-noticias-destacadas","tag-noticiasdestacadas","tag-terremoto-colombia-2026","tag-titulares","tag-ultimas-noticias","tag-ultimasnoticias","tag-ungrd","tag-world","tag-world-news","tag-worldnews"],"share_on_mastodon":{"url":"","error":"Validation failed: Text character limit of 500 exceeded"},"_links":{"self":[{"href":"https:\/\/www.europesays.com\/es\/wp-json\/wp\/v2\/posts\/706672","targetHints":{"allow":["GET"]}}],"collection":[{"href":"https:\/\/www.europesays.com\/es\/wp-json\/wp\/v2\/posts"}],"about":[{"href":"https:\/\/www.europesays.com\/es\/wp-json\/wp\/v2\/types\/post"}],"author":[{"embeddable":true,"href":"https:\/\/www.europesays.com\/es\/wp-json\/wp\/v2\/users\/2"}],"replies":[{"embeddable":true,"href":"https:\/\/www.europesays.com\/es\/wp-json\/wp\/v2\/comments?post=706672"}],"version-history":[{"count":0,"href":"https:\/\/www.europesays.com\/es\/wp-json\/wp\/v2\/posts\/706672\/revisions"}],"wp:featuredmedia":[{"embeddable":true,"href":"https:\/\/www.europesays.com\/es\/wp-json\/wp\/v2\/media\/706673"}],"wp:attachment":[{"href":"https:\/\/www.europesays.com\/es\/wp-json\/wp\/v2\/media?parent=706672"}],"wp:term":[{"taxonomy":"category","embeddable":true,"href":"https:\/\/www.europesays.com\/es\/wp-json\/wp\/v2\/categories?post=706672"},{"taxonomy":"post_tag","embeddable":true,"href":"https:\/\/www.europesays.com\/es\/wp-json\/wp\/v2\/tags?post=706672"}],"curies":[{"name":"wp","href":"https:\/\/api.w.org\/{rel}","templated":true}]}}