{"id":706788,"date":"2026-08-12T04:59:12","date_gmt":"2026-08-12T04:59:12","guid":{"rendered":"https:\/\/www.europesays.com\/es\/706788\/"},"modified":"2026-08-12T04:59:12","modified_gmt":"2026-08-12T04:59:12","slug":"naia-amondarain-correr-el-tour-ha-sido-un-sueno-habia-un-gentio","status":"publish","type":"post","link":"https:\/\/www.europesays.com\/es\/706788\/","title":{"rendered":"Naia Amondarain: \u00abCorrer el Tour ha sido un sue\u00f1o; hab\u00eda un gent\u00edo\u00bb"},"content":{"rendered":"<p style=\"\">Naia Amondarain (Ibarra, 2001) acab\u00f3 el domingo en Niza su primer Tour de Francia, una experiencia que define como \u00abincre\u00edble\u00bb pese a la dureza de  &#8230; la carrera. La ciclista del Laboral Kutxa ha vivido en primera persona una de las grandes citas del ciclismo mundial, rodeada del apoyo de su familia, sus amigas y sus compa\u00f1eras. Tras cumplir uno de sus grandes sue\u00f1os deportivos, mira hacia el final de temporada con la intenci\u00f3n de mantener el nivel y seguir creciendo como corredora.<\/p>\n<p class=\"v-d-p\" style=\"\"><strong>\u2013 Acaba de terminar su primer Tour. \u00bfC\u00f3mo lo ha vivido?<\/strong><\/p>\n<p class=\"v-d-p\" style=\"\">\u2013 Ha sido una experiencia muy bonita, un sue\u00f1o. Ha sido una carrera dur\u00edsima. Por algo dicen que el Tour es el Tour, pero la verdad es que la experiencia ha sido incre\u00edble. He disfrutado much\u00edsimo viendo a la gente anim\u00e1ndonos. Hab\u00eda un gent\u00edo.<\/p>\n<p class=\"v-d-p\" style=\"\"><strong>\u2013 A nivel personal, \u00bfc\u00f3mo es afrontar una prueba tan importante en el mundo del ciclismo?<\/strong><\/p>\n<p class=\"v-d-p\" style=\"\">\u2013 Antes de la competici\u00f3n ya dije que para m\u00ed era un sue\u00f1o. No voy a decir que desde peque\u00f1a, porque cuando empec\u00e9 en la bici desgraciadamente no hab\u00eda Tour femenino. Pero desde que volvi\u00f3 a celebrarse, s\u00ed que ha sido un sue\u00f1o para m\u00ed estar en la mejor carrera del mundo. Cuando me dijeron que estar\u00eda ah\u00ed, la verdad es que estuve muy emocionada y orgullosa de m\u00ed misma.<\/p>\n<p class=\"v-d-p\" style=\"\"><strong>\u2013 Destacaba la presencia de aficionados en las carreteras&#8230;<\/strong><\/p>\n<p class=\"v-d-p\" style=\"\">\u2013 Me acuerdo que el primer d\u00eda, cuando empezamos, me qued\u00e9 alucinada. La mayor\u00eda de mis compa\u00f1eras ya hab\u00edan vivido lo que era el Tour y a ellas no les sorprendi\u00f3 tanto. Yo las miraba diciendo: &#8216;\u00bfhay otra carrera como \u00e9sta?&#8217; He tratado tambi\u00e9n de disfrutarlo al m\u00e1ximo. Tanto en las llegadas como en los puertos hab\u00eda much\u00edsima gente, hasta el punto de que no escuchabas ni tu propia respiraci\u00f3n. La verdad es que ha sido incre\u00edble.<\/p>\n<p class=\"v-d-p\" style=\"\"><strong>\u2013 \u00bfY la familia y los amigos?<\/strong><\/p>\n<p class=\"v-d-p\" style=\"\">\u2013 He estado con mis padres y mi hermana durante todo el Tour. Tambi\u00e9n con los familiares de las compa\u00f1eras, que han hecho un grupo muy bonito para apoyarnos. Tampoco han faltado mis amigas de la cuadrilla. As\u00ed que han sido d\u00edas muy bonitos y hemos compartido mucho con ellas. Como siempre digo, todo lo que estoy consiguiendo tambi\u00e9n es gracias a ellos, que me dan mucho apoyo en el d\u00eda a d\u00eda.<\/p>\n<p class=\"v-d-p\" style=\"\"><strong>\u2013 \u00bfAlg\u00fan momento remarcable junto a tus familiares y compa\u00f1eras?<\/strong><\/p>\n<p class=\"v-d-p\" style=\"\">\u2013 Me acuerdo que durante el quinto d\u00eda, que fue una etapa muy dura y en la que hab\u00eda puertos exigentes, me encontr\u00e9 con mis padres. De tanto ruido que hab\u00eda, no pod\u00edamos ni escuchar nuestra respiraci\u00f3n, pero hubo un momento en el que cruzamos miradas y fue una sensaci\u00f3n indescriptible que se me ha quedado en la memoria.<\/p>\n<p class=\"v-d-p\" style=\"\"><strong>\u2013 Volviendo a los inicios, \u00bfc\u00f3mo se inici\u00f3 en el ciclismo?<\/strong><\/p>\n<p class=\"v-d-p\" style=\"\">\u2013 Todo empez\u00f3 por mi hermana, que es tres a\u00f1os mayor que yo. Adem\u00e1s, mi padre andaba siempre con la bici, compitiendo con la mountain bike. Siempre he tenido el recuerdo de cuando \u00edbamos de vacaciones con las bicis, haciendo rutas. Mi hermana empez\u00f3 con la bici de carretera a competir y siempre desde peque\u00f1a he seguido un poco todo lo que hac\u00eda. Empec\u00e9 a ir a ver sus carreras y, al a\u00f1o siguiente, yo tambi\u00e9n quer\u00eda probar. Por eso tambi\u00e9n ha sido especial tener a mi hermana ahora aqu\u00ed, porque gracias a ella he llegado hasta donde estoy.<\/p>\n<p class=\"v-a-p-t\">\nInicios\n<\/p>\n<p class=\"v-a-t\">\n\u00abMi padre siempre estaba con la mountain bike y mi hermana comenz\u00f3 a competir. Empec\u00e9 por ellos\u00bb\n<\/p>\n<p class=\"v-d-p\" style=\"\"><strong>\u2013 \u00bfY c\u00f3mo se profesionaliz\u00f3?<\/strong><\/p>\n<p class=\"v-d-p\" style=\"\">\u2013 Tengo muy buenos recuerdos tanto del club de Tolosa como de Sopela. Siempre nos dijeron que, al final, aquello no era un equipo profesional, sino un equipo de desarrollo para hacernos crecer. Siempre digo que tuve much\u00edsima suerte de estar rodeada de gente muy buena, que siempre cre\u00eda en lo mejor para nosotros: tanto el director como todo el staff y toda la directiva del equipo, y luego tambi\u00e9n las compa\u00f1eras. La verdad es que tengo unos recuerdos incre\u00edbles. Fueron a\u00f1os en los que aprend\u00ed much\u00edsimo y est\u00e1 claro que tambi\u00e9n es gracias a ellos que ahora estoy aqu\u00ed.<\/p>\n<p class=\"v-d-p\" style=\"\"><strong>\u2013 Despu\u00e9s lleg\u00f3 a Laboral Kutxa, donde est\u00e1 actualmente.<\/strong><\/p>\n<p class=\"v-d-p\" style=\"\">\u2013 El equipo del Laboral Kutxa empez\u00f3 a crecer poco a poco en estos \u00faltimos a\u00f1os y cuando yo estaba en Sopela se hicieron equipo continental tambi\u00e9n y, al final, ten\u00edamos pr\u00e1cticamente el mismo calendario. Luego recib\u00ed la llamada de ellos diciendo que ten\u00edan intenci\u00f3n de llevar el proyecto todav\u00eda m\u00e1s lejos, dar otro paso m\u00e1s, y por eso decid\u00ed tambi\u00e9n fichar por ellos. Para m\u00ed tambi\u00e9n ha sido todo algo que ha ido progresivamente cambiando. Tampoco he vivido igual, quiz\u00e1s, el salto que ahora mismo viven las compa\u00f1eras m\u00e1s j\u00f3venes que saltan al Laboral Kutxa. Ha sido todo un poco m\u00e1s progresivo y, en parte, tambi\u00e9n agradezco eso. Fue poco a poco: empezar a hacer carreras m\u00e1s grandes y profesionalizarme, que al final es mi trabajo y me dedico a ello.<\/p>\n<p class=\"v-d-p\" style=\"\"><strong>\u2013 Ha mencionado carreras grandes, como el Giro. El a\u00f1o pasado debut\u00f3, pero no pudo terminarlo. Este a\u00f1o ha ido mejor, \u00bfno?<\/strong><\/p>\n<p class=\"v-d-p\" style=\"\">\u2013 El Giro es una de mis carreras favoritas, de las que me han gustado much\u00edsimo. Cuando empec\u00e9 a competir en la categor\u00eda \u00e9lite, era la \u00fanica gran vuelta que hab\u00eda. Me acuerdo de intentar buscar informaci\u00f3n porque no hab\u00eda redes sociales y mucho menos se pod\u00eda seguir la carrera en directo. Me acuerdo de buscar con mi hermana en Facebook c\u00f3mo iba la carrera y siempre le dec\u00eda que me gustar\u00eda competir en el Giro. El a\u00f1o pasado tuve la oportunidad y disfrut\u00e9 mucho. En la quinta etapa tuve dos ca\u00eddas, una de ellas bastante fea. Al d\u00eda siguiente decidimos no salir. Hablamos con el m\u00e9dico y lo hicimos con bastante rabia. Este a\u00f1o he podido volver a Italia y he disfrutado mucho. Tambi\u00e9n me he quitado esa sensaci\u00f3n que se me qued\u00f3 del a\u00f1o pasado.<\/p>\n<p class=\"v-d-p\" style=\"\"><strong>\u2013 \u00bfC\u00f3mo ve el futuro?<\/strong><\/p>\n<p class=\"v-d-p\" style=\"\">\u2013 Ahora estoy en casa y estoy pensando en descansar, pero todav\u00eda nos quedan algunas carreras. Me gustar\u00eda terminar la temporada en el mejor nivel posible. Me encuentro con ganas y estoy motivada para entrenar. Me da muchas ganas y motivaci\u00f3n. Voy a intentar terminar la temporada lo mejor posible.<\/p>\n","protected":false},"excerpt":{"rendered":"Naia Amondarain (Ibarra, 2001) acab\u00f3 el domingo en Niza su primer Tour de Francia, una experiencia que define&hellip;\n","protected":false},"author":2,"featured_media":706789,"comment_status":"","ping_status":"","sticky":false,"template":"","format":"standard","meta":{"footnotes":""},"categories":[273],"tags":[313,30597,312,168,25,24,127123,23,167,3466,316],"class_list":["post-706788","post","type-post","status-publish","format-standard","has-post-thumbnail","category-ciclismo","tag-ciclismo","tag-correr","tag-cycling","tag-deportes","tag-es","tag-espana","tag-gentio","tag-spain","tag-sports","tag-sueno","tag-tour"],"share_on_mastodon":{"url":"https:\/\/pubeurope.com\/@es\/117080776002299045","error":""},"_links":{"self":[{"href":"https:\/\/www.europesays.com\/es\/wp-json\/wp\/v2\/posts\/706788","targetHints":{"allow":["GET"]}}],"collection":[{"href":"https:\/\/www.europesays.com\/es\/wp-json\/wp\/v2\/posts"}],"about":[{"href":"https:\/\/www.europesays.com\/es\/wp-json\/wp\/v2\/types\/post"}],"author":[{"embeddable":true,"href":"https:\/\/www.europesays.com\/es\/wp-json\/wp\/v2\/users\/2"}],"replies":[{"embeddable":true,"href":"https:\/\/www.europesays.com\/es\/wp-json\/wp\/v2\/comments?post=706788"}],"version-history":[{"count":0,"href":"https:\/\/www.europesays.com\/es\/wp-json\/wp\/v2\/posts\/706788\/revisions"}],"wp:featuredmedia":[{"embeddable":true,"href":"https:\/\/www.europesays.com\/es\/wp-json\/wp\/v2\/media\/706789"}],"wp:attachment":[{"href":"https:\/\/www.europesays.com\/es\/wp-json\/wp\/v2\/media?parent=706788"}],"wp:term":[{"taxonomy":"category","embeddable":true,"href":"https:\/\/www.europesays.com\/es\/wp-json\/wp\/v2\/categories?post=706788"},{"taxonomy":"post_tag","embeddable":true,"href":"https:\/\/www.europesays.com\/es\/wp-json\/wp\/v2\/tags?post=706788"}],"curies":[{"name":"wp","href":"https:\/\/api.w.org\/{rel}","templated":true}]}}