{"id":706830,"date":"2026-08-12T05:38:12","date_gmt":"2026-08-12T05:38:12","guid":{"rendered":"https:\/\/www.europesays.com\/es\/706830\/"},"modified":"2026-08-12T05:38:12","modified_gmt":"2026-08-12T05:38:12","slug":"el-brote-de-ebola-en-la-republica-democratica-del-congo-deja-ya-cerca-de-2-000-muertos-el-salto","status":"publish","type":"post","link":"https:\/\/www.europesays.com\/es\/706830\/","title":{"rendered":"El brote de \u00e9bola en la Rep\u00fablica Democr\u00e1tica del Congo deja ya cerca de 2.000 muertos &#8211; El Salto"},"content":{"rendered":"<p>La epidemia de \u00e9bola en la<a href=\"https:\/\/www.elsaltodiario.com\/congo\" target=\"_blank\" data-phx-link=\"redirect\" data-phx-link-state=\"push\" rel=\"nofollow noopener\"> Rep\u00fablica Democr\u00e1tica del Congo<\/a> (RDC) contin\u00faa avanzando a pesar de no ocupar portadas en los medios de comunicaci\u00f3n. Se trata del peor brote de \u00e9bola registrado en el pa\u00eds y el de propagaci\u00f3n m\u00e1s r\u00e1pida del que se tiene constancia en el mundo. A fecha de 8 de agosto, y seg\u00fan el Instituto Nacional de Salud P\u00fablica de la RDC agosto se hab\u00edan registrado m\u00e1s de 4.000 casos <a href=\"https:\/\/x.com\/Com_mediasRDC\/status\/2086836846923862362\/photo\/3\" rel=\"nofollow\">y 1.960 fallecimientos<\/a> a causa de este brote cuya cepa \u2014Bundibugyo \u2014 a\u00fan no tiene vacuna.\u00a0La letalidad, seg\u00fan los organismos oficiales del pa\u00eds es del 45,6%. De las casi 2.000 muertes confirmadas por la enfermedad unas 300 son de menores En ni\u00f1os y ni\u00f1as, la tasa de letalidad de la enfermedad es m\u00e1s del doble que la de los adultos.\u00a0<\/p>\n<p>  <img alt=\"\u00c9bola Congo\" class=\"card-img-top figure-img\" \/><\/p>\n<p>\n        Situaci\u00f3n geogr\u00e1fica del brote de \u00e9bola en la Rep\u00fablica Democr\u00e1tica del Congo. Fuente: Ministerio de Comunicaci\u00f3n y Medios de la RDC. <\/p>\n<p>Ya cuando se declar\u00f3 de manera oficial, el 15 de mayo,\u00a0el director general de la OMS, Tedros Adhanom Ghebreyesus, asegur\u00f3 que la situaci\u00f3n empeorar\u00eda \u201cantes de mejorar\u201d. El contagio fue declarado, desde el primer momento,\u00a0Emergencia de Salud P\u00fablica de Importancia Internacional (PHEIC, por sus siglas en ingl\u00e9s). En aquel momento el director de la OMS se refiri\u00f3 al brote como\u00a0\u201cextremadamente grave y dif\u00edcil\u201d.<\/p>\n<p>Una situaci\u00f3n sin precedentes<br \/>Ante esta situaci\u00f3n, la Organizaci\u00f3n Mundial de la Salud (OMS) ha vuelto a advertir sobre la peligrosidad de que la enfermedad \u2014que empez\u00f3 a circular en febrero pero se confirm\u00f3 a mediados de mayo\u2014 <a href=\"https:\/\/www.elsaltodiario.com\/congo\/ebola-avanza-control-republica-democratica-del-congo\" target=\"_blank\" data-phx-link=\"redirect\" data-phx-link-state=\"push\" rel=\"nofollow noopener\">se contin\u00fae expandiendo<\/a>. Preocupa en la OMS la velocidad de propagaci\u00f3n y el alcance de la enfermedad, ya que tambi\u00e9n se han dado casos en la vecina Uganda, donde s\u00ed se ha conseguido controlar el brote.<\/p>\n<blockquote><p>El pa\u00eds tiene que hacer frente a esta nueva epidemia en un contexto de ataques armados, violencia cruzada entre el ej\u00e9rcito congole\u00f1o y los grupos rebeldes <\/p><\/blockquote>\n<p>Los Centros para el Control y la Prevenci\u00f3n de Enfermedades de \u00c1frica (CDC de \u00c1frica) y la OMS <a href=\"https:\/\/www.who.int\/es\/news\/item\/06-08-2026-africa-cdc-and-who-call-for-urgent--community-led-action-to-contain-ebola-in-the-drc\" rel=\"nofollow noopener\" target=\"_blank\">han pedido<\/a> que se intensifique urgentemente la respuesta al brote. A mediados de mayo, la Uni\u00f3n Africana (UA) prometi\u00f3 destinar casi 429 millones de euros para reforzar las medidas de respuesta en la regi\u00f3n afectada por este brote; pero lo cierto es que el recorte masivo de ayuda al desarrollo de los \u00faltimos a\u00f1os \u2014una medida liderada por el presidente estadounidense Donald Trump\u2014 ha empobrecido a\u00fan m\u00e1s a una poblaci\u00f3n ya muy golpeada por la pobreza y <a href=\"https:\/\/www.elsaltodiario.com\/congo\/estabilidad-aparente-sufrimiento-real-poblacion-civil-sigue-atrapada-conflicto-del-del-congo\" target=\"_blank\" data-phx-link=\"redirect\" data-phx-link-state=\"push\" rel=\"nofollow noopener\">la guerra<\/a>.\u00a0<\/p>\n<p>El pa\u00eds tiene que hacer frente a esta nueva epidemia en un contexto de ataques armados, violencia cruzada entre el ej\u00e9rcito congole\u00f1o y los grupos rebeldes e importantes recortes en materia de ayuda humanitaria. Los desplazamientos\u00a0forzados \u2014desde principios de a\u00f1o 400.000 personas han sido <a href=\"https:\/\/news.un.org\/es\/story\/2025\/01\/1535986\" target=\"_blank\" rel=\"nofollow noopener\">desplazadas forzosamente<\/a> en la regi\u00f3n de Kivu (y en\u00a02025, casi 7 millones de personas viv\u00edan como desplazadas internas en las provincias de Ituri, Kivu del Norte, Kivu del Sur y Tanganyika)\u2014, la violencia sexual contra mujeres y ni\u00f1as como arma de guerra o la limitaci\u00f3n de la movilidad forman parte del d\u00eda a d\u00eda de una poblaci\u00f3n ya empobrecida, vulnerada y vulnerable.\u00a0 Una poblaci\u00f3n, adem\u00e1s, que vive en\u00a0zonas donde tambi\u00e9n conviven otras enfermedades como la malaria o las afectaciones gastrointestinales.<\/p>\n<p>Los organismos internacionales y facultativos locales tambi\u00e9n tienen puesto el ojo en otra vertiente igual de alarmante: la posible mutaci\u00f3n del virus; una situaci\u00f3n que podr\u00eda empeorar dr\u00e1sticamente la situaci\u00f3n, seg\u00fan la OMS, quien ha detectado que la mayor\u00eda de personas que fallecen del virus lo hacen en sus hogares, no en los hospitales. Eso indica que podr\u00eda haber decenas de miles de casos no detectados y la cifra de contagios podr\u00eda ser muy superior a la que se maneja. De ah\u00ed que los organismos competentes est\u00e9n pensando en llevar a cabo modificaciones en los sistemas de rastreo y control de la transmisi\u00f3n y est\u00e9n probando vacunas de otras cepas para con esta.<\/p>\n<p>Otros servicios de salud afectados<\/p>\n<p>La actual epidemia est\u00e1 teniendo tambi\u00e9n efectos catastr\u00f3ficos en otros \u00e1mbitos de la salud, como el acceso a la vacunaci\u00f3n infantil o los partos en los centros m\u00e9dicos, que se han reducido un 13% en toda la provincia y hasta un 70% en algunos departamentos, como en Nizi. En la regi\u00f3n de Ituri, epicentro del contagio y donde se concentran el 90% de los casos, \u201cel uso de los servicios esenciales de salud cay\u00f3 un 42%\u201d, reportan desde UNICEF. El descenso en el uso de los centros sanitarios por parte de la poblaci\u00f3n tiene que ver con el miedo al contagio y la interrupci\u00f3n de los servicios. En esta zona, seg\u00fan la organizaci\u00f3n, preocupa que \u201cla vacunaci\u00f3n infantil sistem\u00e1tica se haya reducido en m\u00e1s de la mitad\u201d, ya que puede tener consecuencias fatales a medio y largo plazo.<\/p>\n<p>Para intentar paliar la situaci\u00f3n, los organismos m\u00e9dicos que intentan gestionar este brote est\u00e1n trabajando con agentes comunitarios y l\u00edderes locales en un intento de contener la epidemia dentro de las comunidades y minimizar el efecto domin\u00f3 que se est\u00e1 produciendo en todo el sistema sanitario.\u00a0<\/p>\n","protected":false},"excerpt":{"rendered":"La epidemia de \u00e9bola en la Rep\u00fablica Democr\u00e1tica del Congo (RDC) contin\u00faa avanzando a pesar de no ocupar&hellip;\n","protected":false},"author":2,"featured_media":706831,"comment_status":"","ping_status":"","sticky":false,"template":"","format":"standard","meta":{"footnotes":""},"categories":[92],"tags":[127130,25,24,4975,165,166,23],"class_list":["post-706830","post","type-post","status-publish","format-standard","has-post-thumbnail","category-salud","tag-actualidad-africana","tag-es","tag-espana","tag-global","tag-health","tag-salud","tag-spain"],"share_on_mastodon":{"url":"https:\/\/pubeurope.com\/@es\/117080929906299276","error":""},"_links":{"self":[{"href":"https:\/\/www.europesays.com\/es\/wp-json\/wp\/v2\/posts\/706830","targetHints":{"allow":["GET"]}}],"collection":[{"href":"https:\/\/www.europesays.com\/es\/wp-json\/wp\/v2\/posts"}],"about":[{"href":"https:\/\/www.europesays.com\/es\/wp-json\/wp\/v2\/types\/post"}],"author":[{"embeddable":true,"href":"https:\/\/www.europesays.com\/es\/wp-json\/wp\/v2\/users\/2"}],"replies":[{"embeddable":true,"href":"https:\/\/www.europesays.com\/es\/wp-json\/wp\/v2\/comments?post=706830"}],"version-history":[{"count":0,"href":"https:\/\/www.europesays.com\/es\/wp-json\/wp\/v2\/posts\/706830\/revisions"}],"wp:featuredmedia":[{"embeddable":true,"href":"https:\/\/www.europesays.com\/es\/wp-json\/wp\/v2\/media\/706831"}],"wp:attachment":[{"href":"https:\/\/www.europesays.com\/es\/wp-json\/wp\/v2\/media?parent=706830"}],"wp:term":[{"taxonomy":"category","embeddable":true,"href":"https:\/\/www.europesays.com\/es\/wp-json\/wp\/v2\/categories?post=706830"},{"taxonomy":"post_tag","embeddable":true,"href":"https:\/\/www.europesays.com\/es\/wp-json\/wp\/v2\/tags?post=706830"}],"curies":[{"name":"wp","href":"https:\/\/api.w.org\/{rel}","templated":true}]}}