{"id":707228,"date":"2026-08-12T10:49:18","date_gmt":"2026-08-12T10:49:18","guid":{"rendered":"https:\/\/www.europesays.com\/es\/707228\/"},"modified":"2026-08-12T10:49:18","modified_gmt":"2026-08-12T10:49:18","slug":"nuevo-incidente-por-el-sobrevuelo-de-un-dron-en-un-aeropuerto-aleman","status":"publish","type":"post","link":"https:\/\/www.europesays.com\/es\/707228\/","title":{"rendered":"Nuevo incidente por el sobrevuelo de un dron en un aeropuerto alem\u00e1n"},"content":{"rendered":"<p>    <img src=\"https:\/\/www.europesays.com\/es\/wp-content\/uploads\/2026\/08\/2026-08-12T083A093A51Z-91883943.jpg\" width=\"1024\" height=\"682\" alt=\"\" loading=\"eager\" decoding=\"sync\" fetchpriority=\"high\"\/><\/p>\n<p>            afp_tickers        <\/p>\n<p>        Este contenido fue publicado en    <\/p>\n<p>        12 agosto 2026 &#8211; 10:09\n<\/p>\n<p>Un nuevo incidente con un dron afect\u00f3 un aeropuerto alem\u00e1n, esta vez en Han\u00f3ver, confirm\u00f3 la polic\u00eda este martes, una semana despu\u00e9s del hallazgo de un aparato explosivo en una importante terminal log\u00edstica y militar.<\/p>\n<p>Las pistas del aeropuerto de Langenhagen, situado al norte de esta ciudad del centro de Alemania, permanecieron cerradas durante 90 minutos en la madrugada del martes, tras lo cual el tr\u00e1fico a\u00e9reo se reanud\u00f3 con normalidad, indic\u00f3 una portavoz de la infraestructura a la AFP.<\/p>\n<p>Una portavoz de la polic\u00eda local dijo que hab\u00edan iniciado una investigaci\u00f3n por \u00abel sobrevuelo de un dron\u00bb, pero no dio m\u00e1s detalles \u00abpara no comprometer\u00bb las pesquisas.<\/p>\n<p>El semanario Der Spiegel, que inform\u00f3 inicialmente sobre el incidente bas\u00e1ndose en un informe interno de la polic\u00eda, se\u00f1ala que \u00abno se puede descartar una actividad h\u00edbrida\u00bb.<\/p>\n<p>Las autoridades alemanas califican como \u00abataque h\u00edbrido\u00bb un amplio espectro de incidentes -sabotaje, espionaje y desestabilizaci\u00f3n- que se multiplican desde el inicio de la guerra en Ucrania y que, en su mayor\u00eda, se atribuyen a Rusia.<\/p>\n<p>Seg\u00fan Der Spiegel, el hecho de que el dron lograra desplazarse libremente durante unas dos horas sin ser detectado por la polic\u00eda hace pensar que no se trata de un aparato convencional de los que se encuentran en el mercado.<\/p>\n<p>La semana pasada, las autoridades hallaron un dron con explosivos en el aeropuerto de Leipzig, estrat\u00e9gico para las fuerzas de la OTAN y los env\u00edos a Ucrania.<\/p>\n<p>kas\/clp\/nth\/mab\/dbh<\/p>\n","protected":false},"excerpt":{"rendered":"afp_tickers Este contenido fue publicado en 12 agosto 2026 &#8211; 10:09 Un nuevo incidente con un dron afect\u00f3&hellip;\n","protected":false},"author":2,"featured_media":707229,"comment_status":"","ping_status":"","sticky":false,"template":"","format":"standard","meta":{"footnotes":""},"categories":[42],"tags":[22914,17,18,82,11643,13,14,4437,11,61,62,63,64,19,20,7657,26533,9,10,15,16,88,26534,90,12,22917,21,22,65,66,67],"class_list":["post-707228","post","type-post","status-publish","format-standard","has-post-thumbnail","category-internacional","tag-air-transport","tag-breaking-news","tag-breakingnews","tag-business","tag-defence","tag-featured-news","tag-featurednews","tag-government","tag-headlines","tag-internacional","tag-international","tag-international-news","tag-internationalnews","tag-latest-news","tag-latestnews","tag-law-and-order","tag-national-security","tag-news","tag-noticias","tag-noticias-destacadas","tag-noticiasdestacadas","tag-politics","tag-security-measures","tag-ticker","tag-titulares","tag-transport","tag-ultimas-noticias","tag-ultimasnoticias","tag-world","tag-world-news","tag-worldnews"],"share_on_mastodon":{"url":"","error":"Validation failed: Text character limit of 500 exceeded"},"_links":{"self":[{"href":"https:\/\/www.europesays.com\/es\/wp-json\/wp\/v2\/posts\/707228","targetHints":{"allow":["GET"]}}],"collection":[{"href":"https:\/\/www.europesays.com\/es\/wp-json\/wp\/v2\/posts"}],"about":[{"href":"https:\/\/www.europesays.com\/es\/wp-json\/wp\/v2\/types\/post"}],"author":[{"embeddable":true,"href":"https:\/\/www.europesays.com\/es\/wp-json\/wp\/v2\/users\/2"}],"replies":[{"embeddable":true,"href":"https:\/\/www.europesays.com\/es\/wp-json\/wp\/v2\/comments?post=707228"}],"version-history":[{"count":0,"href":"https:\/\/www.europesays.com\/es\/wp-json\/wp\/v2\/posts\/707228\/revisions"}],"wp:featuredmedia":[{"embeddable":true,"href":"https:\/\/www.europesays.com\/es\/wp-json\/wp\/v2\/media\/707229"}],"wp:attachment":[{"href":"https:\/\/www.europesays.com\/es\/wp-json\/wp\/v2\/media?parent=707228"}],"wp:term":[{"taxonomy":"category","embeddable":true,"href":"https:\/\/www.europesays.com\/es\/wp-json\/wp\/v2\/categories?post=707228"},{"taxonomy":"post_tag","embeddable":true,"href":"https:\/\/www.europesays.com\/es\/wp-json\/wp\/v2\/tags?post=707228"}],"curies":[{"name":"wp","href":"https:\/\/api.w.org\/{rel}","templated":true}]}}