{"id":707234,"date":"2026-08-12T10:55:15","date_gmt":"2026-08-12T10:55:15","guid":{"rendered":"https:\/\/www.europesays.com\/es\/707234\/"},"modified":"2026-08-12T10:55:15","modified_gmt":"2026-08-12T10:55:15","slug":"julia-lopez-ya-piensa-en-debutar-en-la-solheim-cup-un-sueno","status":"publish","type":"post","link":"https:\/\/www.europesays.com\/es\/707234\/","title":{"rendered":"Julia L\u00f3pez ya piensa en debutar en la Solheim Cup: \u00abUn sue\u00f1o\u00bb"},"content":{"rendered":"<p>Julia L\u00f3pez afronta con enorme ilusi\u00f3n su primera Solheim Cup, donde espera aportar su energ\u00eda tras cumplir uno de sus grandes sue\u00f1os<img fetchpriority=\"high\" decoding=\"async\" class=\"size-full wp-image-333314\" src=\"https:\/\/www.europesays.com\/es\/wp-content\/uploads\/2026\/08\/Julia-Lopez-declas-Portland-Classic-previa.jpg\" alt=\"Julia L\u00f3pez, Portland Classic, LPGA Tour, Solheim Cup, \" width=\"1500\" height=\"1000\"  \/>La andaluza Julia L\u00f3pez confes\u00f3 que ha seguido todas las ediciones de la Solheim Cup por televisi\u00f3n<\/p>\n<p style=\"text-align: justify;\"><strong>Julia L\u00f3pez Ram\u00edrez<\/strong> afronta uno de los momentos m\u00e1s especiales de su todav\u00eda joven carrera profesional. La espa\u00f1ola <a style=\"color: #008000;\" href=\"https:\/\/opengolf.es\/actualidad\/julia-lopez-jugara-la-solheim-cup-2026-y-acompanara-a-carlota-ciganda-en-el-equipo-europeo\/\" rel=\"nofollow noopener\" target=\"_blank\"><strong>disputar\u00e1 este a\u00f1o su primera Solheim Cup<\/strong><\/a>.\u00a0Una de las grandes esperanzas del golf espa\u00f1ol femenino cumplir\u00e1 as\u00ed uno de los sue\u00f1os que ten\u00eda desde ni\u00f1a. Adem\u00e1s, lo har\u00e1 defendiendo a Europa.<\/p>\n<p style=\"text-align: justify;\">La espa\u00f1ola habl\u00f3 sobre su debut antes de disputar el <strong>Portland Classic<\/strong>, nueva parada del <strong>LPGA Tour<\/strong>. All\u00ed reconoci\u00f3 la enorme ilusi\u00f3n que siente.\u00a0\u00abSinceramente, ha sido como un sue\u00f1o hecho realidad. Obviamente, es algo con lo que sue\u00f1as desde ni\u00f1a\u00bb, asegur\u00f3 Julia L\u00f3pez.\u00a0\u00abEstoy muy ilusionada por estar all\u00ed, jugar ante tanta gente y disfrutar de una gran experiencia. Va a ser muy divertido\u00bb, a\u00f1adi\u00f3.<\/p>\n<p>Julia L\u00f3pez Ram\u00edrez pasa de ver la Solheim Cup a jugarla<\/p>\n<p style=\"text-align: justify;\">La dimensi\u00f3n del momento resulta todav\u00eda mayor cuando Julia recuerda c\u00f3mo segu\u00eda la competici\u00f3n durante su infancia. Ahora ser\u00e1 protagonista desde dentro.\u00a0\u00abMe resulta curioso pensar que ahora voy a ser yo quien est\u00e9 en la televisi\u00f3n, en lugar de estar vi\u00e9ndola\u00bb, explic\u00f3.<\/p>\n<p style=\"text-align: justify;\">La espa\u00f1ola confes\u00f3 que ha seguido todas las ediciones de la Solheim Cup por televisi\u00f3n. Por ello, su estreno tendr\u00e1 un significado especial. Adem\u00e1s, Julia L\u00f3pez debutar\u00e1 bajo la capitan\u00eda de <strong>Anna Nordqvist<\/strong>, una de las grandes figuras europeas de la competici\u00f3n.\u00a0\u00abSiento much\u00edsimo respeto por Anna y por todo lo que ha hecho por este deporte. Creo que alguien como ella es un referente\u00bb.<\/p>\n<p style=\"text-align: justify;\">La malague\u00f1a fue todav\u00eda m\u00e1s contundente al valorar a su capitana. \u00abNo creo que pueda haber una persona mejor para este puesto\u00bb, afirm\u00f3.<\/p>\n<p>Europa, el escenario perfecto para su debut<\/p>\n<p style=\"text-align: justify;\">Su <a style=\"color: #008000;\" href=\"https:\/\/pbs.twimg.com\/media\/HOzkKCOWAAEw_96?format=jpg&amp;name=small\" rel=\"nofollow noopener\" target=\"_blank\"><strong>primera Solheim Cup<\/strong><\/a> tendr\u00e1 otro ingrediente especial. La competici\u00f3n se celebrar\u00e1 en Europa, algo que Julia considera perfecto para estrenarse.\u00a0\u00abCreo que no podr\u00eda haber un escenario mejor para m\u00ed\u00bb, reconoci\u00f3 la espa\u00f1ola durante su comparecencia previa al Portland Classic.<\/p>\n<p style=\"text-align: justify;\">Adem\u00e1s, podr\u00e1 sentir cerca el respaldo de su familia y de los aficionados europeos. Ese ambiente representa otro aliciente para Julia L\u00f3pez. \u00abJugar en Europa es la mejor manera de vivir una primera experiencia en la Solheim Cup\u00bb, se\u00f1al\u00f3.<\/p>\n<p style=\"text-align: justify;\">La golfista espa\u00f1ola tambi\u00e9n destac\u00f3 el potencial del conjunto europeo. Asimismo, espera que la uni\u00f3n del grupo resulte fundamental durante la competici\u00f3n.\u00a0\u00abCreo que todas somos grandes jugadoras y que el ambiente que tendremos ser\u00e1 muy divertido. Estoy muy ilusionada\u00bb, asegur\u00f3.<\/p>\n<p>Una jugadora preparada para competir en equipo<\/p>\n<p style=\"text-align: justify;\">Aunque la <strong>Solheim Cup<\/strong> ser\u00e1 una experiencia nueva, competir por equipos no representa un terreno desconocido para Julia L\u00f3pez Ram\u00edrez.\u00a0Su etapa universitaria en Estados Unidos le permiti\u00f3 acostumbrarse a esa presi\u00f3n. Antes, tambi\u00e9n defendi\u00f3 los colores de Espa\u00f1a en competiciones internacionales.<\/p>\n<p style=\"text-align: justify;\">Precisamente, algunos de sus mejores recuerdos llegaron jugando junto a otras compa\u00f1eras. Esa experiencia puede convertirse ahora en una importante fortaleza.\u00a0\u00abNo importa c\u00f3mo est\u00e9s jugando porque siempre tienes el apoyo de tus compa\u00f1eras\u00bb, explic\u00f3 la espa\u00f1ola.<\/p>\n<p style=\"text-align: justify;\">Adem\u00e1s, Julia tiene claro qu\u00e9 quiere aportar al combinado europeo. \u00abCreo que puedo llevar buena energ\u00eda al equipo y toda mi positividad\u00bb.\u00a0La andaluza utiliz\u00f3 una expresi\u00f3n muy gr\u00e1fica para definir esa uni\u00f3n. \u00abNosotros lo llamamos ser como una pi\u00f1a, porque todos estamos unidos\u00bb.<\/p>\n","protected":false},"excerpt":{"rendered":"Julia L\u00f3pez afronta con enorme ilusi\u00f3n su primera Solheim Cup, donde espera aportar su energ\u00eda tras cumplir uno&hellip;\n","protected":false},"author":2,"featured_media":707235,"comment_status":"","ping_status":"","sticky":false,"template":"","format":"standard","meta":{"footnotes":""},"categories":[275],"tags":[168,25,24,329,6105,27340,127169,61266,23,167],"class_list":["post-707234","post","type-post","status-publish","format-standard","has-post-thumbnail","category-golf","tag-deportes","tag-es","tag-espana","tag-golf","tag-julia-lopez","tag-lpga-tour","tag-portland-classic","tag-solheim-cup","tag-spain","tag-sports"],"share_on_mastodon":{"url":"https:\/\/pubeurope.com\/@es\/117082176972166093","error":""},"_links":{"self":[{"href":"https:\/\/www.europesays.com\/es\/wp-json\/wp\/v2\/posts\/707234","targetHints":{"allow":["GET"]}}],"collection":[{"href":"https:\/\/www.europesays.com\/es\/wp-json\/wp\/v2\/posts"}],"about":[{"href":"https:\/\/www.europesays.com\/es\/wp-json\/wp\/v2\/types\/post"}],"author":[{"embeddable":true,"href":"https:\/\/www.europesays.com\/es\/wp-json\/wp\/v2\/users\/2"}],"replies":[{"embeddable":true,"href":"https:\/\/www.europesays.com\/es\/wp-json\/wp\/v2\/comments?post=707234"}],"version-history":[{"count":0,"href":"https:\/\/www.europesays.com\/es\/wp-json\/wp\/v2\/posts\/707234\/revisions"}],"wp:featuredmedia":[{"embeddable":true,"href":"https:\/\/www.europesays.com\/es\/wp-json\/wp\/v2\/media\/707235"}],"wp:attachment":[{"href":"https:\/\/www.europesays.com\/es\/wp-json\/wp\/v2\/media?parent=707234"}],"wp:term":[{"taxonomy":"category","embeddable":true,"href":"https:\/\/www.europesays.com\/es\/wp-json\/wp\/v2\/categories?post=707234"},{"taxonomy":"post_tag","embeddable":true,"href":"https:\/\/www.europesays.com\/es\/wp-json\/wp\/v2\/tags?post=707234"}],"curies":[{"name":"wp","href":"https:\/\/api.w.org\/{rel}","templated":true}]}}