{"id":707392,"date":"2026-08-12T13:42:13","date_gmt":"2026-08-12T13:42:13","guid":{"rendered":"https:\/\/www.europesays.com\/es\/707392\/"},"modified":"2026-08-12T13:42:13","modified_gmt":"2026-08-12T13:42:13","slug":"durisima-confesion-de-marquez-tras-la-carrera-en-silverstone-no-tengo-el-control-de-mi-brazo","status":"publish","type":"post","link":"https:\/\/www.europesays.com\/es\/707392\/","title":{"rendered":"Dur\u00edsima confesi\u00f3n de M\u00e1rquez tras la carrera en Silverstone: \u00abNo tengo el control de mi brazo\u00bb"},"content":{"rendered":"<p class=\"L6-news-detail__text\"><b><a title=\"Marc M\u00e1rquez\" href=\"https:\/\/www.lasexta.com\/noticias\/deportes\/motor\/podria-haber-competido-marc-marquez-recuerdo-test-comparacion-motogp_202608116a7b05e9a046ad6ebcab5f5b.html\" target=\"_blank\" rel=\"nofollow noopener\">Marc M\u00e1rquez<\/a><\/b> sigue pilotando con muchas <b>limitaciones f\u00edsicas<\/b>. A pesar de haber recortado mucha distancia en la lucha por el campeonato estos \u00faltimos meses, el dolor sigue estando ah\u00ed. Marc, dependiendo del circuito y del rendimiento de la <b><a title=\"Ducati\" href=\"https:\/\/www.lasexta.com\/noticias\/deportes\/motor\/aprilia-venir-amenaza-marquez-siguiente-circuitos-son-muy-ducati_202608106a79f4aea5690f0473728d7a.html\" target=\"_blank\" rel=\"nofollow noopener\">Ducati<\/a><\/b>, puede disimularlo pero no hacerlo desaparecer.<\/p>\n<p class=\"L6-news-detail__text\">El <b>Gran Premio de Gran Breta\u00f1a<\/b> celebrado en Silverstone fue uno de esos fines de semana en los que a <b><a title=\"M\u00e1rquez\" href=\"https:\/\/www.lasexta.com\/noticias\/deportes\/motor\/aprilia-venir-amenaza-marquez-siguiente-circuitos-son-muy-ducati_202608106a79f4aea5690f0473728d7a.html\" target=\"_blank\" rel=\"nofollow noopener\">M\u00e1rquez<\/a><\/b> le tocaba sufrir. El de Cervera era plenamente consciente de ello y, de hecho, se mostr\u00f3 relativamente satisfecho de haber salido de la carrera sin lesiones ni ca\u00eddas.<\/p>\n<p class=\"L6-news-detail__text\">A\u00fan as\u00ed, una de las principales dificultades con la que se encontr\u00f3 fue el neum\u00e1tico trasero de la Ducati, mucho m\u00e1s degradado que el de la <b>Aprilia<\/b>. El s\u00e1bado fue un desastre pero las gomas aguantaron mejor durante la carrera larga. Marc solo pudo ser s\u00e9ptimo y dej\u00f3 una llamativa y <b>dura confesi\u00f3n<\/b> sobre su brazo.<\/p>\n<p class=\"L6-news-detail__text\">\u00abHoy la goma fue mejor. F\u00edsicamente, no estaba. Hab\u00eda riesgo de caerme. <b>No ten\u00eda control sobre el brazo derecho<\/b>. Estaba ah\u00ed, intentando controlar, pero, respecto a los entrenamientos, se me iba de delante en las curva 1 y 9, no me gustaba\u00bb, asegura M\u00e1rquez en un v\u00eddeo publicado por Ducati.<\/p>\n<p class=\"L6-news-detail__text\">Fue en la &#8216;sprint&#8217; cuando Marc <b>sinti\u00f3 que la moto<\/b> no le acompa\u00f1aba para nada. Sus palabras tras la prueba lo dicen todo: \u00abEl neum\u00e1tico trasero&#8230; incre\u00edble. En la tercera vuelta, \u00a1pum! <b>No se pod\u00eda pilotar, era imposible ni abrir gas<\/b>. Era como un neum\u00e1tico de lluvia en el filo, nunca me pas\u00f3 antes con estos neum\u00e1ticos; ese &#8216;feeling&#8217; (sensaciones) nunca\u00bb.<\/p>\n<p class=\"L6-news-detail__text\">\u00abNo pod\u00eda pilotar, imposible. En cuanto inclinaba&#8230; <b>No puedo decir c\u00f3mo mejorar<\/b>. Vi que &#8216;Diggia&#8217; tuvo el mismo problema, m\u00e1s o menos, mi hermano fue el \u00fanico que m\u00e1s o menos\u00bb, concluy\u00f3 Marc.<\/p>\n<p class=\"L6-news-detail__text\"><b><a title=\"*A\u00f1ade laSexta como tu medio de referencia en Google y no te pierdas toda la actualidad y el mejor contenido\" href=\"https:\/\/www.google.com\/preferences\/source?q=lasexta.com\" target=\"_blank\" rel=\"nofollow noopener\">*A\u00f1ade laSexta como tu medio de referencia en Google y no te pierdas toda la actualidad y el mejor contenido<\/a><\/b><\/p>\n<p class=\"L6-support-news-video__title\">Guerra por el poder en la FIFA<\/p>\n<p> <a href=\"https:\/\/www.lasexta.com\/noticias\/deportes\/futbol\/infantino-suma-adeptos-argentina-mexico-confederacion-africana-apoyan-continuidad-como-presidente-fifa_202608076a75bbdfa5690f04736c604b.html\" class=\"L6-news__link\" rel=\"nofollow noopener\" target=\"_blank\">Infantino suma adeptos: Argentina, M\u00e9xico y la Confederaci\u00f3n Africana apoyan su continuidad como presidente de la FIFA<\/p>\n<p class=\"recirculation-video-desc\">Los detalles La Asociaci\u00f3n del F\u00fatbol Argentino (AFA) public\u00f3 este jueves un comunicado elogiando \u00abla gesti\u00f3n llevada a cabo durante los \u00faltimos diez a\u00f1os\u00bb por su \u00abquerido presidente\u00bb, al que catalogan como \u00abclaro, estable y transparente\u00bb.<\/p>\n<p> <\/a><\/p>\n","protected":false},"excerpt":{"rendered":"Marc M\u00e1rquez sigue pilotando con muchas limitaciones f\u00edsicas. A pesar de haber recortado mucha distancia en la lucha&hellip;\n","protected":false},"author":2,"featured_media":707393,"comment_status":"","ping_status":"","sticky":false,"template":"","format":"standard","meta":{"footnotes":""},"categories":[93],"tags":[168,25,24,13638,12143,110362,23,167],"class_list":["post-707392","post","type-post","status-publish","format-standard","has-post-thumbnail","category-deportes","tag-deportes","tag-es","tag-espana","tag-marc-marquez","tag-motogp","tag-noticias-ultima-hora","tag-spain","tag-sports"],"share_on_mastodon":{"url":"https:\/\/pubeurope.com\/@es\/117082832577221011","error":""},"_links":{"self":[{"href":"https:\/\/www.europesays.com\/es\/wp-json\/wp\/v2\/posts\/707392","targetHints":{"allow":["GET"]}}],"collection":[{"href":"https:\/\/www.europesays.com\/es\/wp-json\/wp\/v2\/posts"}],"about":[{"href":"https:\/\/www.europesays.com\/es\/wp-json\/wp\/v2\/types\/post"}],"author":[{"embeddable":true,"href":"https:\/\/www.europesays.com\/es\/wp-json\/wp\/v2\/users\/2"}],"replies":[{"embeddable":true,"href":"https:\/\/www.europesays.com\/es\/wp-json\/wp\/v2\/comments?post=707392"}],"version-history":[{"count":0,"href":"https:\/\/www.europesays.com\/es\/wp-json\/wp\/v2\/posts\/707392\/revisions"}],"wp:featuredmedia":[{"embeddable":true,"href":"https:\/\/www.europesays.com\/es\/wp-json\/wp\/v2\/media\/707393"}],"wp:attachment":[{"href":"https:\/\/www.europesays.com\/es\/wp-json\/wp\/v2\/media?parent=707392"}],"wp:term":[{"taxonomy":"category","embeddable":true,"href":"https:\/\/www.europesays.com\/es\/wp-json\/wp\/v2\/categories?post=707392"},{"taxonomy":"post_tag","embeddable":true,"href":"https:\/\/www.europesays.com\/es\/wp-json\/wp\/v2\/tags?post=707392"}],"curies":[{"name":"wp","href":"https:\/\/api.w.org\/{rel}","templated":true}]}}