{"id":70763,"date":"2025-08-25T08:56:25","date_gmt":"2025-08-25T08:56:25","guid":{"rendered":"https:\/\/www.europesays.com\/es\/70763\/"},"modified":"2025-08-25T08:56:25","modified_gmt":"2025-08-25T08:56:25","slug":"toros-para-todos-orobroy-para-david-de-miranda-con-una-faena-que-supero-todos-los-limites","status":"publish","type":"post","link":"https:\/\/www.europesays.com\/es\/70763\/","title":{"rendered":"Toros para todos | Orobroy para David de Miranda con una faena que super\u00f3 todos los l\u00edmites"},"content":{"rendered":"<p>Los malague\u00f1os pudieron disfrutar de una de las faenas m\u00e1s importantes de la Historia de la Malagueta. El onubense <strong>David de Miranda<\/strong> super\u00f3 todos los l\u00edmites del toreo, plant\u00e1ndose frente al toro y hasta rozando su cuerpo con el hocico del animal.<\/p>\n<p>De nombre <strong>\u00abEnamorado\u00bb<\/strong>, este toro de la ganader\u00eda <strong>\u00abVictoriano del R\u00edo\u00bb<\/strong>, bail\u00f3 al comp\u00e1s de la muleta de David de Miranda, que <strong>se jug\u00f3 literalmente la vida<\/strong>, en una faena donde derroch\u00f3 coraje y valor.<\/p>\n<p>El p\u00fablico de la malagueta se puso en pie y el presidente sac\u00f3 los dos pa\u00f1uelos a la vez en se\u00f1al de agradecimiento por esa gran faena que le llev\u00f3 a salir por <strong>La Puerta Grande.<\/strong><\/p>\n<p><strong>\u00a1No te pierdas el reportaje!<\/strong><\/p>\n","protected":false},"excerpt":{"rendered":"Los malague\u00f1os pudieron disfrutar de una de las faenas m\u00e1s importantes de la Historia de la Malagueta. El&hellip;\n","protected":false},"author":2,"featured_media":70764,"comment_status":"","ping_status":"","sticky":false,"template":"","format":"standard","meta":{"footnotes":""},"categories":[277],"tags":[373,12896,168,28156,5640,25,24,21954,3855,18819,18820,23,167,625,374,5641,5639,17375],"class_list":{"0":"post-70763","1":"post","2":"type-post","3":"status-publish","4":"format-standard","5":"has-post-thumbnail","7":"category-toreo","8":"tag-bullfighting","9":"tag-david-de-miranda","10":"tag-deportes","11":"tag-enamorado","12":"tag-enrique-romero","13":"tag-es","14":"tag-espana","15":"tag-feria-de-malaga","16":"tag-malaga","17":"tag-orobroy","18":"tag-puerta-grande","19":"tag-spain","20":"tag-sports","21":"tag-tauromaquia","22":"tag-toreo","23":"tag-toro-bravo","24":"tag-toros-para-todos","25":"tag-victoriano-del-rio"},"share_on_mastodon":{"url":"","error":""},"_links":{"self":[{"href":"https:\/\/www.europesays.com\/es\/wp-json\/wp\/v2\/posts\/70763","targetHints":{"allow":["GET"]}}],"collection":[{"href":"https:\/\/www.europesays.com\/es\/wp-json\/wp\/v2\/posts"}],"about":[{"href":"https:\/\/www.europesays.com\/es\/wp-json\/wp\/v2\/types\/post"}],"author":[{"embeddable":true,"href":"https:\/\/www.europesays.com\/es\/wp-json\/wp\/v2\/users\/2"}],"replies":[{"embeddable":true,"href":"https:\/\/www.europesays.com\/es\/wp-json\/wp\/v2\/comments?post=70763"}],"version-history":[{"count":0,"href":"https:\/\/www.europesays.com\/es\/wp-json\/wp\/v2\/posts\/70763\/revisions"}],"wp:featuredmedia":[{"embeddable":true,"href":"https:\/\/www.europesays.com\/es\/wp-json\/wp\/v2\/media\/70764"}],"wp:attachment":[{"href":"https:\/\/www.europesays.com\/es\/wp-json\/wp\/v2\/media?parent=70763"}],"wp:term":[{"taxonomy":"category","embeddable":true,"href":"https:\/\/www.europesays.com\/es\/wp-json\/wp\/v2\/categories?post=70763"},{"taxonomy":"post_tag","embeddable":true,"href":"https:\/\/www.europesays.com\/es\/wp-json\/wp\/v2\/tags?post=70763"}],"curies":[{"name":"wp","href":"https:\/\/api.w.org\/{rel}","templated":true}]}}