{"id":707784,"date":"2026-08-12T18:34:11","date_gmt":"2026-08-12T18:34:11","guid":{"rendered":"https:\/\/www.europesays.com\/es\/707784\/"},"modified":"2026-08-12T18:34:11","modified_gmt":"2026-08-12T18:34:11","slug":"josh-kushner-y-bob-iger-compraran-los-angeles-lakers-por-12-000-millones-de-dolares-expansion","status":"publish","type":"post","link":"https:\/\/www.europesays.com\/es\/707784\/","title":{"rendered":"Josh Kushner y Bob Iger comprar\u00e1n Los Angeles Lakers por 12.000 millones de d\u00f3lares &#8211; Expansi\u00f3n"},"content":{"rendered":"<ol>\n<li><a href=\"https:\/\/news.google.com\/rss\/articles\/CBMimAFBVV95cUxPV2puLTZ6X2hxY2Z6UjlfZlZ3dF9DVW5IRjNSZXlSQzNaZGxoYVRoVkZEN3JfdjRKdllFVHdaZTk2VFV3UmFONkp5OUxiSXI0ang0S3JyYWZJa3NVNHhwSmJ4anI5bWRmQmdpT0NwYXg2YnBjVk9XT0ZDZUFKQVRGcUp1QTVmaF8wc01ESEFTMTRZLTdUTm1mdw?oc=5\" target=\"_blank\" rel=\"nofollow noopener\">Josh Kushner y Bob Iger comprar\u00e1n Los Angeles Lakers por 12.000 millones de d\u00f3lares<\/a>&nbsp;&nbsp;Expansi\u00f3n<\/li>\n<li><a href=\"https:\/\/news.google.com\/rss\/articles\/CBMijAFBVV95cUxOMWZUaHllbktfM2ozVjBZdjV5SVNpaHM1VUFqY05Hdm81LUhTdzZzR25XTVZBZEY3UU1GSzMtdDBRWGI2TDFyaUo3bDUwTnhGOFBycjZic2VqZU04QTZJVHVGZDA3TG4xbFZoYzlWeWlJVWYzaVJaMWY5SENQLWs4VUwzWWNsclNlV24tWA?oc=5\" target=\"_blank\" rel=\"nofollow noopener\">Los Lakers, de nuevo vendidos: \u00a112.500 millones!<\/a>&nbsp;&nbsp;Diario AS<\/li>\n<li><a href=\"https:\/\/news.google.com\/rss\/articles\/CBMipAFBVV95cUxQQkR0QzYteDJOR3kwUmdxdmVJT1hhaVU3ZVJrWExoQnBJb0swamliZ3JTZzJjdFBXNmlnZ0tXdzAwNEVjWXEyaDRMcFJNYWJtNTg0RkN2OFhWOWlvYzZ2ZWxmNk0yamNzaXc1bWpuMXJ2SVo3bEJVRWViZUo3OW9VY01ma2FPUUl0ajdWaE8zMEZWZzlMa2dkRkNEcUV4ZU1TUlVzRg?oc=5\" target=\"_blank\" rel=\"nofollow noopener\">Operaci\u00f3n r\u00e9cord en el deporte: un grupo de empresarios compra Los \u00c1ngeles Lakers por 12.500 M<\/a>&nbsp;&nbsp;El Confidencial<\/li>\n<li><a href=\"https:\/\/news.google.com\/rss\/articles\/CBMiqwFBVV95cUxOQU5UUEpNamZZN0J3cjJjRkowSnJFdHhpdnBELVRXMjFfd0prNWE4UTRyYTNwSXRYQ2dORmRUWGFZem9iREFibDZaR3JoWTF2YTB2SWhydURfSXozYmw0cG5LWkZKX1pjWmVMLXlvNWZMdlVQOU9sdXkzZXJQUTNHdC13MHhhZ2xmek1lcEl4YWlvNXExNHBLRV9VOHpkXzQ5MXN2dzJLUGVCNXfSAasBQVVfeXFMTzhUUk9QWXNmM21LN2Zma0JQTnJwLVpKSVhjNi1yU0U0aWF2ZWMzckZhWVl6NGp0eWxneGFFUjAweUUydmpwUmFxZ1VMeVpsaFNqeEFCUmU4RlVnc1NmZXRGWTdZeWdndDR0TUp5cFBaNEU3S3N2cXJrNjVsUVFuMHFJZGpwT0VNUE1naS16R2RpZDBibk0wS2xnclJqeUc0MjVxcHpwMFZBR0hz?oc=5\" target=\"_blank\" rel=\"nofollow noopener\">Los Lakers de Trump y Disney: as\u00ed hicieron su fortuna los nuevos due\u00f1os<\/a>&nbsp;&nbsp;MARCA<\/li>\n<li><a href=\"https:\/\/news.google.com\/rss\/articles\/CBMiyAFBVV95cUxPRl9IT19SVWN5em5WckFVS1E4TmhLMmRzLWlYQktveElWZWx1blpKMjd1dVpZM2t4QXU2LTNFU3Z3TEV6c214WVZUT3dZdG1qdTNNMHh0dEJGSlA3dWQzN3BZaXg0aDJWU0ZFdzd3dlpGSU14dXR0T05uVnNwX3hrRnh1MF9LeDFXWUxUcVZ3OU4tX1JnVVlHa1l3TjVxYTdGNjdxUEVzUTRhaG5sV0MtWDRlbkQyUi12NGZTNElyeDYyY29pRmE3adIBzgFBVV95cUxPUWhzZG85MUI5VjIta2dZdjdmeW8xcW85RUlKNWUtcVVOX0N3eEVVR1lYN1NDR21DXzd4Sl9BR2MwNFplbTlaYmNmek8xLXVaQm1wWTJGS09CeWQ1OGVDSndkOFBfSGdiaEJmNDRpb0tfX3BUMzZsOXUtTmEyVm9IUzFsOEtBblNscmRhRVgyb3pEZmlfaUM5RjluXzJYcUZhQmlYTV91VDBvRFNSeUNaN21JVTZ4U3p0Qy12ODg3cy0zV3FXMkZLV0kteXhUdw?oc=5\" target=\"_blank\" rel=\"nofollow noopener\">Bob Iger y Josh Kuhsner compran Los Angeles Lakers por 12.000 millones de d\u00f3lares<\/a>&nbsp;&nbsp;La Vanguardia<\/li>\n<\/ol>\n","protected":false},"excerpt":{"rendered":"Josh Kushner y Bob Iger comprar\u00e1n Los Angeles Lakers por 12.000 millones de d\u00f3lares&nbsp;&nbsp;Expansi\u00f3n Los Lakers, de nuevo&hellip;\n","protected":false},"author":2,"featured_media":707785,"comment_status":"","ping_status":"","sticky":false,"template":"","format":"standard","meta":{"footnotes":""},"categories":[269],"tags":[299,298,168,1564,42352,25,24,23,167],"class_list":["post-707784","post","type-post","status-publish","format-standard","has-post-thumbnail","category-baloncesto","tag-baloncesto","tag-basketball","tag-deportes","tag-directivos","tag-directivos-deporte-negocio","tag-es","tag-espana","tag-spain","tag-sports"],"share_on_mastodon":{"url":"https:\/\/pubeurope.com\/@es\/117083981177467058","error":""},"_links":{"self":[{"href":"https:\/\/www.europesays.com\/es\/wp-json\/wp\/v2\/posts\/707784","targetHints":{"allow":["GET"]}}],"collection":[{"href":"https:\/\/www.europesays.com\/es\/wp-json\/wp\/v2\/posts"}],"about":[{"href":"https:\/\/www.europesays.com\/es\/wp-json\/wp\/v2\/types\/post"}],"author":[{"embeddable":true,"href":"https:\/\/www.europesays.com\/es\/wp-json\/wp\/v2\/users\/2"}],"replies":[{"embeddable":true,"href":"https:\/\/www.europesays.com\/es\/wp-json\/wp\/v2\/comments?post=707784"}],"version-history":[{"count":0,"href":"https:\/\/www.europesays.com\/es\/wp-json\/wp\/v2\/posts\/707784\/revisions"}],"wp:featuredmedia":[{"embeddable":true,"href":"https:\/\/www.europesays.com\/es\/wp-json\/wp\/v2\/media\/707785"}],"wp:attachment":[{"href":"https:\/\/www.europesays.com\/es\/wp-json\/wp\/v2\/media?parent=707784"}],"wp:term":[{"taxonomy":"category","embeddable":true,"href":"https:\/\/www.europesays.com\/es\/wp-json\/wp\/v2\/categories?post=707784"},{"taxonomy":"post_tag","embeddable":true,"href":"https:\/\/www.europesays.com\/es\/wp-json\/wp\/v2\/tags?post=707784"}],"curies":[{"name":"wp","href":"https:\/\/api.w.org\/{rel}","templated":true}]}}