{"id":707796,"date":"2026-08-12T18:42:14","date_gmt":"2026-08-12T18:42:14","guid":{"rendered":"https:\/\/www.europesays.com\/es\/707796\/"},"modified":"2026-08-12T18:42:14","modified_gmt":"2026-08-12T18:42:14","slug":"ines-lopez-baila-con-el-disco-en-los-europeos-de-atletismo-deportes","status":"publish","type":"post","link":"https:\/\/www.europesays.com\/es\/707796\/","title":{"rendered":"In\u00e9s L\u00f3pez baila con el disco en los Europeos de atletismo | Deportes"},"content":{"rendered":"<p class=\"\"><a href=\"https:\/\/elpais.com\/deportes\/2025-09-13\/tokio-acoge-la-misa-mayor-del-atletismo-mundial.html\" target=\"_self\" rel=\"nofollow noopener\" title=\"https:\/\/elpais.com\/deportes\/2025-09-13\/tokio-acoge-la-misa-mayor-del-atletismo-mundial.html\">Cuando a\u00fan se apellidaba Allman, Valarie Sion<\/a> era una ni\u00f1a esbelta que hac\u00eda ballet con gran ritmo y armon\u00eda, y cuando creci\u00f3 se convirti\u00f3 en la mejor lanzadora de disco del mundo, 1,83, 70 kilos, pura fluidez y velocidad sensible en la jaula. Rompi\u00f3 el estereotipo de que para ser lanzadora hab\u00eda que atiborrarse de anabolizantes, poseer cuerpos colosales de tama\u00f1o y renunciar a la gracia, e In\u00e9s L\u00f3pez, la madrile\u00f1a de 22 a\u00f1os que se clasific\u00f3 para la final del viernes (21.30), admira a Valarie, y sus pendientes de perlas, y ha empezado tambi\u00e9n a hacer baile, y en la jaula de Birmingham una ma\u00f1ana en la que el sol de una ola de calor anunciada en las West Midlands brit\u00e1nicas empieza a achicharrar la jaula, hace danzar como nunca su 1,80m y sus 75 kilos, y hace el mejor lanzamiento de su vida, 61,45m, a solo 44 cent\u00edmetros del r\u00e9cord nacional de Sabina Asenjo que ya ha cumplido 10 a\u00f1os. \u201cNo hay estereotipos en el atletismo. Cada una llega con sus caracter\u00edsticas y compite\u201d, dice, y a su lado, compitiendo, lanzando 60 metros y clasific\u00e1ndose tambi\u00e9n, est\u00e1 la francesa M\u00e9lina Robert Michon, de 47 a\u00f1os, que ya fue medallista mundial j\u00fanior hace 28 a\u00f1os, y plata en los Juegos de R\u00edo 16. Y habla casi como una proselitista del atletismo de lanzamientos, convencida de la bondad de su mensaje, de su sinceridad. <a href=\"https:\/\/elpais.com\/deportes\/2025-08-08\/espana-tiene-dos-campeones-de-europa-sub-20-insolitos-un-corredor-de-100-metros-y-una-discobolo.html\" target=\"_self\" rel=\"nofollow noopener\" title=\"https:\/\/elpais.com\/deportes\/2025-08-08\/espana-tiene-dos-campeones-de-europa-sub-20-insolitos-un-corredor-de-100-metros-y-una-discobolo.html\">\u201cMe hace muy feliz de que el sector de lanzamientos del atletismo femenino espa\u00f1ol est\u00e9 tan pujante\u201d, <\/a>dice. \u201cOjal\u00e1 yo sea para chicas m\u00e1s j\u00f3venes lo que es Valarie para m\u00ed, un ejemplo para que se animen a practicarlo\u201d.<\/p>\n<p class=\"\"><a href=\"https:\/\/elpais.com\/deportes\/2025-06-26\/los-atletas-por-amor-al-arte-decidiran-el-campeonato-de-europa-por-selecciones-en-el-que-espana-busca-su-primer-podio.html\" target=\"_self\" rel=\"nofollow noopener\" title=\"https:\/\/elpais.com\/deportes\/2025-06-26\/los-atletas-por-amor-al-arte-decidiran-el-campeonato-de-europa-por-selecciones-en-el-que-espana-busca-su-primer-podio.html\">Inicios en la escuela de Jorge Gras en Majadahonda, por donde tambi\u00e9n ha pasado Diego Casas,<\/a> finalista en disco masculino. Estilo norteamericano despu\u00e9s, desde que en 2021, nada m\u00e1s terminar bachillerato, se fue a universidades del imperio. Primero Kentucky, luego Arizona, donde se gradu\u00f3 en marketing, una diablesa al sol que construye su t\u00e9cnica y su cuerpo poco a poco entrenada por Turner Washington y Marcus Makovicka. Rota alternativamente en cada pie, lanza equilibrada y saca raudo el brazo, un l\u00e1tigo. Hace un a\u00f1o gan\u00f3 el Europeo sub-23. Hace dos meses, fue tercera en los campeonatos universitarios de Estados Unidos. \u201cSoy muy espa\u00f1ola\u201d, dice la atleta, que en Navidades y en verano, se entrena con Frank Casa\u00f1as, escuela cuba, siempre el ritmo, en Pontevedra. \u201cPero una parte de m\u00ed pertenece a Estados Unidos y Valarie es mi m\u00e1xima referencia, no solo como atleta, sino en todo, a todos los niveles\u201d.<\/p>\n<p class=\"\">En la locura competitiva del sistema universitario estadounidense, de marzo a junio conferencias regionales y finales, In\u00e9s L\u00f3pez se ha fogueado compitiendo todos los fines de semana. Habituada al desierto de Arizona, no le molesta el calor ni le asusta la transformaci\u00f3n del paisaje que han provocado la sequ\u00eda y el calentamiento global. Y asume como un tr\u00e1mite las calificaciones de tres intentos, uno de los tr\u00e1mites m\u00e1s temidos por todos los atletas de concursos. \u201cAl fin y al cabo para esto me vale mi experiencia en Estados Unidos, donde siempre hay previas\u201d, dice, y cuenta que ha sonre\u00eddo cuando ha visto que su primer intento fue nulo. \u201cSiempre me sale as\u00ed, y siempre el segundo es el mejor\u201d.<\/p>\n<p class=\"\">Aunque el disco en Europa no alcanza el nivel de Estados Unidos, con varias atletas rondando los 70 metros, la competencia en la final ser\u00e1 dura. La encabeza la fenomenal holandesa Jorinde van Klinken \u2013\u201chace lo que quiere, es espectacular, qu\u00e9 brazo\u201d, dice In\u00e9s L\u00f3pez&#8211;, una superdotada de 26 a\u00f1os que tiene una mejor marca de m\u00e1s de 70 metros y ya fue medallista de plata en lanzamiento de peso. Y tambi\u00e9n se encontrar\u00e1 con otra neerlandesa, Alida van Daalen, un a\u00f1o mayor que ella, la lanzadora que representando a la Universidad de Florida se llev\u00f3 el oro en la \u00faltima final universitaria. <\/p>\n","protected":false},"excerpt":{"rendered":"Cuando a\u00fan se apellidaba Allman, Valarie Sion era una ni\u00f1a esbelta que hac\u00eda ballet con gran ritmo y&hellip;\n","protected":false},"author":2,"featured_media":707797,"comment_status":"","ping_status":"","sticky":false,"template":"","format":"standard","meta":{"footnotes":""},"categories":[93],"tags":[928,11485,1540,168,927,127210,25,24,17699,17701,23,167],"class_list":["post-707796","post","type-post","status-publish","format-standard","has-post-thumbnail","category-deportes","tag-atletas","tag-atletismo","tag-competiciones","tag-deportes","tag-deportistas","tag-diego-casas","tag-es","tag-espana","tag-europeos-atletismo","tag-lanzamiento-de-disco","tag-spain","tag-sports"],"share_on_mastodon":{"url":"https:\/\/pubeurope.com\/@es\/117084012485039670","error":""},"_links":{"self":[{"href":"https:\/\/www.europesays.com\/es\/wp-json\/wp\/v2\/posts\/707796","targetHints":{"allow":["GET"]}}],"collection":[{"href":"https:\/\/www.europesays.com\/es\/wp-json\/wp\/v2\/posts"}],"about":[{"href":"https:\/\/www.europesays.com\/es\/wp-json\/wp\/v2\/types\/post"}],"author":[{"embeddable":true,"href":"https:\/\/www.europesays.com\/es\/wp-json\/wp\/v2\/users\/2"}],"replies":[{"embeddable":true,"href":"https:\/\/www.europesays.com\/es\/wp-json\/wp\/v2\/comments?post=707796"}],"version-history":[{"count":0,"href":"https:\/\/www.europesays.com\/es\/wp-json\/wp\/v2\/posts\/707796\/revisions"}],"wp:featuredmedia":[{"embeddable":true,"href":"https:\/\/www.europesays.com\/es\/wp-json\/wp\/v2\/media\/707797"}],"wp:attachment":[{"href":"https:\/\/www.europesays.com\/es\/wp-json\/wp\/v2\/media?parent=707796"}],"wp:term":[{"taxonomy":"category","embeddable":true,"href":"https:\/\/www.europesays.com\/es\/wp-json\/wp\/v2\/categories?post=707796"},{"taxonomy":"post_tag","embeddable":true,"href":"https:\/\/www.europesays.com\/es\/wp-json\/wp\/v2\/tags?post=707796"}],"curies":[{"name":"wp","href":"https:\/\/api.w.org\/{rel}","templated":true}]}}