{"id":707850,"date":"2026-08-12T19:24:30","date_gmt":"2026-08-12T19:24:30","guid":{"rendered":"https:\/\/www.europesays.com\/es\/707850\/"},"modified":"2026-08-12T19:24:30","modified_gmt":"2026-08-12T19:24:30","slug":"bungalow-txai-tetro-arquitetura","status":"publish","type":"post","link":"https:\/\/www.europesays.com\/es\/707850\/","title":{"rendered":"Bungalow Txai \/ TETRO Arquitetura"},"content":{"rendered":"<p><a class=\"js-image-size__link \" href=\"https:\/\/www.archdaily.com\/es\/1183123\/bungalow-txai-tetro-arquitetura\/6a7a1eea3cf96c000178042b-txai-bungalow-tetro-arquitetura-photo\" rel=\"attachment nofollow noopener\" style=\"width: 100%;\" target=\"_blank\"><img decoding=\"async\" alt=\"Bungalow Txai \/ TETRO Arquitetura - Fotograf\u00eda exterior\" data-nr-picture-id=\"6a7a1eea3cf96c000178042b\" fetchpriority=\"high\" height=\"418\" itemprop=\"image\" loading=\"eager\" longdesc=\"https:\/\/www.archdaily.com\/es\/1183123\/bungalow-txai-tetro-arquitetura\/6a7a1eea3cf96c000178042b-txai-bungalow-tetro-arquitetura-photo\" src=\"https:\/\/www.europesays.com\/es\/wp-content\/uploads\/2026\/08\/IMG_7327_8_9_copiar.jpg\" style=\"min-height: var(--featured-height, auto); aspect-ratio: auto 640 \/ 418\" width=\"640\"\/><\/a>\u00a9 Lup\u00e9rcio Fotografia<\/p>\n<p class=\"thumbs afd-desktop-e\"><a class=\"thumbs__link\" data-nr-picture-id=\"6a7a1ee83cf96c0001780428\" href=\"https:\/\/www.archdaily.com\/es\/1183123\/bungalow-txai-tetro-arquitetura\/6a7a1ee83cf96c0001780428-txai-bungalow-tetro-arquitetura-photo\" rel=\"attachment nofollow noopener\" target=\"_blank\"><img loading=\"lazy\" decoding=\"async\" alt=\"Bungalow Txai \/ TETRO Arquitetura - Imagen 2 de 21\" class=\"thumbs__img b-lazy\" data-nr-picture-id=\"6a7a1ee83cf96c0001780428\" data-pin-nopin=\"true\" src=\"https:\/\/www.europesays.com\/es\/wp-content\/uploads\/2026\/08\/1786562666_974_1.jpg\" height=\"125\" longdesc=\"https:\/\/www.archdaily.com\/es\/1183123\/bungalow-txai-tetro-arquitetura\/6a7a1ee83cf96c0001780428-txai-bungalow-tetro-arquitetura-photo\" title=\"\u00a9 Lup\u00e9rcio Fotografia\" width=\"125\"\/><\/a><a class=\"thumbs__link\" data-nr-picture-id=\"6a7a1eec3cf96c0001780433\" href=\"https:\/\/www.archdaily.com\/es\/1183123\/bungalow-txai-tetro-arquitetura\/6a7a1eec3cf96c0001780433-txai-bungalow-tetro-arquitetura-photo\" rel=\"attachment nofollow noopener\" target=\"_blank\"><img loading=\"lazy\" decoding=\"async\" alt=\"Bungalow Txai \/ TETRO Arquitetura - Fotograf\u00eda interior, Sala de estar, Costa\" class=\"thumbs__img b-lazy\" data-nr-picture-id=\"6a7a1eec3cf96c0001780433\" data-pin-nopin=\"true\" src=\"https:\/\/www.europesays.com\/es\/wp-content\/uploads\/2026\/08\/IMG_7174_5_6_7_8_9_copiar_2.jpg\" height=\"125\" longdesc=\"https:\/\/www.archdaily.com\/es\/1183123\/bungalow-txai-tetro-arquitetura\/6a7a1eec3cf96c0001780433-txai-bungalow-tetro-arquitetura-photo\" title=\"\u00a9 Lup\u00e9rcio Fotografia\" width=\"125\"\/><\/a><a class=\"thumbs__link\" data-nr-picture-id=\"6a7a1eec3cf96c0001780435\" href=\"https:\/\/www.archdaily.com\/es\/1183123\/bungalow-txai-tetro-arquitetura\/6a7a1eec3cf96c0001780435-txai-bungalow-tetro-arquitetura-photo\" rel=\"attachment nofollow noopener\" target=\"_blank\"><img loading=\"lazy\" decoding=\"async\" alt=\"Bungalow Txai \/ TETRO Arquitetura - Fotograf\u00eda exterior, Madera, Sillas, Costa\" class=\"thumbs__img b-lazy\" data-nr-picture-id=\"6a7a1eec3cf96c0001780435\" data-pin-nopin=\"true\" src=\"https:\/\/www.europesays.com\/es\/wp-content\/uploads\/2026\/08\/IMG_7324_5_6_copiar.jpg\" height=\"125\" longdesc=\"https:\/\/www.archdaily.com\/es\/1183123\/bungalow-txai-tetro-arquitetura\/6a7a1eec3cf96c0001780435-txai-bungalow-tetro-arquitetura-photo\" title=\"\u00a9 Lup\u00e9rcio Fotografia\" width=\"125\"\/><\/a><a class=\"thumbs__link\" data-nr-picture-id=\"6a7a1eec3cf96c0001780431\" href=\"https:\/\/www.archdaily.com\/es\/1183123\/bungalow-txai-tetro-arquitetura\/6a7a1eec3cf96c0001780431-txai-bungalow-tetro-arquitetura-photo\" rel=\"attachment nofollow noopener\" target=\"_blank\"><img loading=\"lazy\" decoding=\"async\" alt=\"Bungalow Txai \/ TETRO Arquitetura - Fotograf\u00eda interior, Comedor, Madera, Mesas, Sillas, Terraza\" class=\"thumbs__img b-lazy\" data-nr-picture-id=\"6a7a1eec3cf96c0001780431\" data-pin-nopin=\"true\" src=\"https:\/\/www.europesays.com\/es\/wp-content\/uploads\/2026\/08\/IMG_7120_1_2_copiar_2.jpg\" height=\"125\" longdesc=\"https:\/\/www.archdaily.com\/es\/1183123\/bungalow-txai-tetro-arquitetura\/6a7a1eec3cf96c0001780431-txai-bungalow-tetro-arquitetura-photo\" title=\"\u00a9 Lup\u00e9rcio Fotografia\" width=\"125\"\/><\/a><a class=\"thumbs__link afd-desktop-e\" href=\"https:\/\/www.archdaily.com\/es\/1183123\/bungalow-txai-tetro-arquitetura\/6a7a1eea3cf96c000178042b-txai-bungalow-tetro-arquitetura-photo\" rel=\"nofollow noopener\" target=\"_blank\"><img decoding=\"async\" alt=\"Bungalow Txai \/ TETRO Arquitetura - M\u00e1s Im\u00e1genes\" class=\"thumbs__img b-lazy\" src=\"https:\/\/www.europesays.com\/es\/wp-content\/uploads\/2026\/08\/IMG_7327_8_9_copiar.jpg\" itemprop=\"image\" bad-src=\"data:image\/gif;base64,R0lGODlhAQABAIAAAAUEBAAAACwAAAAAAQABAAACAkQBADs=\"\/>+ 16<\/a><\/p>\n<p class=\"article-meta__author\">Curado por <strong>Susanna Moreira<\/strong><\/p>\n<p class=\"article-meta__original-version\">Lee la versi\u00f3n original en portugu\u00e9s <a href=\"https:\/\/www.archdaily.com\/pt\/1182513\/bangalo-txai-tetro-arquitetura\" rel=\"nofollow noopener\" target=\"_blank\">aqu\u00ed<\/a>.<\/p>\n<p>    Compartir<\/p>\n<p>Compartir<\/p>\n<ul class=\"afd-share__networks clearfix\">\n<li class=\"afd-share__social\"><a aria-label=\"Facebook\" class=\"afd-share__button\" data-insights-category=\"share\" data-insights-label=\"facebook_sharing_options\" data-insights-value=\"1183123\" data-social=\"facebook\" href=\"https:\/\/www.facebook.com\/sharer\/sharer.php?u=https:\/\/www.archdaily.cl\/es\/1183123\/bungalow-txai-tetro-arquitetura\" rel=\"nofollow noopener\" target=\"_blank\"><\/a>\n<p>Facebook<\/p>\n<\/li>\n<li class=\"afd-share__social\"><a aria-label=\"Twitter\" class=\"afd-share__button\" data-insights-category=\"share\" data-insights-label=\"twitter_sharing_options\" data-insights-value=\"1183123\" data-social=\"twitter\" href=\"https:\/\/twitter.com\/intent\/tweet?text=Bungalow%20Txai%20%2F%20TETRO%20Arquitetura&amp;url=https:\/\/www.archdaily.cl\/es\/1183123\/bungalow-txai-tetro-arquitetura&amp;via=parq\" rel=\"nofollow noopener\" target=\"_blank\"><\/a>\n<p>Twitter<\/p>\n<\/li>\n<li class=\"afd-share__social\"><a class=\"afd-share__button\" data-insights-category=\"share\" data-insights-label=\"email_sharing_options\" data-insights-value=\"1183123\" data-social=\"email\" href=\"mailto:?subject=Bungalow Txai \/ TETRO Arquitetura&amp;body=https:\/\/www.archdaily.cl\/es\/1183123\/bungalow-txai-tetro-arquitetura\"><\/a>\n<p>Mail<\/p>\n<\/li>\n<li class=\"afd-share__social\"><a aria-label=\"Pinterest\" class=\"afd-share__button\" data-insights-category=\"share\" data-insights-label=\"pinterest_sharing_options\" data-insights-value=\"1183123\" data-social=\"pinterest\" href=\"https:\/\/pinterest.com\/pin\/create\/button\/?url=https%3A%2F%2Fwww.archdaily.cl%2Fes%2F1183123%2Fbungalow-txai-tetro-arquitetura&amp;media=https%3A%2F%2Fimages.adsttc.com%2Fmedia%2Fimages%2F6a7a%2F1eea%2F3cf9%2F6c00%2F0178%2F042b%2Flarge_jpg%2FIMG_7327_8_9_copiar.jpg%3F1786388219&amp;description=Bungalow%20Txai%20%2F%20TETRO%20Arquitetura\" rel=\"nofollow noopener\" target=\"_blank\"><\/a>\n<p>Pinterest<\/p>\n<\/li>\n<li class=\"afd-share__social\"><a aria-label=\"Whatsapp\" class=\"afd-share__button\" data-action=\"share\/whatsapp\/share\" data-insights-category=\"share\" data-insights-label=\"whatsapp_sharing_options\" data-insights-value=\"1183123\" data-social=\"whatsapp\" href=\"whatsapp:\/\/send?text=Bungalow+Txai+%2F+TETRO+Arquitetura+%7C+https%3A%2F%2Fwww.archdaily.cl%2Fes%2F1183123%2Fbungalow-txai-tetro-arquitetura%3Futm_source%3DWhatsapp%26utm_medium%3DIM%26utm_campaign%3Dshare-button\" rel=\"nofollow\"><\/a>\n<p>Whatsapp<\/p>\n<\/li>\n<\/ul>\n<p>O<\/p>\n<p>https:\/\/www.archdaily.cl\/es\/1183123\/bungalow-txai-tetro-arquitetura<\/p>\n<p>  Portapapeles<\/p>\n<p>              \u00abCOPY\u00bb<\/p>\n<p>Copiar<\/p>\n<ul class=\"afd-char-list afd-specs__item-container js-char-list\">\n<li class=\"afd-specs__item\">\n<\/li>\n<li class=\"afd-specs__item\">\n  \u00c1rea<br \/>\n  \u00c1rea del proyecto de arquitectura <\/p>\n<p>\u00c1rea:\u00a0<br \/>\n        <a href=\"https:\/\/www.archdaily.com\/search\/es\/projects\/min_area\/616\/max_area\/924?ad_name=project-specs&amp;ad_medium=single\" rel=\"nofollow noopener\" target=\"_blank\">770<\/a> m\u00b2<\/li>\n<li class=\"afd-specs__item\">\n<p>  A\u00f1o<br \/>\n  A\u00f1o del Proyecto de arquitectura<\/p>\n<p>            A\u00f1o:\u00a0<\/p>\n<p>                    <a href=\"https:\/\/www.archdaily.com\/search\/es\/projects\/year\/2025?ad_name=project-specs&amp;ad_medium=single\" rel=\"nofollow noopener\" target=\"_blank\"><br \/>\n          2025<br \/>\n        <\/a><\/p>\n<\/li>\n<li class=\"afd-specs__item\">\n<p>  Fot\u00f3grafos<\/p>\n<\/li>\n<li class=\"afd-specs__item\">\n<p>  Proveedores<br \/>\n  Marcas y productos usados en este proyecto de arquitectura<\/p>\n<p>Proveedores: \u00a0<a href=\"https:\/\/www.archdaily.com\/catalog\/es\/companies\/475\/todeschini\" rel=\"nofollow noopener\" target=\"_blank\">Todeschini<\/a>, Demuner, Hunter Douglas, Live Fitness, Matrix Marble &amp; Stone<\/li>\n<\/ul>\n<p><a class=\"js-image-size__link lazy-anchor\" href=\"https:\/\/www.archdaily.com\/es\/1183123\/bungalow-txai-tetro-arquitetura\/6a7a1ee83cf96c0001780428-txai-bungalow-tetro-arquitetura-photo\" rel=\"nofollow noopener\" target=\"_blank\"><img decoding=\"async\" alt=\"Bungalow Txai \/ TETRO Arquitetura - Imagen 2 de 21\" data-nr-picture-id=\"6a7a1ee83cf96c0001780428\" height=\"427\" itemprop=\"image\" loading=\"lazy\" longdesc=\"https:\/\/www.archdaily.com\/es\/1183123\/bungalow-txai-tetro-arquitetura\/6a7a1ee83cf96c0001780428-txai-bungalow-tetro-arquitetura-photo\" src=\"https:\/\/www.europesays.com\/es\/wp-content\/uploads\/2026\/08\/1786562668_892_1.jpg\" width=\"640\"\/>\u00a9 Lup\u00e9rcio Fotografia<\/a><\/p>\n<p>Descripci\u00f3n enviada por el equipo del proyecto. Ubicado en <a href=\"https:\/\/www.archdaily.com\/es\/tag\/itacare\" rel=\"nofollow noopener\" target=\"_blank\">Itacar\u00e9<\/a>, en el litoral sur de Bah\u00eda, el Bangal\u00f4 Txai ocupa una ladera elevada frente al mar. Desde el terreno, la vista se abre en casi 180 grados sobre el oc\u00e9ano, por encima de las palmeras y los cocoteros existentes. Aislada en medio de la naturaleza, la casa se organiza a partir de la relaci\u00f3n directa con la topograf\u00eda, la vegetaci\u00f3n y el clima.<\/p>\n<p><img decoding=\"async\" src=\"https:\/\/www.europesays.com\/es\/wp-content\/uploads\/2026\/08\/1786562670_160_loader-blue.gif\" alt=\"Content Loader\" style=\"width: 40px; margin: 24px;\"\/><script async src=\"https:\/\/platform.twitter.com\/widgets.js\" charset=\"utf-8\"><\/script><\/p>\n","protected":false},"excerpt":{"rendered":"\u00a9 Lup\u00e9rcio Fotografia + 16 Curado por Susanna Moreira Lee la versi\u00f3n original en portugu\u00e9s aqu\u00ed. Compartir Compartir&hellip;\n","protected":false},"author":2,"featured_media":707851,"comment_status":"","ping_status":"","sticky":false,"template":"","format":"standard","meta":{"footnotes":""},"categories":[173],"tags":[801,802,229,233,231,230,3738,232,234,146,147,25,24,127230,23],"class_list":["post-707850","post","type-post","status-publish","format-standard","has-post-thumbnail","category-arte-y-diseno","tag-arquitectura","tag-arquitectura-residencial","tag-arte","tag-arte-y-diseno","tag-arts","tag-arts-and-design","tag-casas","tag-design","tag-diseno","tag-entertainment","tag-entretenimiento","tag-es","tag-espana","tag-itacare","tag-spain"],"share_on_mastodon":{"url":"https:\/\/pubeurope.com\/@es\/117084178004428004","error":""},"_links":{"self":[{"href":"https:\/\/www.europesays.com\/es\/wp-json\/wp\/v2\/posts\/707850","targetHints":{"allow":["GET"]}}],"collection":[{"href":"https:\/\/www.europesays.com\/es\/wp-json\/wp\/v2\/posts"}],"about":[{"href":"https:\/\/www.europesays.com\/es\/wp-json\/wp\/v2\/types\/post"}],"author":[{"embeddable":true,"href":"https:\/\/www.europesays.com\/es\/wp-json\/wp\/v2\/users\/2"}],"replies":[{"embeddable":true,"href":"https:\/\/www.europesays.com\/es\/wp-json\/wp\/v2\/comments?post=707850"}],"version-history":[{"count":0,"href":"https:\/\/www.europesays.com\/es\/wp-json\/wp\/v2\/posts\/707850\/revisions"}],"wp:featuredmedia":[{"embeddable":true,"href":"https:\/\/www.europesays.com\/es\/wp-json\/wp\/v2\/media\/707851"}],"wp:attachment":[{"href":"https:\/\/www.europesays.com\/es\/wp-json\/wp\/v2\/media?parent=707850"}],"wp:term":[{"taxonomy":"category","embeddable":true,"href":"https:\/\/www.europesays.com\/es\/wp-json\/wp\/v2\/categories?post=707850"},{"taxonomy":"post_tag","embeddable":true,"href":"https:\/\/www.europesays.com\/es\/wp-json\/wp\/v2\/tags?post=707850"}],"curies":[{"name":"wp","href":"https:\/\/api.w.org\/{rel}","templated":true}]}}