{"id":708054,"date":"2026-08-12T22:02:15","date_gmt":"2026-08-12T22:02:15","guid":{"rendered":"https:\/\/www.europesays.com\/es\/708054\/"},"modified":"2026-08-12T22:02:15","modified_gmt":"2026-08-12T22:02:15","slug":"nuevo-calendario-vacunal-de-trump-mas-brotes-de-sarampion-a-corto-plazo-en-ninos-y-trabas-en-tiempo-dinero-y-disponibilidad","status":"publish","type":"post","link":"https:\/\/www.europesays.com\/es\/708054\/","title":{"rendered":"Nuevo calendario vacunal de Trump: m\u00e1s brotes de sarampi\u00f3n a corto plazo en ni\u00f1os y trabas en \u00abtiempo, dinero y disponibilidad\u00bb"},"content":{"rendered":"<p id=\"paragraph_1\">La decisi\u00f3n de Estados Unidos de modificar sus recomendaciones federales de<strong> vacunaci\u00f3n infantil <\/strong>ha encendido las alarmas entre los pediatras espa\u00f1oles. La nueva pol\u00edtica impulsada por la Administraci\u00f3n de Donald Trump <strong>reduce de 18 a 11 el n\u00famero de enfermedades<\/strong> frente a las que se recomienda la inmunizaci\u00f3n infantil de forma general y plantea, entre otras medidas, <a data-forcefollow=\"false\" data-sponsored=\"false\" href=\"https:\/\/www.redaccionmedica.com\/politica\/internacional\/20260811\/trump-quiere-reducir-el-calendario-de-vacunacion-infantil-dividir-la-del-sarampion-paperas-rubeola\/348897_0.html\" rel=\"nofollow noopener\" target=\"_blank\">administrar por separado<\/a> las vacunas frente al sarampi\u00f3n, las paperas y la rub\u00e9ola, en lugar de utilizar la triple v\u00edrica combinada. Por eso, para Pepe Serrano, vocal del Comit\u00e9 Asesor de Vacunas de la <strong>Asociaci\u00f3n Espa\u00f1ola de Pediatr\u00eda<\/strong> (AEP), el principal riesgo es que una mayor complejidad termine reduciendo el n\u00famero de ni\u00f1os que completan sus pautas de vacunaci\u00f3n.<\/p>\n<p class=\"paragraph\" id=\"paragraph_2\">El cambio se produce mediante una orden ejecutiva que insta a revisar las recomendaciones federales y a dar un mayor peso a la <strong>decisi\u00f3n de los padres<\/strong>. La medida no significa que todas las vacunas afectadas dejen inmediatamente de estar disponibles, pero s\u00ed modifica su consideraci\u00f3n dentro de las recomendaciones nacionales y puede tener <strong>repercusiones sobre su acceso y financiaci\u00f3n.<\/strong><\/p>\n<p>M\u00e1s obst\u00e1culos para completar la vacunaci\u00f3n<\/p>\n<p class=\"paragraph\" id=\"paragraph_3\">Serrano considera que separar la vacuna triple v\u00edrica en tres preparados introduce dificultades que actualmente no existen con la <strong>formulaci\u00f3n combinada<\/strong>. \u201cVa a ser m\u00e1s dif\u00edcil administrarlas por cuesti\u00f3n de tiempo, <a data-forcefollow=\"false\" data-sponsored=\"false\" href=\"https:\/\/www.redaccionmedica.com\/politica\/internacional\/20260728\/el-repunte-del-sarampion-en-eeuu-rebasa-el-total-de-tras-tijeretazo-sanitario-trump\/348123_0.html\" rel=\"nofollow noopener\" target=\"_blank\">por cuesti\u00f3n econ\u00f3mica<\/a>, por cuesti\u00f3n de disponibilidad para los padres y por cuesti\u00f3n de disponibilidad para la vacuna\u201d, explica.<\/p>\n<p class=\"paragraph\" id=\"paragraph_4\">El pediatra se\u00f1ala adem\u00e1s que el planteamiento estadounidense se enfrenta a un problema pr\u00e1ctico: las vacunas individuales frente a sarampi\u00f3n, paperas y rub\u00e9ola no forman actualmente parte de la <strong>oferta disponible en Estados Unidos<\/strong> como alternativa habitual a la triple v\u00edrica. Seg\u00fan ha indicado, para aplicar la nueva estrategia ser\u00eda necesario primero disponer de estos productos y posteriormente obtener las correspondientes autorizaciones regulatorias de la Administraci\u00f3n de Alimentos y Medicamentos (FDA).<\/p>\n<p class=\"paragraph\" id=\"paragraph_5\">La prensa estadounidense tambi\u00e9n ha recogido que las vacunas individuales que permitir\u00edan separar la triple v\u00edrica no est\u00e1n actualmente disponibles en el pa\u00eds. A juicio del representante de la AEP, esta combinaci\u00f3n de factores podr\u00eda terminar \u00aben una ca\u00edda de las coberturas vacunales\u00bb y, por lo tanto, en un \u00ab<strong>aumento de estas tres enfermedades<\/strong> transmisibles a corto o medio plazo\u00bb.<\/p>\n<p>El sarampi\u00f3n, el principal riesgo<\/p>\n<p class=\"paragraph\" id=\"paragraph_6\">Entre las tres enfermedades, Serrano destaca especialmente el sarampi\u00f3n por su <strong>elevada capacidad de transmisi\u00f3n<\/strong>. El problema, recuerda, no se limita a los s\u00edntomas habituales de la infecci\u00f3n. \u201cEl sarampi\u00f3n es de las m\u00e1s contagiosas que hay y no es, como mucha gente cree, una enfermedad simple de<strong> fiebre, malestar <\/strong>y cuatro granitos en ni\u00f1os\u201d, afirma.<\/p>\n<p class=\"paragraph\" id=\"paragraph_7\">El pediatra advierte de que la infecci\u00f3n puede ocasionar<strong> complicaciones graves<\/strong> y, en una proporci\u00f3n reducida de los casos, consecuencias potencialmente mortales. La preocupaci\u00f3n aumenta en un contexto en el que Estados Unidos ya ha registrado <a data-forcefollow=\"false\" data-sponsored=\"false\" href=\"https:\/\/www.redaccionmedica.com\/politica\/sanidad-hoy\/20260608\/la-escalada-de-sarampion-en-eeuu-cuestiona-la-inercia-antivacunas-trump\/311499_0.html\" rel=\"nofollow noopener\" target=\"_blank\">nuevos brotes de sarampi\u00f3n<\/a>. Serrano sostiene que una reducci\u00f3n de las coberturas podr\u00eda acelerar la transmisi\u00f3n porque \u00abla vacuna es la \u00fanica medida preventiva que existe\u00bb y, al disminuir el n\u00famero de personas inmunizadas, aumenta el n\u00famero de <strong>individuos susceptibles al virus<\/strong>.<\/p>\n<p class=\"paragraph\" id=\"paragraph_8\">El experto explica que la elevada cobertura vacunal permite frenar las cadenas de transmisi\u00f3n cuando aparece un <strong>caso importado.<\/strong> Como ejemplo, apunta que en Espa\u00f1a la <a data-forcefollow=\"false\" data-sponsored=\"false\" href=\"https:\/\/www.redaccionmedica.com\/politica\/sanidad-hoy\/20260811\/espana-antepone-la-mejora-de-vacunacion-contra-sarampion-los-controles-fronterizos\/348940_0.html\" rel=\"nofollow noopener\" target=\"_blank\">cobertura frente al sarampi\u00f3n<\/a> ronda el<strong> 98 por ciento<\/strong> y que esta protecci\u00f3n poblacional dificulta que un caso aislado genere una cadena amplia de contagios. \u00abEl desarrollo de la enfermedad, la transmisibilidad de la enfermedad, cuando estamos en un entorno no vacunado, es muy importante\u201d, a\u00f1ade.<\/p>\n<p>Los beb\u00e9s, entre los m\u00e1s vulnerables<\/p>\n<p class=\"paragraph\" id=\"paragraph_9\">Aunque el descenso de la inmunizaci\u00f3n puede afectar a toda la poblaci\u00f3n, Serrano pone el foco en los beb\u00e9s que todav\u00eda no <strong>han alcanzado la edad habitual <\/strong>para recibir la vacuna. Durante los primeros meses de vida, los ni\u00f1os pueden contar con \u00ab<strong>anticuerpos maternos <\/strong>que han atravesado la placenta durante el embarazo\u00bb. Esta protecci\u00f3n disminuye progresivamente, dejando a los lactantes cada vez m\u00e1s expuestos antes de que puedan recibir la vacunaci\u00f3n correspondiente.<\/p>\n<p class=\"paragraph\" id=\"paragraph_10\">Por ello, una disminuci\u00f3n general de las coberturas no solo afectar\u00eda a quienes deciden no vacunarse, sino que podr\u00eda aumentar indirectamente la exposici\u00f3n de personas que todav\u00eda no pueden estar completamente protegidas.<\/p>\n<p>\u201cNo hay ning\u00fan beneficio\u201d en separar la triple v\u00edrica<\/p>\n<p class=\"paragraph\" id=\"paragraph_11\">Sobre si existe alguna ventaja m\u00e9dica o beneficio que justifique sustituir la vacuna combinada por tres vacunas independientes, Serrano es tajante: \u00abNo hay absolutamente ninguno\u201d. El vocal de la AEP sostiene que los organismos reguladores y las autoridades sanitarias han respaldado durante a\u00f1os la utilizaci\u00f3n de la vacuna combinada porque facilita la administraci\u00f3n y favorece el <strong>cumplimiento de las pautas.<\/strong><\/p>\n<p class=\"paragraph\" id=\"paragraph_12\">En este sentido, considera que la modificaci\u00f3n estadounidense no responde a una necesidad m\u00e9dica, sino que a\u00f1ade obst\u00e1culos a un proceso que actualmente es m\u00e1s sencillo para las familias y para los <strong>profesionales sanitarios<\/strong>.<\/p>\n<p>Una medida con efecto m\u00e1s pol\u00edtico que pr\u00e1ctico<\/p>\n<p class=\"paragraph\" id=\"paragraph_13\">A pesar de su preocupaci\u00f3n por el mensaje que transmite la nueva pol\u00edtica estadounidense, Serrano considera que sus efectos pr\u00e1cticos inmediatos podr\u00edan ser m\u00e1s limitados de lo que inicialmente parece. La raz\u00f3n est\u00e1, por un lado, en la estructura descentralizada del sistema estadounidense y, por otro, en la falta de <strong>disponibilidad inmediata de las vacunas<\/strong> individuales necesarias para aplicar la separaci\u00f3n de la triple v\u00edrica.<\/p>\n<p class=\"paragraph\" id=\"paragraph_14\">\u201cLa repercusi\u00f3n de esto yo creo que es m\u00e1s medi\u00e1tica que pr\u00e1ctica\u201d, afirma. Y es que, seg\u00fan Serrano, los estados tienen capacidad para establecer sus propios <strong>calendarios y recomendaciones<\/strong>. En este sentido, asegura que aproximadamente <strong>23 de 46 estados <\/strong>se han pronunciado en contra de seguir la nueva orientaci\u00f3n federal, aunque prev\u00e9 que puedan sumarse m\u00e1s.<\/p>\n<p class=\"paragraph\" id=\"paragraph_15\">Finalmente, Serrano no cree que la decisi\u00f3n estadounidense vaya a imitarse <strong>en Espa\u00f1a o Europa<\/strong>, ya que considera que los mecanismos regulatorios y sanitarios hacen \u00abmuy improbable\u00bb que se adopte una decisi\u00f3n de estas caracter\u00edsticas. Sin embargo, s\u00ed identifica otro posible efecto: <strong>la influencia del mensaje pol\u00edtico<\/strong> sobre la percepci\u00f3n social de las vacunas. \u201cEl peligro que yo le veo es que estas difamaciones y tonter\u00edas dan alas a aquellos que ya est\u00e1n comulgando con estas teor\u00edas antivacunas\u201d, afirma, concluyendo que las decisiones sobre vacunaci\u00f3n deben sustentarse en la evidencia cient\u00edfica y no en declaraciones pol\u00edticas.<\/p>\n","protected":false},"excerpt":{"rendered":"La decisi\u00f3n de Estados Unidos de modificar sus recomendaciones federales de vacunaci\u00f3n infantil ha encendido las alarmas entre&hellip;\n","protected":false},"author":2,"featured_media":708055,"comment_status":"","ping_status":"","sticky":false,"template":"","format":"standard","meta":{"footnotes":""},"categories":[92],"tags":[127254,25,24,629,165,166,3829,127255,23,1454],"class_list":["post-708054","post","type-post","status-publish","format-standard","has-post-thumbnail","category-salud","tag-asoc-espanola-pediatria-aep","tag-es","tag-espana","tag-estados-unidos","tag-health","tag-salud","tag-sarampion","tag-sociedades-cientificas","tag-spain","tag-vacunas"],"share_on_mastodon":{"url":"https:\/\/pubeurope.com\/@es\/117084798722175758","error":""},"_links":{"self":[{"href":"https:\/\/www.europesays.com\/es\/wp-json\/wp\/v2\/posts\/708054","targetHints":{"allow":["GET"]}}],"collection":[{"href":"https:\/\/www.europesays.com\/es\/wp-json\/wp\/v2\/posts"}],"about":[{"href":"https:\/\/www.europesays.com\/es\/wp-json\/wp\/v2\/types\/post"}],"author":[{"embeddable":true,"href":"https:\/\/www.europesays.com\/es\/wp-json\/wp\/v2\/users\/2"}],"replies":[{"embeddable":true,"href":"https:\/\/www.europesays.com\/es\/wp-json\/wp\/v2\/comments?post=708054"}],"version-history":[{"count":0,"href":"https:\/\/www.europesays.com\/es\/wp-json\/wp\/v2\/posts\/708054\/revisions"}],"wp:featuredmedia":[{"embeddable":true,"href":"https:\/\/www.europesays.com\/es\/wp-json\/wp\/v2\/media\/708055"}],"wp:attachment":[{"href":"https:\/\/www.europesays.com\/es\/wp-json\/wp\/v2\/media?parent=708054"}],"wp:term":[{"taxonomy":"category","embeddable":true,"href":"https:\/\/www.europesays.com\/es\/wp-json\/wp\/v2\/categories?post=708054"},{"taxonomy":"post_tag","embeddable":true,"href":"https:\/\/www.europesays.com\/es\/wp-json\/wp\/v2\/tags?post=708054"}],"curies":[{"name":"wp","href":"https:\/\/api.w.org\/{rel}","templated":true}]}}