{"id":708064,"date":"2026-08-12T22:07:16","date_gmt":"2026-08-12T22:07:16","guid":{"rendered":"https:\/\/www.europesays.com\/es\/708064\/"},"modified":"2026-08-12T22:07:16","modified_gmt":"2026-08-12T22:07:16","slug":"eclipse-solar-en-navarra-2026-en-directo-asi-hemos-vivido-un-momento-historico","status":"publish","type":"post","link":"https:\/\/www.europesays.com\/es\/708064\/","title":{"rendered":"Eclipse solar en Navarra 2026, en directo: \u00a1As\u00ed hemos vivido un momento hist\u00f3rico!"},"content":{"rendered":"<p class=\"article-body__text \">\n        * Minuto a minuto por: Leire Fari\u00f1as, Izaro D\u00edaz, Ion Erice, Carlota Taberneiro, I. Platero, D. Eusa, U. Aldave, Javier Arizaleta, Mar\u00eda San Gil, Saioa Mart\u00ednez, Unai Beroiz, I\u00f1aki Porto, Patxi Cascante, Oskar Montero, Iban Aguinaga, Javier Bergasa&#8230;\n<\/p>\n<p>      \ud83c\udf12<\/p>\n<p class=\"ecl-head-title\">Env\u00edanos tus mensajes o fotos del eclipse solar<\/p>\n<p class=\"ecl-head-sub\">Rellena tus datos y te abrimos WhatsApp con el mensaje listo<\/p>\n<p class=\"ecl-error\" id=\"ecl-error\">Completa nombre, apellidos y ubicaci\u00f3n.<\/p>\n<p class=\"article-body__text \">\n        Si participas, <strong>Diario de Noticias no mostrar\u00e1 tus datos de contacto<\/strong>. Junto a tu aportaci\u00f3n podr\u00e1n aparecer \u00fanicamente <strong>tu nombre, apellido y localidad<\/strong>, salvo que indiques lo contrario. <a href=\"https:\/\/www.noticiasdenavarra.com\/politica-privacidad\/\" title=\"Privacidad\" class=\"link copy\" rel=\"nofollow noopener\" target=\"_blank\">Privacidad<\/a>.<\/p>\n","protected":false},"excerpt":{"rendered":"* Minuto a minuto por: Leire Fari\u00f1as, Izaro D\u00edaz, Ion Erice, Carlota Taberneiro, I. Platero, D. Eusa, U.&hellip;\n","protected":false},"author":2,"featured_media":708065,"comment_status":"","ping_status":"","sticky":false,"template":"","format":"standard","meta":{"footnotes":""},"categories":[8],"tags":[3076,17,18,2125,32994,25,24,13,14,11,19,20,708,9,10,15,16,5653,23,12,21,22],"class_list":["post-708064","post","type-post","status-publish","format-standard","has-post-thumbnail","category-espana","tag-3076","tag-breaking-news","tag-breakingnews","tag-directo","tag-eclipse","tag-es","tag-espana","tag-featured-news","tag-featurednews","tag-headlines","tag-latest-news","tag-latestnews","tag-navarra","tag-news","tag-noticias","tag-noticias-destacadas","tag-noticiasdestacadas","tag-solar","tag-spain","tag-titulares","tag-ultimas-noticias","tag-ultimasnoticias"],"share_on_mastodon":{"url":"https:\/\/pubeurope.com\/@es\/117084818401026909","error":""},"_links":{"self":[{"href":"https:\/\/www.europesays.com\/es\/wp-json\/wp\/v2\/posts\/708064","targetHints":{"allow":["GET"]}}],"collection":[{"href":"https:\/\/www.europesays.com\/es\/wp-json\/wp\/v2\/posts"}],"about":[{"href":"https:\/\/www.europesays.com\/es\/wp-json\/wp\/v2\/types\/post"}],"author":[{"embeddable":true,"href":"https:\/\/www.europesays.com\/es\/wp-json\/wp\/v2\/users\/2"}],"replies":[{"embeddable":true,"href":"https:\/\/www.europesays.com\/es\/wp-json\/wp\/v2\/comments?post=708064"}],"version-history":[{"count":0,"href":"https:\/\/www.europesays.com\/es\/wp-json\/wp\/v2\/posts\/708064\/revisions"}],"wp:featuredmedia":[{"embeddable":true,"href":"https:\/\/www.europesays.com\/es\/wp-json\/wp\/v2\/media\/708065"}],"wp:attachment":[{"href":"https:\/\/www.europesays.com\/es\/wp-json\/wp\/v2\/media?parent=708064"}],"wp:term":[{"taxonomy":"category","embeddable":true,"href":"https:\/\/www.europesays.com\/es\/wp-json\/wp\/v2\/categories?post=708064"},{"taxonomy":"post_tag","embeddable":true,"href":"https:\/\/www.europesays.com\/es\/wp-json\/wp\/v2\/tags?post=708064"}],"curies":[{"name":"wp","href":"https:\/\/api.w.org\/{rel}","templated":true}]}}