{"id":7081,"date":"2025-07-27T13:31:09","date_gmt":"2025-07-27T13:31:09","guid":{"rendered":"https:\/\/www.europesays.com\/es\/7081\/"},"modified":"2025-07-27T13:31:09","modified_gmt":"2025-07-27T13:31:09","slug":"asi-hizo-melendi-sonar-el-himno-de-asturias-ante-4-millones-de-almas-y-tambien-canta-por-fernando-alonso","status":"publish","type":"post","link":"https:\/\/www.europesays.com\/es\/7081\/","title":{"rendered":"As\u00ed hizo Melendi sonar el himno de Asturias ante 4 millones de almas (y tambi\u00e9n canta por Fernando Alonso)"},"content":{"rendered":"<p class=\"ft-text\">Melendi lo ha vuelto a hacer.<strong> El cantante asturiano, oviedista hasta la m\u00e9dula y campe\u00f3n de asturian\u00eda, se llev\u00f3 ayer a la Real Banda de Gaitas \u00abCiudad de Oviedo\u00bb al estadio de La Cartuja de Sevilla.<\/strong><\/p>\n<p class=\"ft-text\"><strong>Vestido con camiseta de Cazorla<\/strong>, Melendi recibi\u00f3 a los gaiteros para hacer sonar el \u00abAsturias patria querida\u00bb en el arranque de la competici\u00f3n \u00abLa velada del a\u00f1o\u00bb, organizada por el popular youtuber Ibai Llano.<\/p>\n<p class=\"ft-text\">El himno regional son\u00f3 ante las 70.000 personas en el estadio y los casi 4 millones que segu\u00edan la velada en Twitch y adem\u00e1s se convirti\u00f3 en uno de los momentos m\u00e1s comentados por redes sociales, por la sorpresa que supuso el himno de Asturias en una cita as\u00ed. Melendi junt\u00f3 oviedismo y asturian\u00eda, ya que, al salir con la camiseta de Cazorla, su actuaci\u00f3n tambi\u00e9n fue un homenaje al ascenso del Oviedo a Primera Divisi\u00f3n.<\/p>\n<p class=\"ft-text\">Pero no fue lo \u00fanico que hizo Melendi, ya que el cantante tambi\u00e9n interpret\u00f3 El Nano, la canci\u00f3n homenaje a Fernando Alonso, el piloto asturiano, muy conocida por los seguidores del piloto. Melendi se puso a botar con el final de la canci\u00f3n, siguiendo por el p\u00fablico y acompa\u00f1ado por India Martinez y Saiko.<\/p>\n<p>Una velada con mucho \u00e9xito<\/p>\n<p class=\"ft-text\">Se esperaba una noche emocionante y La Velada del a\u00f1o V de Ibai, uno de los eventos m\u00e1s seguidos en redes sociales que combina combates de boxeo y actuaciones musicales, que se ha celebrado este s\u00e1bado en el Estadio de La Cartuja de Sevilla, no ha defraudado.<\/p>\n<p class=\"ft-text\">Una hora m\u00e1s tarde ya hab\u00edan superado los 5 millones de dispositivos conectados a la vez. Las cifras de asistencia tambi\u00e9n son abrumadoras, 80.000 personas, seg\u00fan la organizaci\u00f3n, han asistido consiguiendo un lleno absoluto, igual que el a\u00f1o anterior en el Bernab\u00e9u.<\/p>\n<p class=\"ft-text\">Es la primera vez que La Velada se ha celebrado en horario nocturno, algo que podr\u00eda haber complicado la puesta en escena, pero las luces han acompa\u00f1ado de una manera casi hipnotizante todo lo que ocurr\u00eda sobre el escenario.<\/p>\n<p class=\"ft-text\">Si hay algo por lo que se caracteriza este formato, es por la cantidad de sorpresas que la organizaci\u00f3n tiene preparadas, logrando as\u00ed mantener la atenci\u00f3n de los asistentes y las personas que lo siguen en streaming, quienes no quieren perderse ni un solo momento.<\/p>\n<p class=\"ft-text\">La salida al escenario de Los del R\u00edo al ritmo de &#8216;Sevilla tiene un color especial&#8217; y el momento en el que han puesto a bailar al p\u00fablico al ritmo de &#8216;La Macarena&#8217; han sido uno de los grandes momentos de la noche.<\/p>\n<p class=\"ft-text\">\u00abIbai, espero que no pienses que soy un flipado, pero se me ha quedado corto, me he quedado con ganas de m\u00e1s\u00bb, ha dicho Perxitaa tras hacer un KO t\u00e9cnico a su rival, Gaspi, en el primer asalto. El combate m\u00e1s esperado, a pesar de no ser el principal del cartel, era el de Abby y RoRo. La creadora de contenido que se ha hecho famosa por preparar recetas a su novio Pablo, ha hecho una salida espectacular, acompa\u00f1ada de un gigante de acero mientras el p\u00fablico coreaba su nombre tras haber abucheado a su rival.<\/p>\n<p class=\"ft-text\">La victoria ha sido para Abby quien ha expresado que solo ve\u00eda a dos ganadoras, para finalmente abrazar a su contrincante.<\/p>\n<p class=\"ft-text\">El puertorrique\u00f1o Eladio Carri\u00f3n ha encendido al p\u00fablico, que ha coreado cada una de sus canciones, y ha convertido al estadio de La Cartuja en una pista de baile. \u00abSi lo puedes so\u00f1ar, lo puedes hacer\u00bb, se ha despedido el cantante, que har\u00e1 gira por Espa\u00f1a este 2025.<\/p>\n<p class=\"ft-text\">Otro de los combates que ha destacado ha sido el de Viruzz vs Mazza. Tras tres asaltos muy igualados, los jueces han decidido dar la victoria al espa\u00f1ol Viruzz.<\/p>\n<p class=\"ft-text\">Algunos problemas de sonido han aflorado durante la actuaci\u00f3n de Aitana que, acompa\u00f1ada de su cuerpo de baile, ha optado por cantar temas de su discograf\u00eda con estilos muy diferentes, como su balada &#8216;Vas a quedarte&#8217; o &#8216;Las babys&#8217;, con el que ha puesto a bailar al estadio.<\/p>\n<p class=\"ft-text\">Como guinda del pastel, la aparici\u00f3n sorpresa del reggaetonero Dai V, tras un Myke Towers que ha estado brillante y justo antes del combate principal entre Grefg y Westcol, en el que el \u00e1rbitro ha sentenciado KO t\u00e9cnico y Grefg se ha alzado con la victoria.<\/p>\n<p class=\"ft-text\">No tiene que gustarte especialmente el boxeo, ni el mundo de los creadores de contenido o streamers, ni todos los artistas que asisten a La Velada para disfrutar de ella. Es el ambiente que se genera, el ritmo r\u00e1pido entre espect\u00e1culo y espect\u00e1culo. Es un formato que ha sabido generar curiosidad y asentarse entre las generaciones m\u00e1s j\u00f3venes y no tan j\u00f3venes.<\/p>\n","protected":false},"excerpt":{"rendered":"Melendi lo ha vuelto a hacer. El cantante asturiano, oviedista hasta la m\u00e9dula y campe\u00f3n de asturian\u00eda, se&hellip;\n","protected":false},"author":2,"featured_media":7082,"comment_status":"","ping_status":"","sticky":false,"template":"","format":"standard","meta":{"footnotes":""},"categories":[174],"tags":[2627,1770,255,146,147,25,24,256,5682,5680,5683,1171,5681,23],"class_list":{"0":"post-7081","1":"post","2":"type-post","3":"status-publish","4":"format-standard","5":"has-post-thumbnail","7":"category-famosos","8":"tag-2627","9":"tag-asturias","10":"tag-celebrities","11":"tag-entertainment","12":"tag-entretenimiento","13":"tag-es","14":"tag-espana","15":"tag-famosos","16":"tag-himno","17":"tag-melendi","18":"tag-patria","19":"tag-sevilla","20":"tag-sonar","21":"tag-spain"},"share_on_mastodon":{"url":"","error":""},"_links":{"self":[{"href":"https:\/\/www.europesays.com\/es\/wp-json\/wp\/v2\/posts\/7081","targetHints":{"allow":["GET"]}}],"collection":[{"href":"https:\/\/www.europesays.com\/es\/wp-json\/wp\/v2\/posts"}],"about":[{"href":"https:\/\/www.europesays.com\/es\/wp-json\/wp\/v2\/types\/post"}],"author":[{"embeddable":true,"href":"https:\/\/www.europesays.com\/es\/wp-json\/wp\/v2\/users\/2"}],"replies":[{"embeddable":true,"href":"https:\/\/www.europesays.com\/es\/wp-json\/wp\/v2\/comments?post=7081"}],"version-history":[{"count":0,"href":"https:\/\/www.europesays.com\/es\/wp-json\/wp\/v2\/posts\/7081\/revisions"}],"wp:featuredmedia":[{"embeddable":true,"href":"https:\/\/www.europesays.com\/es\/wp-json\/wp\/v2\/media\/7082"}],"wp:attachment":[{"href":"https:\/\/www.europesays.com\/es\/wp-json\/wp\/v2\/media?parent=7081"}],"wp:term":[{"taxonomy":"category","embeddable":true,"href":"https:\/\/www.europesays.com\/es\/wp-json\/wp\/v2\/categories?post=7081"},{"taxonomy":"post_tag","embeddable":true,"href":"https:\/\/www.europesays.com\/es\/wp-json\/wp\/v2\/tags?post=7081"}],"curies":[{"name":"wp","href":"https:\/\/api.w.org\/{rel}","templated":true}]}}