{"id":708238,"date":"2026-08-13T00:35:16","date_gmt":"2026-08-13T00:35:16","guid":{"rendered":"https:\/\/www.europesays.com\/es\/708238\/"},"modified":"2026-08-13T00:35:16","modified_gmt":"2026-08-13T00:35:16","slug":"el-psoe-carga-contra-el-pp-por-hacer-un-uso-partidista-del-senado-tras-el-show-de-la-silla-vacia-al-no-ir-marlaska-para-comparecer-por-ceuta","status":"publish","type":"post","link":"https:\/\/www.europesays.com\/es\/708238\/","title":{"rendered":"El PSOE carga contra el PP por hacer un \u00abuso partidista\u00bb del Senado tras el show de la silla vac\u00eda al no ir Marlaska para comparecer por Ceuta"},"content":{"rendered":"<p class=\"L6-news-detail__text\">El Grupo Parlamentario Socialista ha reprochado al PP por su<b> \u00abuso partidista\u00bb del Senado<\/b>, al mantener la convocatoria para comparecer en comisi\u00f3n sobre <a title=\"Ceuta\" href=\"https:\/\/www.lasexta.com\/noticias\/nacional\/robles-aguanta-chaparron-cara-dialoga-vecinos-ceuta-que-increpan-gobierno-estamos-hartos_202608126a7c6080a046ad6ebcad5f21.html\" target=\"_blank\" rel=\"nofollow noopener\"><b>Ceuta<\/b><\/a> para el ministro <b>Fernando Grande-Marlaska,<\/b> cuando \u00e9l ya ha manifestado su voluntad de <a title=\"comparecer primero en el Congreso\" href=\"https:\/\/www.lasexta.com\/noticias\/nacional\/robles-bolanos-marlaska-albares-compareceran-peticion-propia-congreso-finales-agosto-gestion-crisis-ceuta_202608076a75823971b42a0b5de146e5.html\" target=\"_blank\" rel=\"nofollow noopener\"><b>comparecer primero en el Congreso<\/b><\/a>.<\/p>\n<p class=\"L6-news-detail__text\">Marlaska se ha ausentado este mi\u00e9rcoles de la comisi\u00f3n convocada en el Senado, donde el PP tiene mayor\u00eda absoluta, para informar sobre la crisis migratoria en Ceuta. Tampoco ha ido ning\u00fan senador socialista, pero eso no ha impedido al PP marcarse <b>un show dirigi\u00e9ndose a la silla vac\u00eda<\/b>. En el arranque de la comisi\u00f3n, su presidente, el senador popular Fernando Mart\u00ednez-Ma\u00edllo, ha hablado de esa silla vac\u00eda, algo que ha calificado \u00abinjustificable\u00bb.<\/p>\n<p class=\"L6-news-detail__text\"><b>\u00abEl Gobierno dar\u00e1 todas las explicaciones oportunas\u00bb<\/b> en el Congreso sobre \u00abel dispositivo que est\u00e1 a\u00fan en marcha y del que diariamente se reportan las medidas que se est\u00e1n llevando a cabo a trav\u00e9s de los medios de comunicaci\u00f3n por los distintos departamentos ministeriales\u00bb, se\u00f1ala un comunicado del PSOE, que ha criticado que el PP utilice \u00abde nuevo su mayor\u00eda absoluta en el Senado para <b>imponer una fecha\u00bb<\/b>.<\/p>\n<p class=\"L6-news-detail__text\">El PSOE reprocha al grupo popular que no haya consensuado el d\u00eda de la comisi\u00f3n con los otros grupos,<b> \u00abcon el \u00fanico inter\u00e9s de confrontar una vez m\u00e1s<\/b> con el Gobierno y el Congreso, como demuestra el que ni siquiera se hayan molestado en convocar la Junta de Portavoces\u00bb.<\/p>\n<p class=\"L6-news-detail__text\">\u00abEl PP reform\u00f3 unilateralmente el Reglamento del Senado para pervertir la funci\u00f3n constitucional que tiene encomendada esta C\u00e1mara y convertirla en una <b>herramienta de conflicto permanente y no de cooperaci\u00f3n<\/b> y colaboraci\u00f3n institucional\u00bb, lamenta el grupo socialista.<\/p>\n<p class=\"L6-news-detail__text\">No obstante, los socialistas aseguran que \u00aben ning\u00fan caso lo har\u00e1n utilizando a este grupo parlamentario para abusar groseramente de las funciones de esta instituci\u00f3n\u00bb.<\/p>\n<p class=\"L6-news-detail__text\">Asimismo, exigen al presidente del Senado, Pedro Roll\u00e1n, \u00abque act\u00fae como debe en la b\u00fasqueda de acuerdos y soluciones ante la discrepancia y no sum\u00e1ndose sin m\u00e1s a la posici\u00f3n del grupo mayoritario, sin escuchar al resto de grupos\u00bb.<\/p>\n<p>Marlaska volver\u00e1 a Ceuta<\/p>\n<p class=\"L6-news-detail__text\">Aunque no ha asistido a la comisi\u00f3n del Senado sobre Ceuta, <b>el ministro del Interior viajar\u00e1 este jueves a la ciudad aut\u00f3noma <\/b>para mantener una reuni\u00f3n de trabajo sobre la crisis migratoria con el delegado del Gobierno en Ceuta, <b>Miguel \u00c1ngel P\u00e9rez<\/b>, y con mandos de Polic\u00eda Nacional y de Guardia Civil.<\/p>\n<p class=\"L6-news-detail__text\">Marlaska, que acudi\u00f3 a Ceuta horas despu\u00e9s del estallido de la crisis junto a Pedro S\u00e1nchez, tambi\u00e9n se citar\u00e1 con el presidente de Ceuta, <b>Juan Jos\u00e9 Vivas<\/b>, como ya han hecho esta semana los ministros de Pol\u00edtica Territorial, <b>\u00c1ngel V\u00edctor Torres<\/b>; de Exteriores, <a title=\"Jos\u00e9 Manuel Albares\" href=\"https:\/\/www.lasexta.com\/noticias\/nacional\/albares-asegura-que-ultima-persona-que-entrado-irregularmente-ceuta-volvera-marruecos_202608116a7b022271b42a0b5de95ce1.html\" target=\"_blank\" rel=\"nofollow noopener\"><b>Jos\u00e9 Manuel Albares<\/b><\/a>; y de Defensa, <a title=\"Margarita Robles\" href=\"https:\/\/www.lasexta.com\/noticias\/nacional\/robles-aguanta-chaparron-cara-dialoga-vecinos-ceuta-que-increpan-gobierno-estamos-hartos_202608126a7c6080a046ad6ebcad5f21.html\" target=\"_blank\" rel=\"nofollow noopener\"><b>Margarita Robles<\/b><\/a>.<\/p>\n<p class=\"L6-news-detail__text\">Han pasado ya dos semanas desde la entrada masiva de m\u00e1s de <a title=\"70.000 inmigrantes que llegaron a nado a Ceuta desde Marruecos\" href=\"https:\/\/www.lasexta.com\/noticias\/nacional\/caos-impotencia-ceuta-borde-colapso-crisis-migratoria-uno-parte-alma_202607316a6cfcf0a046ad6ebc94314a.html\" target=\"_blank\" rel=\"nofollow noopener\"><b>70.000 inmigrantes que llegaron a nado a Ceuta desde Marruecos<\/b><\/a>. Desde entonces, la ciudad est\u00e1 inmersa en una crisis social, pol\u00edtica e institucional a pesar de que decenas de miles de inmigrantes regresaron a Rabat horas m\u00e1s tarde de haber entrado.<\/p>\n<p class=\"L6-news-detail__text\">Sin embargo, varias miles, muchos menores de edad, permanecen en la ciudad y se ven obligados a dormir en la calle.<\/p>\n<p class=\"L6-news-detail__text\"><a title=\"*A\u00f1ade laSexta como tu medio de referencia en Google y no te pierdas toda la actualidad y el mejor contenido\" href=\"https:\/\/www.google.com\/preferences\/source?q=lasexta.com\" target=\"_blank\" rel=\"nofollow noopener\"><b>*A\u00f1ade laSexta como tu medio de referencia en Google y no te pierdas toda la actualidad y el mejor contenido<\/b><\/a><\/p>\n<p class=\"L6-support-news-video__title\">Enfado de Mohamed VI<\/p>\n<p> <a href=\"https:\/\/www.lasexta.com\/noticias\/nacional\/entrada-masiva-migrantes-ceuta-habria-sido-venganza-marruecos-investigacion-europea-programa-pegasus_202608126a7ca75671b42a0b5debc5d6.html\" class=\"L6-news__link\" rel=\"nofollow noopener\" target=\"_blank\">La entrada masiva de migrantes en Ceuta habr\u00eda sido la venganza de Marruecos por una investigaci\u00f3n europea del programa Pegasus<\/p>\n<p class=\"recirculation-video-desc\">Los detalles Dos exagentes de los servicios secretos marroqu\u00edes apuntan a que el Gobierno dio la orden de relajar los controles para permitir el paso de miles de personas, aunque se\u00f1alan que el r\u00e9gimen no se esperaba una movilidad tan grande.<\/p>\n<p> <\/a><\/p>\n","protected":false},"excerpt":{"rendered":"El Grupo Parlamentario Socialista ha reprochado al PP por su \u00abuso partidista\u00bb del Senado, al mantener la convocatoria&hellip;\n","protected":false},"author":2,"featured_media":708239,"comment_status":"","ping_status":"","sticky":false,"template":"","format":"standard","meta":{"footnotes":""},"categories":[8],"tags":[17,18,4486,2125,25,24,13,14,14341,11,590,19,20,9,10,15,110362,16,6066,1699,6912,23,12,21,22],"class_list":["post-708238","post","type-post","status-publish","format-standard","has-post-thumbnail","category-espana","tag-breaking-news","tag-breakingnews","tag-ceuta","tag-directo","tag-es","tag-espana","tag-featured-news","tag-featurednews","tag-fernando-grande-marlaska","tag-headlines","tag-inmigracion","tag-latest-news","tag-latestnews","tag-news","tag-noticias","tag-noticias-destacadas","tag-noticias-ultima-hora","tag-noticiasdestacadas","tag-partido-popular-pp","tag-psoe","tag-senado","tag-spain","tag-titulares","tag-ultimas-noticias","tag-ultimasnoticias"],"share_on_mastodon":{"url":"https:\/\/pubeurope.com\/@es\/117085400243134000","error":""},"_links":{"self":[{"href":"https:\/\/www.europesays.com\/es\/wp-json\/wp\/v2\/posts\/708238","targetHints":{"allow":["GET"]}}],"collection":[{"href":"https:\/\/www.europesays.com\/es\/wp-json\/wp\/v2\/posts"}],"about":[{"href":"https:\/\/www.europesays.com\/es\/wp-json\/wp\/v2\/types\/post"}],"author":[{"embeddable":true,"href":"https:\/\/www.europesays.com\/es\/wp-json\/wp\/v2\/users\/2"}],"replies":[{"embeddable":true,"href":"https:\/\/www.europesays.com\/es\/wp-json\/wp\/v2\/comments?post=708238"}],"version-history":[{"count":0,"href":"https:\/\/www.europesays.com\/es\/wp-json\/wp\/v2\/posts\/708238\/revisions"}],"wp:featuredmedia":[{"embeddable":true,"href":"https:\/\/www.europesays.com\/es\/wp-json\/wp\/v2\/media\/708239"}],"wp:attachment":[{"href":"https:\/\/www.europesays.com\/es\/wp-json\/wp\/v2\/media?parent=708238"}],"wp:term":[{"taxonomy":"category","embeddable":true,"href":"https:\/\/www.europesays.com\/es\/wp-json\/wp\/v2\/categories?post=708238"},{"taxonomy":"post_tag","embeddable":true,"href":"https:\/\/www.europesays.com\/es\/wp-json\/wp\/v2\/tags?post=708238"}],"curies":[{"name":"wp","href":"https:\/\/api.w.org\/{rel}","templated":true}]}}