{"id":708296,"date":"2026-08-13T01:27:12","date_gmt":"2026-08-13T01:27:12","guid":{"rendered":"https:\/\/www.europesays.com\/es\/708296\/"},"modified":"2026-08-13T01:27:12","modified_gmt":"2026-08-13T01:27:12","slug":"el-privilegio-de-un-momento-historico","status":"publish","type":"post","link":"https:\/\/www.europesays.com\/es\/708296\/","title":{"rendered":"El \u201cprivilegio de un momento hist\u00f3rico\u201d"},"content":{"rendered":"<p>\n        \u201cSomos unos privilegiados por haber podido vivir en primera persona este momento hist\u00f3rico. Somos de Pamplona y hemos bajado a <a href=\"https:\/\/www.noticiasdenavarra.com\/tags\/tafalla\/\" title=\"Tafalla\" target=\"_blank\" class=\"link copy\" rel=\"nofollow noopener\">Tafalla<\/a> porque era punto m\u00e1s cercano donde podr\u00edamos vivir la experiencia completa del <a href=\"https:\/\/www.noticiasdenavarra.com\/tags\/eclipse\/\" title=\"eclipse\" target=\"_blank\" class=\"link copy\" rel=\"nofollow noopener\">eclipse<\/a>. Est\u00e1 siendo una pasada\u201d. As\u00ed descr\u00edbia la familia Hern\u00e1ndez, de Iru\u00f1a, lo vivido en la tarde de ayer en Tafalla. Como ellos,<strong> hasta 4.000 personas se acercaron a la zona habilitada por el Ayuntamiento<\/strong> para disfrutar de este fen\u00f3meno; a ellas se les sumaron otro par de miles de personas locales que tambi\u00e9n se sentaron al final de la calle \u00c1baco, conectada con la calle Miguel de Mezquiriz, el punto de observaci\u00f3n oficial.\n<\/p>\n<p class=\"article-body__text \">\n        Y como si de un macro concierto se tratase, las idas y venidas de personas se dejaron ver en la ciudad del Zidakos desde el punto de la ma\u00f1ana. \u201c<strong>El aforo est\u00e1 completo, tanto las 4.000 entradas vendidas como las 1.093 plazas de aparcamiento habilitadas<\/strong>. El origen de los visitantes ha sido muy variado: hemos recibido la mayor\u00eda de personas de la zona de Pamplona, aunque tambi\u00e9n de lugares cercanos como Gipuzkoa, Bizkaia, Huesca, Zaragoza o Galicia. <strong>Incluso de Portugal, Francia, B\u00e9lgica, Estados Unidos o China<\/strong>\u201d, explicaba Carlos Montoya, concejal de Comercio y Turismo, quien se ha involucrado desde hace m\u00e1s de dos meses en la organizaci\u00f3n de este evento que ha resultado ser multitudinario.\n<\/p>\n<p class=\"article-body__text \">\n        \u201cEstamos satisfechos por c\u00f3mo est\u00e1 saliendo todo, ya que desde Polic\u00eda Municipal y el resto de cuerpos de seguridad <strong>se ha hecho muy buen trabajo<\/strong>. A la vist\u00e1 est\u00e1 toda la gente que est\u00e1 entrando en el recinto aunque ahora se est\u00e9n formando algunas colas. Las personas que han llegado desde la ma\u00f1ana se les ha puesto una pulsera, para que puedan entrar sin hacer las colas y mientras, durante el d\u00eda,<strong> han podido disfrutar de todo lo que ofrece Tafalla <\/strong>: desde su comercio, hosteler\u00eda, Casco Antiguo y visitas guiadas preparadas para la ocasi\u00f3n\u201d, a\u00f1ad\u00eda el concejal.\n<\/p>\n<p class=\"article-body__text \">\n        <strong>Un eclipse prefiestas <\/strong>\n<\/p>\n<p class=\"article-body__text \">\n        Muchas de las personas que se han acercado hasta Tafalla se han llevado una sorpresa al descubrir que m\u00e1s all\u00e1 del eclipse, <strong>la ciudad estaba sumergida en plena semana prefiestas<\/strong>. \u201cHemos venido preparados con sombrillas, sillas, toallas y mucha comida para que la espera se haga m\u00e1s amena. Y al llegar nos hemos encontrado con que despu\u00e9s del eclipse hab\u00eda conciertos y mucho ambiente por el centro. No ten\u00edamos intenci\u00f3n de quedarnos pero una vuelta daremos por Tafalla\u201d, relataba Ant\u00eda Alonso, gallega de 45 a\u00f1os, quien aseguraba que este a\u00f1o, junto a su familia, han optado por pasar sus vacaciones en Navarra. \u201cEl s\u00e1bado estuvimos en <a href=\"https:\/\/www.noticiasdenavarra.com\/tags\/olite\/\" title=\"Olite\" target=\"_blank\" class=\"link copy\" rel=\"nofollow noopener\">Olite<\/a> visitando el Palacio y las <strong>fiestas Medievales<\/strong>; tambi\u00e9n hemos visitado Uju\u00e9 y la zona del Bazt\u00e1n. Nos ha encantado Navarra\u201d.\u00a0l<\/p>\n","protected":false},"excerpt":{"rendered":"\u201cSomos unos privilegiados por haber podido vivir en primera persona este momento hist\u00f3rico. Somos de Pamplona y hemos&hellip;\n","protected":false},"author":2,"featured_media":708297,"comment_status":"","ping_status":"","sticky":false,"template":"","format":"standard","meta":{"footnotes":""},"categories":[8],"tags":[17,18,25,24,13,14,11,1903,19,20,2812,9,10,15,16,23490,23,12,21,22],"class_list":["post-708296","post","type-post","status-publish","format-standard","has-post-thumbnail","category-espana","tag-breaking-news","tag-breakingnews","tag-es","tag-espana","tag-featured-news","tag-featurednews","tag-headlines","tag-historico","tag-latest-news","tag-latestnews","tag-momento","tag-news","tag-noticias","tag-noticias-destacadas","tag-noticiasdestacadas","tag-privilegio","tag-spain","tag-titulares","tag-ultimas-noticias","tag-ultimasnoticias"],"share_on_mastodon":{"url":"https:\/\/pubeurope.com\/@es\/117085604865564166","error":""},"_links":{"self":[{"href":"https:\/\/www.europesays.com\/es\/wp-json\/wp\/v2\/posts\/708296","targetHints":{"allow":["GET"]}}],"collection":[{"href":"https:\/\/www.europesays.com\/es\/wp-json\/wp\/v2\/posts"}],"about":[{"href":"https:\/\/www.europesays.com\/es\/wp-json\/wp\/v2\/types\/post"}],"author":[{"embeddable":true,"href":"https:\/\/www.europesays.com\/es\/wp-json\/wp\/v2\/users\/2"}],"replies":[{"embeddable":true,"href":"https:\/\/www.europesays.com\/es\/wp-json\/wp\/v2\/comments?post=708296"}],"version-history":[{"count":0,"href":"https:\/\/www.europesays.com\/es\/wp-json\/wp\/v2\/posts\/708296\/revisions"}],"wp:featuredmedia":[{"embeddable":true,"href":"https:\/\/www.europesays.com\/es\/wp-json\/wp\/v2\/media\/708297"}],"wp:attachment":[{"href":"https:\/\/www.europesays.com\/es\/wp-json\/wp\/v2\/media?parent=708296"}],"wp:term":[{"taxonomy":"category","embeddable":true,"href":"https:\/\/www.europesays.com\/es\/wp-json\/wp\/v2\/categories?post=708296"},{"taxonomy":"post_tag","embeddable":true,"href":"https:\/\/www.europesays.com\/es\/wp-json\/wp\/v2\/tags?post=708296"}],"curies":[{"name":"wp","href":"https:\/\/api.w.org\/{rel}","templated":true}]}}