{"id":708376,"date":"2026-08-13T02:33:26","date_gmt":"2026-08-13T02:33:26","guid":{"rendered":"https:\/\/www.europesays.com\/es\/708376\/"},"modified":"2026-08-13T02:33:26","modified_gmt":"2026-08-13T02:33:26","slug":"el-truco-escandinavo-de-daniela-y-martina-hijas-de-luis-figo-para-llevar-pantalones-negros-en-verano-y-estilizar-al-maximo-la-figura","status":"publish","type":"post","link":"https:\/\/www.europesays.com\/es\/708376\/","title":{"rendered":"El truco escandinavo de Daniela y Martina, hijas de Luis Figo, para llevar pantalones negros en verano y estilizar al m\u00e1ximo la figura"},"content":{"rendered":"<p id=\"ejZPWs5hbj\" data-wc=\"83\">El verano es la \u00e9poca perfecta para experimentar con nuestro armario, pero a menudo la verdadera clave del \u00e9xito estil\u00edstico reside en dominar los b\u00e1sicos. Es el primer paso. Quienes han demostrado ser unas aut\u00e9nticas expertas en esta materia son <a class=\"hm-link ho-link\" href=\"https:\/\/www.hola.com\/fashion\/20250826851900\/daniela-martina-figo-svedin-estilo-escandinavo-suecia-looks\/\" data-mrf-recirculation=\"article-body-link\" rel=\"nofollow noopener\" target=\"_blank\">Daniela y Martina, las hijas del exfutbolista Luis Figo y la modelo Helen Svedin<\/a>. Las hermanas han heredado de su madre no solo una innegable belleza, sino tambi\u00e9n un impecable gusto por la moda, fuertemente influenciado por las ra\u00edces suecas de su madre.\u00a0<\/p>\n<p>Te recomendamosSeguir leyendo<\/p>\n<p id=\"eMGOoyh7gI\" data-wc=\"85\">Para ellas, vestir de manera funcional y abrazar <a class=\"hm-link ho-link\" href=\"https:\/\/www.hola.com\/fashion\/20250814850137\/daniela-martina-figo-svedin-estilo-escandinavo-suecia\/\" data-mrf-recirculation=\"article-body-link\" rel=\"nofollow noopener\" target=\"_blank\">el minimalismo escandinavo<\/a> es algo que surge de forma completamente natural. Saben sacarle partido hasta a las prendas m\u00e1s sencillas de su vestidor, logrando que sus elecciones nunca parezcan aburridas, sino tremendamente pulcras, estudiadas y sofisticadas. Recientemente, ambas han coincidido en una f\u00f3rmula estil\u00edstica que se postula como el comod\u00edn perfecto para los meses de calor. Un t\u00e1ndem que demuestra c\u00f3mo una misma base puede adaptarse a diferentes tipos de cuerpo con tan solo unas sutiles modificaciones.<\/p>\n<p> <img src=\"https:\/\/www.europesays.com\/es\/wp-content\/uploads\/2026\/08\/6cc396bec0c7-772108959180960955345720255056175218012536054n.jpg\"   width=\"1024\" height=\"768\" loading=\"lazy\" decoding=\"async\" alt=\"La combinaci\u00f3n infalible que une a Daniela y Martina, hijas de Luis Figo y Helen Svedin\" fetchpriority=\"auto\" class=\"image ho-image\"\/>\u00a9 @martinasvedin_Martina Svedin<br \/>\nEl pantal\u00f3n negro infalible para Daniela y Martina: de silueta &#8216;flare&#8217; y tiro medio<\/p>\n<p id=\"eq6Mp-u93f\" data-wc=\"66\">La prenda estrella que unifica y da sentido a los looks de ambas hermanas es un pantal\u00f3n negro de silueta\u00a0flare (ligeramente acampanado) y de tiro medio. Aunque el negro suele quedar relegado a un segundo plano durante la temporada estival en favor de tonos m\u00e1s vibrantes, blancos o tejidos fluidos como el lino, Daniela y Martina nos recuerdan su inmenso poder para estilizar la figura.<\/p>\n<p id=\"eDTIM4UWcE7\" data-wc=\"48\">Si a ello le sumamos que este tipo de corte alarga visualmente las piernas y equilibra las proporciones del cuerpo y el tiro medio hace lo mismo con la zona del abdomen, tendremos como resultado una prenda de fondo de armario para atesorar los 365 d\u00edas del a\u00f1o.\u00a0<\/p>\n<p> <img src=\"https:\/\/www.europesays.com\/es\/wp-content\/uploads\/2026\/08\/a6863e98cf0d-771871495180960955255720256365372337308307863n.jpg\"   width=\"1024\" height=\"768\" loading=\"lazy\" decoding=\"async\" alt=\"La combinaci\u00f3n infalible que une a Daniela y Martina, hijas de Luis Figo y Helen Svedin\" fetchpriority=\"auto\" class=\"image ho-image\"\/>\u00a9 @martinasvedin_<\/p>\n<p> <img src=\"https:\/\/www.europesays.com\/es\/wp-content\/uploads\/2026\/08\/1d3423f0f33d-771821793180960955435720253226694994288091034n.jpg\"   width=\"1024\" height=\"768\" loading=\"lazy\" decoding=\"async\" alt=\"La combinaci\u00f3n infalible que une a Daniela y Martina, hijas de Luis Figo y Helen Svedin\" fetchpriority=\"auto\" class=\"image ho-image\"\/>\u00a9 @martinasvedin_<br \/>\nTop beige con el escote m\u00e1s favorecedor para tu tipo de cuerpo<\/p>\n<p id=\"eTSSF0QTcF\" data-wc=\"61\">Donde las hermanas deciden imprimir su sello personal y <a class=\"hm-link ho-link\" href=\"https:\/\/www.hola.com\/moda\/20260730914986\/zara-top-escote-que-mas-te-favorece-agosto\/\" data-mrf-recirculation=\"article-body-link\" rel=\"nofollow noopener\" target=\"_blank\">adaptar el look a sus respectivos tipos de cuerpo<\/a> es en la elecci\u00f3n de la parte superior. Ambas se han decantado por tops en una tonalidad luminosa de beige que, dependiendo de c\u00f3mo le incida la luz del sol, roza el <a class=\"hm-link ho-link\" href=\"https:\/\/www.hola.com\/moda\/20260217884112\/amarillo-mantequilla-como-llevar-tendencia-primavera\/\" data-mrf-recirculation=\"article-body-link\" rel=\"nofollow noopener\" target=\"_blank\">amarillo mantequilla, uno de los colores tendencia<\/a> de la temporada estival.\u00a0<\/p>\n<p id=\"eHl56vlo5M\" data-wc=\"87\">Sin embargo, cada una hace suya esta prenda, ya que <a class=\"hm-link ho-link\" href=\"https:\/\/www.hola.com\/moda\/20250209811171\/martina-svedin-nuevos-retos-ganas-comerse-mundo-industria-farmaceutica\/\" data-mrf-recirculation=\"article-body-link\" rel=\"nofollow noopener\" target=\"_blank\">Martina<\/a> opta por un toque m\u00e1s atrevido, apostando por un top de escote asim\u00e9trico y un delicado tejido plisado que envuelve y favorece su figura, estrechando la zona de los hombros; <a class=\"hm-link ho-link\" href=\"https:\/\/www.hola.com\/moda\/20260601904726\/daniela-figo-maleta-budapest-final-champions-cuatro-looks\/\" data-mrf-recirculation=\"article-body-link\" rel=\"nofollow noopener\" target=\"_blank\">Daniela<\/a>, por su parte, se decanta por el clasicismo atemporal con un dise\u00f1o de cuello barco y manga corta. Una opci\u00f3n de l\u00edneas limpias que enmarca las clav\u00edculas de manera impecable y refuerza ese aire estructurado de su estilismo, tambi\u00e9n palpable en la elecci\u00f3n de calzado.<\/p>\n<p> <img src=\"https:\/\/www.europesays.com\/es\/wp-content\/uploads\/2026\/08\/3e2e83e5a412-712410156184376454671859025550315755111272667n.jpg\"   width=\"768\" height=\"1024\" loading=\"lazy\" decoding=\"async\" alt=\"La combinaci\u00f3n infalible que une a Daniela y Martina, hijas de Luis Figo y Helen Svedin\" fetchpriority=\"auto\" class=\"image ho-image\"\/>\u00a9 @danielasfigoDaniela Figo<br \/>\nComplementos en negro para un acabado sin esfuerzo, al m\u00e1s puro estilo escandinavo<\/p>\n<p id=\"eJIK7GlOQX\" data-wc=\"84\">Para rematar, recurren a la infalibilidad de los complementos en color negro, dejando claro lo f\u00e1cil que es cerrar un conjunto y verse radiante sin tener que pensar demasiado frente al espejo. Mientras que Martina eleva su conjunto con <strong>unas sandalias de tac\u00f3n de tiras finas<\/strong>, perfectas para estilizar a\u00fan m\u00e1s el empeine, Daniela prefiere la comodidad urbana e inteligente de <strong>unos mocasines cl\u00e1sicos<\/strong>, consiguiendo un contraste interesant\u00edsimo entre la sobriedad de este calzado de inspiraci\u00f3n masculina y la feminidad que transmite su top.<\/p>\n<p> <img src=\"https:\/\/www.europesays.com\/es\/wp-content\/uploads\/2026\/08\/1ab4714ade2b-710586536184376458121859025651230983622161766n.jpg\"   width=\"768\" height=\"1024\" loading=\"lazy\" decoding=\"async\" alt=\"La combinaci\u00f3n infalible que une a Daniela y Martina, hijas de Luis Figo y Helen Svedin\" fetchpriority=\"auto\" class=\"image ho-image\"\/>\u00a9 @danielasfigo<\/p>\n<p id=\"eqP56Hx8gg\" data-wc=\"52\">C\u00f3moda y relajada, <strong>esta combinaci\u00f3n de pantal\u00f3n negro (de silueta flare\u00a0y tiro medio) y top b\u00e1sico color beige\u00a0<\/strong>huye de las estridencias y mantiene esa esencia de elegancia org\u00e1nica y tranquila que tanto caracteriza a la est\u00e9tica del norte de Europa que vemos impregnada en pr\u00e1cticamente todas las pasarelas internacionales \u00faltimamente.<\/p>\n","protected":false},"excerpt":{"rendered":"El verano es la \u00e9poca perfecta para experimentar con nuestro armario, pero a menudo la verdadera clave del&hellip;\n","protected":false},"author":2,"featured_media":708377,"comment_status":"","ping_status":"","sticky":false,"template":"","format":"standard","meta":{"footnotes":""},"categories":[91],"tags":[1024,74804,253,146,147,25,24,16434,16435,1023,338,23,23527],"class_list":["post-708376","post","type-post","status-publish","format-standard","has-post-thumbnail","category-entretenimiento","tag-actualidad-moda","tag-daniela-figo","tag-discover","tag-entertainment","tag-entretenimiento","tag-es","tag-espana","tag-helen-svedin","tag-luis-figo","tag-moda","tag-portada","tag-spain","tag-tendencias-primavera-verano"],"share_on_mastodon":{"url":"https:\/\/pubeurope.com\/@es\/117085865195869466","error":""},"_links":{"self":[{"href":"https:\/\/www.europesays.com\/es\/wp-json\/wp\/v2\/posts\/708376","targetHints":{"allow":["GET"]}}],"collection":[{"href":"https:\/\/www.europesays.com\/es\/wp-json\/wp\/v2\/posts"}],"about":[{"href":"https:\/\/www.europesays.com\/es\/wp-json\/wp\/v2\/types\/post"}],"author":[{"embeddable":true,"href":"https:\/\/www.europesays.com\/es\/wp-json\/wp\/v2\/users\/2"}],"replies":[{"embeddable":true,"href":"https:\/\/www.europesays.com\/es\/wp-json\/wp\/v2\/comments?post=708376"}],"version-history":[{"count":0,"href":"https:\/\/www.europesays.com\/es\/wp-json\/wp\/v2\/posts\/708376\/revisions"}],"wp:featuredmedia":[{"embeddable":true,"href":"https:\/\/www.europesays.com\/es\/wp-json\/wp\/v2\/media\/708377"}],"wp:attachment":[{"href":"https:\/\/www.europesays.com\/es\/wp-json\/wp\/v2\/media?parent=708376"}],"wp:term":[{"taxonomy":"category","embeddable":true,"href":"https:\/\/www.europesays.com\/es\/wp-json\/wp\/v2\/categories?post=708376"},{"taxonomy":"post_tag","embeddable":true,"href":"https:\/\/www.europesays.com\/es\/wp-json\/wp\/v2\/tags?post=708376"}],"curies":[{"name":"wp","href":"https:\/\/api.w.org\/{rel}","templated":true}]}}