{"id":708394,"date":"2026-08-13T02:48:20","date_gmt":"2026-08-13T02:48:20","guid":{"rendered":"https:\/\/www.europesays.com\/es\/708394\/"},"modified":"2026-08-13T02:48:20","modified_gmt":"2026-08-13T02:48:20","slug":"la-ud-logrones-cierra-la-puerta-a-una-salida-de-miguel-mari","status":"publish","type":"post","link":"https:\/\/www.europesays.com\/es\/708394\/","title":{"rendered":"La UD Logro\u00f1\u00e9s cierra la puerta a una salida de Miguel Mar\u00ed"},"content":{"rendered":"<p><a href=\"#\" onclick=\"window.open('https:\/\/www.facebook.com\/sharer.php?u=https:\/\/nuevecuatrouno.com\/2026\/08\/12\/la-ud-logrones-cierra-la-puerta-a-una-salida-de-miguel-mari\/&amp;t=La UD Logro\u00f1\u00e9s cierra la puerta a una salida de Miguel Mar\u00ed', 'facebookShare', 'width=626,height=436'); return false;\" title=\"Facebook\"><\/p>\n<p>COMPARTE<\/p>\n<p><\/a><br \/>\n<a href=\"#\" onclick=\"window.open('https:\/\/x.com\/share?text=La UD Logro\u00f1\u00e9s cierra la puerta a una salida de Miguel Mar\u00ed -&amp;url=https:\/\/nuevecuatrouno.com\/2026\/08\/12\/la-ud-logrones-cierra-la-puerta-a-una-salida-de-miguel-mari\/', 'twitterShare', 'width=626,height=436'); return false;\" title=\"X\"><img decoding=\"async\" src=\"https:\/\/www.europesays.com\/es\/wp-content\/uploads\/2026\/08\/1786589298_595_x-twitter-art.png\" style=\"padding-top: 6px;\"\/>POSTEA<\/a><br \/>\n<a href=\"whatsapp:\/\/send?text=La UD Logro\u00f1\u00e9s cierra la puerta a una salida de Miguel Mar\u00ed https:\/\/nuevecuatrouno.com\/2026\/08\/12\/la-ud-logrones-cierra-la-puerta-a-una-salida-de-miguel-mari\/\" rel=\"nofollow\"><\/p>\n<p>WHATSAPP<\/p>\n<p><\/a><br \/>\n<a href=\"http:\/\/nuevecuatrouno.com\/cdn-cgi\/l\/email-protection#b08fc3c5d2dad5d3c48dfcd190e5f490fcdfd7c2df73017319c390d3d9d5c2c2d190dcd190c0c5d5c2c4d190d190c5ded190c3d1dcd9d4d190d4d590fdd9d7c5d5dc90fdd1c2731d96d1ddc08bf2fff4e98d720fe1c5731990c6d9d4d18f90f8d590c6d9c3c4df90d5c3c4d590d1c2c4731dd3c5dcdf90d5de90dec5d5c6d5d3c5d1c4c2dfc5dedf9ed3dfdd90c990d3c2d5df90c1c5d590c4d590c0c5d5d4d590d9dec4d5c2d5c3d1c28a90d8c4c4c0c38a9f9fdec5d5c6d5d3c5d1c4c2dfc5dedf9ed3dfdd9f828082869f80889f81829fdcd19dc5d49ddcdfd7c2dfded5c39dd3d9d5c2c2d19ddcd19dc0c5d5c2c4d19dd19dc5ded19dc3d1dcd9d4d19dd4d59dddd9d7c5d5dc9dddd1c2d99f\" rel=\"nofollow noopener\" target=\"_blank\"><\/p>\n<p>Email<\/p>\n<p><\/a><\/p>\n<p>El mercado nunca duerme y menos cuando todav\u00eda quedan varias semanas para que eche el cierre. El nombre de Miguel Mar\u00ed ha aparecido este mi\u00e9rcoles en escena despu\u00e9s de que el periodista especializado en el mercado de fichajes de Primera Federaci\u00f3n \u00c1ngel Garc\u00eda, \u2018Cazurreando\u2019, haya apuntado al inter\u00e9s del CSKA 1948 de Bulgaria para hacerse con los servicios del centrocampista de la UD Logro\u00f1\u00e9s.<\/p>\n<p>La informaci\u00f3n asegura que el futbolista \u00abse plantea abandonar el cuadro riojano\u00bb ante la oferta del conjunto b\u00falgaro. Una posibilidad que, al menos a esta hora, no tiene recorrido dentro de Las Gaunas.<\/p>\n<p>Seg\u00fan ha podido saber NueveCuatroUno de fuentes cercanas a la entidad blanquirroja, la UD Logro\u00f1\u00e9s no ha recibido oferta alguna por Miguel Mar\u00ed y, adem\u00e1s, no est\u00e1 en disposici\u00f3n de escuchar propuestas por uno de los futbolistas sobre los que se ha construido el proyecto para el regreso a Primera Federaci\u00f3n.<\/p>\n<p>No es un jugador m\u00e1s. Mar\u00ed es el capit\u00e1n de la UD Logro\u00f1\u00e9s y una pieza fundamental para Unai Mendia, tanto por su peso dentro del vestuario como por su importancia sobre el terreno de juego. El centrocampista ha sido uno de los grandes pilares del ascenso y el t\u00e9cnico cuenta con \u00e9l para afrontar con \u00e9xito el salto de categor\u00eda.<\/p>\n<p><img loading=\"lazy\" decoding=\"async\" class=\"aligncenter size-full wp-image-722186\" src=\"https:\/\/www.europesays.com\/es\/wp-content\/uploads\/2026\/08\/Miguel-Mari-UD-Logrones.jpg\" alt=\"\" width=\"1400\" height=\"1050\"  \/><\/p>\n<p>Por eso, el escenario que se dibuja desde el club es claro: la UD Logro\u00f1\u00e9s no tiene intenci\u00f3n de negociar su salida. Una cuesti\u00f3n diferente ser\u00eda que un equipo decidiera abonar la cl\u00e1usula de rescisi\u00f3n del futbolista, circunstancia ante la que la entidad poco margen de maniobra tendr\u00eda, o que fuera el propio Mar\u00ed quien solicitara abandonar el club.<\/p>\n<p>Nada apunta por el momento a este segundo escenario. Al margen de su condici\u00f3n de capit\u00e1n y de su importancia deportiva, de la ilusi\u00f3n demostrada por el futbolistas de jugar en Primera Federaci\u00f3n, el jugador se encuentra plenamente asentado en Logro\u00f1o y hace apenas diez d\u00edas ha sido padre por segunda vez, una circunstancia personal que tambi\u00e9n forma parte de un momento vital especialmente estable para el futbolista.<\/p>\n<p>El mercado, en cualquier caso, permanece abierto y hasta su cierre cualquier movimiento es posible. El CSKA 1948 puede tener a Miguel Mar\u00ed en su agenda e incluso estar dispuesto a intentar su incorporaci\u00f3n, tal y como apunta la rumorolog\u00eda. Otra cosa es que la UD Logro\u00f1\u00e9s est\u00e9 dispuesta a abrirle la puerta. Y \u00e9sta est\u00e1 cerrada, y solo existe una manera de abrirla: pasando por caja.<\/p>\n<p><img decoding=\"async\" src=\"https:\/\/www.europesays.com\/es\/wp-content\/uploads\/2026\/08\/1786589300_389_cabecera-nuevecuatrouno-2026.png\"\/><\/p>\n","protected":false},"excerpt":{"rendered":"COMPARTE POSTEA WHATSAPP Email El mercado nunca duerme y menos cuando todav\u00eda quedan varias semanas para que eche&hellip;\n","protected":false},"author":2,"featured_media":708395,"comment_status":"","ping_status":"","sticky":false,"template":"","format":"standard","meta":{"footnotes":""},"categories":[268],"tags":[808,168,109993,25,24,280,282,127327,16144,281,23,167,104405],"class_list":["post-708394","post","type-post","status-publish","format-standard","has-post-thumbnail","category-futbol","tag-ahora","tag-deportes","tag-deportes-1","tag-es","tag-espana","tag-football","tag-futbol","tag-miguel-mari","tag-primera-federacion","tag-soccer","tag-spain","tag-sports","tag-ud-logrones"],"share_on_mastodon":{"url":"https:\/\/pubeurope.com\/@es\/117085924508295637","error":""},"_links":{"self":[{"href":"https:\/\/www.europesays.com\/es\/wp-json\/wp\/v2\/posts\/708394","targetHints":{"allow":["GET"]}}],"collection":[{"href":"https:\/\/www.europesays.com\/es\/wp-json\/wp\/v2\/posts"}],"about":[{"href":"https:\/\/www.europesays.com\/es\/wp-json\/wp\/v2\/types\/post"}],"author":[{"embeddable":true,"href":"https:\/\/www.europesays.com\/es\/wp-json\/wp\/v2\/users\/2"}],"replies":[{"embeddable":true,"href":"https:\/\/www.europesays.com\/es\/wp-json\/wp\/v2\/comments?post=708394"}],"version-history":[{"count":0,"href":"https:\/\/www.europesays.com\/es\/wp-json\/wp\/v2\/posts\/708394\/revisions"}],"wp:featuredmedia":[{"embeddable":true,"href":"https:\/\/www.europesays.com\/es\/wp-json\/wp\/v2\/media\/708395"}],"wp:attachment":[{"href":"https:\/\/www.europesays.com\/es\/wp-json\/wp\/v2\/media?parent=708394"}],"wp:term":[{"taxonomy":"category","embeddable":true,"href":"https:\/\/www.europesays.com\/es\/wp-json\/wp\/v2\/categories?post=708394"},{"taxonomy":"post_tag","embeddable":true,"href":"https:\/\/www.europesays.com\/es\/wp-json\/wp\/v2\/tags?post=708394"}],"curies":[{"name":"wp","href":"https:\/\/api.w.org\/{rel}","templated":true}]}}