{"id":708516,"date":"2026-08-13T04:38:34","date_gmt":"2026-08-13T04:38:34","guid":{"rendered":"https:\/\/www.europesays.com\/es\/708516\/"},"modified":"2026-08-13T04:38:34","modified_gmt":"2026-08-13T04:38:34","slug":"tana-rivera-eclipsa-huesca-con-su-amor-por-roca-rey-me-encanta-que-haya-tanto-ambiente-taurino","status":"publish","type":"post","link":"https:\/\/www.europesays.com\/es\/708516\/","title":{"rendered":"Tana Rivera eclipsa Huesca con su amor por Roca Rey: \u00abMe encanta que haya tanto ambiente taurino\u00bb"},"content":{"rendered":"<p class=\"c-paragraph\"><b>Tana Rivera ha descubierto este mi\u00e9rcoles Huesca <\/b>por primera vez con motivo de las fiestas de San Lorenzo. La hija de Francisco Rivera y Eugenia Mart\u00ednez de Irujo ha viajado hasta la capital altoaragonesa para acompa\u00f1ar a su pareja, <a href=\"https:\/\/www.diariodelaltoaragon.es\/noticias\/huesca\/2026\/04\/23\/lluvia-epica-huesca-cornada-sevilla-vida-filo-roca-rey-2014765.html\" title=\"De la lluvia \u00e9pica en Huesca a la cornada en Sevilla: la vida al filo de Roca Rey\" rel=\"nofollow noopener\" target=\"_blank\">Roca Rey<\/a>, en su cita con la Feria de la Albahaca y vivir de cerca el ambiente de unas fiestas que, hasta ahora, solo conoc\u00eda de o\u00eddas.<\/p>\n<p class=\"c-paragraph\">\u201c<b>Es mi primera vez, la verdad, que nunca hab\u00eda venido a Huesca<\/b>\u201d, ha explicado Tana Rivera durante su estancia en la ciudad. Una primera visita que, a tenor de sus palabras, est\u00e1 resultando m\u00e1s que positiva.<\/p>\n<p class=\"c-paragraph\">La joven ha reconocido que desconoc\u00eda buena parte del ambiente que rodea a San Lorenzo, especialmente la presencia de las pe\u00f1as y la estrecha relaci\u00f3n de las fiestas con la tauromaquia. \u201c<b>Me ha encantado. Yo es que no sab\u00eda tampoco mucho el ambiente<\/b>, de que hab\u00eda pe\u00f1as y eso, pero me parece muy, muy guay\u201d, ha se\u00f1alado.<\/p>\n<p class=\"c-paragraph\">Tana tambi\u00e9n ha destacado la pasi\u00f3n taurina que ha encontrado en la ciudad. \u201c<b>Me encanta que haya tanto taurino y que apoyen tanto la feria<\/b>\u201d, ha asegurado.\u00a0Durante la conversaci\u00f3n tambi\u00e9n ha aclarado una cuesti\u00f3n que hab\u00eda generado cierta confusi\u00f3n: Francisco Rivera no ha viajado con ella a Huesca.<\/p>\n<p class=\"c-paragraph\">\u201cNo, mi padre no ha venido.<b> Es que con tantos, con mis hermanos peque\u00f1os y todo, est\u00e1 de vacaciones<\/b>\u201d, ha explicado Tana, que s\u00ed ha llegado a la capital oscense para disfrutar de la jornada taurina junto a Roca Rey.<\/p>\n<p class=\"c-paragraph\">Precisamente su padre es una de las razones por las que Huesca no le resulta completamente desconocida. <b>Aunque nunca hab\u00eda estado en la ciudad, s\u00ed hab\u00eda escuchado hablar de ella en numerosas ocasiones.<\/b><\/p>\n<p class=\"c-paragraph\">\u201cHe escuchado mucho hablar de Huesca por mi padre, porque adem\u00e1s yo s\u00e9 que la afici\u00f3n aqu\u00ed le quer\u00eda mucho y s\u00e9 que es una afici\u00f3n muy buena\u201d, ha contado.<\/p>\n<p class=\"c-paragraph\">La hija de<b> Fran Rivera asegura que ten\u00eda ganas de comprobar personalmente ese ambiente del que tantas veces hab\u00eda o\u00eddo hablar<\/b>. \u201cLa verdad que tengo muchas ganas de vivirlo, porque me han hablado muy bien\u201d, ha a\u00f1adido.<\/p>\n<p class=\"c-paragraph\">El plan de<b>\u00a0Tana Rivera para esta jornada est\u00e1 claro: acudir a la plaza de toros para presenciar la corrida en la que participa<\/b> Roca Rey dentro de la Feria de la Albahaca 2026.\u00a0\u201cS\u00ed, claro, vamos a ir a los toros. Ojal\u00e1 que sea muy buena tarde\u201d, ha explicado.<\/p>\n<p class=\"c-paragraph\">Despu\u00e9s, sin embargo, no tendr\u00e1 mucho tiempo para prolongar su estancia en la capital oscense. \u201c<b>Nos vamos esta noche\u201d, <\/b>ha contado, ya que posteriormente tiene previsto regresar a sus vacaciones junto a su madre.<\/p>\n<p class=\"c-paragraph\">Antes de marcharse, T<b>ana tambi\u00e9n tendr\u00e1 que enfrentarse a uno de los c\u00f3digos m\u00e1s reconocibles de San Lorenzo<\/b>. Preguntada por si llevar\u00e1 la tradicional pa\u00f1oleta, ha reconocido que no tiene una.<\/p>\n<p class=\"c-paragraph\">S\u00ed intentar\u00e1, en cambio, vestir de blanco y verde, los colores de las fiestas. \u201cVoy a intentarlo. Voy a intentarlo\u201d, ha respondido entre risas.<\/p>\n","protected":false},"excerpt":{"rendered":"Tana Rivera ha descubierto este mi\u00e9rcoles Huesca por primera vez con motivo de las fiestas de San Lorenzo.&hellip;\n","protected":false},"author":2,"featured_media":708517,"comment_status":"","ping_status":"","sticky":false,"template":"","format":"standard","meta":{"footnotes":""},"categories":[91],"tags":[16629,16443,146,147,25,24,1265,5043,10787,23],"class_list":["post-708516","post","type-post","status-publish","format-standard","has-post-thumbnail","category-entretenimiento","tag-cayetana","tag-descubre","tag-entertainment","tag-entretenimiento","tag-es","tag-espana","tag-huesca","tag-por","tag-rivera","tag-spain"],"share_on_mastodon":{"url":"https:\/\/pubeurope.com\/@es\/117086355715042589","error":""},"_links":{"self":[{"href":"https:\/\/www.europesays.com\/es\/wp-json\/wp\/v2\/posts\/708516","targetHints":{"allow":["GET"]}}],"collection":[{"href":"https:\/\/www.europesays.com\/es\/wp-json\/wp\/v2\/posts"}],"about":[{"href":"https:\/\/www.europesays.com\/es\/wp-json\/wp\/v2\/types\/post"}],"author":[{"embeddable":true,"href":"https:\/\/www.europesays.com\/es\/wp-json\/wp\/v2\/users\/2"}],"replies":[{"embeddable":true,"href":"https:\/\/www.europesays.com\/es\/wp-json\/wp\/v2\/comments?post=708516"}],"version-history":[{"count":0,"href":"https:\/\/www.europesays.com\/es\/wp-json\/wp\/v2\/posts\/708516\/revisions"}],"wp:featuredmedia":[{"embeddable":true,"href":"https:\/\/www.europesays.com\/es\/wp-json\/wp\/v2\/media\/708517"}],"wp:attachment":[{"href":"https:\/\/www.europesays.com\/es\/wp-json\/wp\/v2\/media?parent=708516"}],"wp:term":[{"taxonomy":"category","embeddable":true,"href":"https:\/\/www.europesays.com\/es\/wp-json\/wp\/v2\/categories?post=708516"},{"taxonomy":"post_tag","embeddable":true,"href":"https:\/\/www.europesays.com\/es\/wp-json\/wp\/v2\/tags?post=708516"}],"curies":[{"name":"wp","href":"https:\/\/api.w.org\/{rel}","templated":true}]}}