{"id":708550,"date":"2026-08-13T05:08:18","date_gmt":"2026-08-13T05:08:18","guid":{"rendered":"https:\/\/www.europesays.com\/es\/708550\/"},"modified":"2026-08-13T05:08:18","modified_gmt":"2026-08-13T05:08:18","slug":"sigue-en-directo-el-eclipse-de-sol-desde-la-comunitat-valenciana-alerta-maxima-por-incendios-y-afluencia-masiva","status":"publish","type":"post","link":"https:\/\/www.europesays.com\/es\/708550\/","title":{"rendered":"Sigue en directo el eclipse de sol desde la Comunitat Valenciana: Alerta m\u00e1xima por incendios y afluencia masiva"},"content":{"rendered":"<p class=\"ft-text\">Entre luces y sombras ha vivido la Ribera el eclipse de Sol.\u00a0<strong>La preocupaci\u00f3n por las nubes ha marcado el arranque de la observaci\u00f3n.\u00a0<\/strong>Pasadas las 20 horas, se han abierto claros que han permitido la visualizaci\u00f3n en. En Alzira el espect\u00e1culo ha empezado a las 19 horas, cuando daba inicio el\u00a0<strong>taller de observaci\u00f3n guiada en el Espai d\u2019Oci La F\u00famiga;<\/strong>\u00a0aunque antes\u00a0<strong>la gente ya tomaba posiciones en el Passeig Fluvial<\/strong>, donde pod\u00edan resguardarse de los imponentes rayos del sol.\u00a0<strong>Entre ellos, un grupo de amigos de Bell\u00fas, que conocieron a trav\u00e9s de las redes la actividad de observaci\u00f3n cient\u00edfica gratuita<\/strong>\u00a0y se decidieron a venir. \u201cEn Bell\u00fas est\u00e1 muy bajito y hemos venido aqu\u00ed\u201d, comentan. Se han tra\u00eddo av\u00edo para\u00a0<strong>pasar la noche y aprovechar para observar las Perseidas<\/strong>. Decenas de personas han participado en esta actividad y han disfrutado con gran emoci\u00f3n del oscurecimiento, aunque no total, de la gran explanada junto al r\u00edo.<\/p>\n<p class=\"ft-text\"><a class=\"ft-link ft-link--decoration\" href=\"https:\/\/www.levante-emv.com\/ribera\/2026\/08\/12\/ribera-vive-gran-emocion-eclipse-133308636.html\" rel=\"nofollow noopener\" target=\"_blank\">Lee toda la cr\u00f3nica.<\/a><\/p>\n","protected":false},"excerpt":{"rendered":"Entre luces y sombras ha vivido la Ribera el eclipse de Sol.\u00a0La preocupaci\u00f3n por las nubes ha marcado&hellip;\n","protected":false},"author":2,"featured_media":708551,"comment_status":"","ping_status":"","sticky":false,"template":"","format":"standard","meta":{"footnotes":""},"categories":[8],"tags":[17,18,4922,32994,25,24,13,14,11,19,20,9,10,15,16,1374,2829,23,12,21,22,235],"class_list":["post-708550","post","type-post","status-publish","format-standard","has-post-thumbnail","category-espana","tag-breaking-news","tag-breakingnews","tag-calor","tag-eclipse","tag-es","tag-espana","tag-featured-news","tag-featurednews","tag-headlines","tag-latest-news","tag-latestnews","tag-news","tag-noticias","tag-noticias-destacadas","tag-noticiasdestacadas","tag-ola-de-calor","tag-sol","tag-spain","tag-titulares","tag-ultimas-noticias","tag-ultimasnoticias","tag-valencia"],"share_on_mastodon":{"url":"https:\/\/pubeurope.com\/@es\/117086474052324838","error":""},"_links":{"self":[{"href":"https:\/\/www.europesays.com\/es\/wp-json\/wp\/v2\/posts\/708550","targetHints":{"allow":["GET"]}}],"collection":[{"href":"https:\/\/www.europesays.com\/es\/wp-json\/wp\/v2\/posts"}],"about":[{"href":"https:\/\/www.europesays.com\/es\/wp-json\/wp\/v2\/types\/post"}],"author":[{"embeddable":true,"href":"https:\/\/www.europesays.com\/es\/wp-json\/wp\/v2\/users\/2"}],"replies":[{"embeddable":true,"href":"https:\/\/www.europesays.com\/es\/wp-json\/wp\/v2\/comments?post=708550"}],"version-history":[{"count":0,"href":"https:\/\/www.europesays.com\/es\/wp-json\/wp\/v2\/posts\/708550\/revisions"}],"wp:featuredmedia":[{"embeddable":true,"href":"https:\/\/www.europesays.com\/es\/wp-json\/wp\/v2\/media\/708551"}],"wp:attachment":[{"href":"https:\/\/www.europesays.com\/es\/wp-json\/wp\/v2\/media?parent=708550"}],"wp:term":[{"taxonomy":"category","embeddable":true,"href":"https:\/\/www.europesays.com\/es\/wp-json\/wp\/v2\/categories?post=708550"},{"taxonomy":"post_tag","embeddable":true,"href":"https:\/\/www.europesays.com\/es\/wp-json\/wp\/v2\/tags?post=708550"}],"curies":[{"name":"wp","href":"https:\/\/api.w.org\/{rel}","templated":true}]}}