{"id":708562,"date":"2026-08-13T05:25:15","date_gmt":"2026-08-13T05:25:15","guid":{"rendered":"https:\/\/www.europesays.com\/es\/708562\/"},"modified":"2026-08-13T05:25:15","modified_gmt":"2026-08-13T05:25:15","slug":"la-lfp-inspecciona-hoy-balaidos-para-decidir-si-suspende-el-primer-partido-del-celta-la-voz-de-galicia","status":"publish","type":"post","link":"https:\/\/www.europesays.com\/es\/708562\/","title":{"rendered":"La LFP inspecciona hoy Bala\u00eddos para decidir si suspende el primer partido del Celta &#8211; La Voz de Galicia"},"content":{"rendered":"<ol>\n<li><a href=\"https:\/\/news.google.com\/rss\/articles\/CBMipAJBVV95cUxQaWdJQlF3WDdDazFLVFBLSDBVcnpKcnNUM1lubFZjampGUUlhX29JUU9lSzBFUTlWNVlhNFE3cG1sb0tfc2xvOURRekc3bGp4cEQyUkZqTExNN0E0MThXY2ctcmVGeVdORGJ5QThJc3lBWlAzYXpSWVhWZ0hjd3o3RnU4RndEd1hJYlJDVVl2MWJuZ1VadElhc0Q0UmpHeGlqZWJVWjZsM1BCcU1LSnFmaGt6dGFjUWs5QkVWaWlodWJuY0ZSN3BDdm1EWHFyQV9KRU42U1VVdk91dk14QkxPOFFLY3dFbWJ3c3JuUnNIR1RoUWI3bks2RlViNmhCYWJEVFFhOVlSeF81TWxldHRoRzRfLThaU1dDNGNtWG5TWXlLTmxp0gHAAkFVX3lxTE8wTmFlWDd2ald2R0ktUVNTcHYxdEZqVGFXbGtyYTdCdnpVWUxPSFU1aWpfNVJHbUN0bnBua2Q3V2VZaHhoaUw5eklZR3IwZUVxRG5tdl82MjUzcEIyVFFyMmlNbVZhcW5PY1lVT0dyaTEtVXpwanNBRzRRNVMxaWNpZnUyd0d0dnJBRDYtdVhCWFJlaWVjU1lMZVdkRXdwdktsdFVpQVh1R3d6S3VOOGd6ajVfa3Vnd01CRXBaS1QwRWdIenlqbElxS0wxRkotYTIzeW5CTFgzRGl1cGJ3SXNtTjdiZ1ZmQjJ6eFNoYUpfRkZoMzRWdUNFLVB2TzBvMThadktleEF4Ung3SWZreWU2VUVYYldjMTNfelZ5cnJhM2ZidXhnNWRHUVZNS0VHWWwxVjNZdzlQdktYbml4Z3BS?oc=5\" target=\"_blank\" rel=\"nofollow noopener\">La LFP inspecciona hoy Bala\u00eddos para decidir si suspende el primer partido del Celta<\/a>&nbsp;&nbsp;La Voz de Galicia<\/li>\n<li><a href=\"https:\/\/news.google.com\/rss\/articles\/CBMidEFVX3lxTE0tT3NMMDhQRjBmVHAwanl2c1VMUWdadjJCSllzbUpZU2VBTVNXZ096alltVHlTaVhOOHcyWDlLemFHcmZKbGlUdEdFeDZnTzRJUWpPYXR3NkY4cHkzYkhJZmRYaTluUkI4bVpCbnNraHpvd01U0gGIAUFVX3lxTE8tbXhERGFvRHdMU3ZMTkQyVVh5VWxlaVVBUXhfaDdpVFlrUWwzb3VxUHFTOVZUSlJHY3B5b0NrU3NwYUhzeTlXMGs0NE02RkJmOENUTnAxUWhsVnVkRkV1RHUtSGI3SjlyTlVPTnNNcmpocDhleThjcEVDRkdFZ3JuQUo4N3dfNE4?oc=5\" target=\"_blank\" rel=\"nofollow noopener\">Bala\u00eddos tiene mala pinta<\/a>&nbsp;&nbsp;Diario AS<\/li>\n<li><a href=\"https:\/\/news.google.com\/rss\/articles\/CBMiwwFBVV95cUxNa3BQMEluSGs3cWVoVDk3RDhHYk9TLWdDNldiWWFzWnFONTEzUVhTbGpPTnVRNldJUkdHVXdvRVB2ckJBZ21Dd1BlLWh4WXpiWTBUZmhhMzBQSVhaeW9YY0QzSjZ6UEtrQUtTNE9iRUhzdkswdzFSZkNCclgwN1Fsak1IdEZTWVpvVFdjYm4zM0EyUE9raVpvZkF0VTZOdjZTYmpMdWVOZlVyUExKMU4wN082Qm51SDdqck5lUzhlWDlGU0nSAd8BQVVfeXFMT1N3Z3lzaGhNeWxDQUtNSklJM19fQjMwWXRwcllkaUFzLWVIRElNVXp2RUFfdFpxbkowVjdGbHFobHdhU1BETHpsbVZHWDNQZWZLMFRpako1ZlNHbV9IRFREMTRINld1M210T0lUOG9FVUtnOVNxREFTNy1wSU9XcTlWQlk1bEh4T24zT21VNm8xYlo2TGw4VEYtbndXdGxhYTFhUWVGYUgzeE5ES1ZnOGt1YWJNaWt6QVB0VDFqTlM4S0ktVUlUOHAtV1BlT1VBWkN0ZkxzdHBrcTJqREZHaw?oc=5\" target=\"_blank\" rel=\"nofollow noopener\">En caso de suspensi\u00f3n del Celta-Osasuna, el cambio de c\u00e9sped comenzar\u00eda este viernes<\/a>&nbsp;&nbsp;La Voz de Galicia<\/li>\n<li><a href=\"https:\/\/news.google.com\/rss\/articles\/CBMi0AFBVV95cUxNeWd2X3YyOE1zTXhONjJEdjZtNU9qNDBhcDNtWFpCLTltUkNnZHNCR1oxTU9PM2lsd3lVa1ZlcVlqUHJ3ZXNrUjFweE45ckhKc21WOWJ2Uy05LWRBaWlsbXBvVGZLamlMM193M09aeFdOTzdyanZOQ01sQjE4VER2eVJBTHhtajNmUjhPZzVkeGw0OGJldVBhT3pKNXR2SjZ2dDA3VDRZV2FudEt6UUtzUHBGcXJxbERvajZKbjRIUHptaldMQTZCY0hsUUlpd1NC?oc=5\" target=\"_blank\" rel=\"nofollow noopener\">Peligra el debut en Bala\u00eddos<\/a>&nbsp;&nbsp;Diario de Navarra<\/li>\n<li><a href=\"https:\/\/news.google.com\/rss\/articles\/CBMiVEFVX3lxTE5ESENSRlVKajZQV2NpbjM4OTBFVi1lODFpc2dPRTV1bGhJUUViZ1ZFWW9NVTlJZ0Z0THcwd0RWdDE3QUFHM2xOMmF5ZHBhSGYwSkxFTg?oc=5\" target=\"_blank\" rel=\"nofollow noopener\">Riesgo de suspensi\u00f3n en Bala\u00eddos<\/a>&nbsp;&nbsp;Cadena SER<\/li>\n<\/ol>\n","protected":false},"excerpt":{"rendered":"La LFP inspecciona hoy Bala\u00eddos para decidir si suspende el primer partido del Celta&nbsp;&nbsp;La Voz de Galicia Bala\u00eddos&hellip;\n","protected":false},"author":2,"featured_media":708563,"comment_status":"","ping_status":"","sticky":false,"template":"","format":"standard","meta":{"footnotes":""},"categories":[93],"tags":[290,168,25,24,74760,23,167],"class_list":["post-708562","post","type-post","status-publish","format-standard","has-post-thumbnail","category-deportes","tag-celta","tag-deportes","tag-es","tag-espana","tag-estadio-de-balaidos","tag-spain","tag-sports"],"share_on_mastodon":{"url":"https:\/\/pubeurope.com\/@es\/117086540838932036","error":""},"_links":{"self":[{"href":"https:\/\/www.europesays.com\/es\/wp-json\/wp\/v2\/posts\/708562","targetHints":{"allow":["GET"]}}],"collection":[{"href":"https:\/\/www.europesays.com\/es\/wp-json\/wp\/v2\/posts"}],"about":[{"href":"https:\/\/www.europesays.com\/es\/wp-json\/wp\/v2\/types\/post"}],"author":[{"embeddable":true,"href":"https:\/\/www.europesays.com\/es\/wp-json\/wp\/v2\/users\/2"}],"replies":[{"embeddable":true,"href":"https:\/\/www.europesays.com\/es\/wp-json\/wp\/v2\/comments?post=708562"}],"version-history":[{"count":0,"href":"https:\/\/www.europesays.com\/es\/wp-json\/wp\/v2\/posts\/708562\/revisions"}],"wp:featuredmedia":[{"embeddable":true,"href":"https:\/\/www.europesays.com\/es\/wp-json\/wp\/v2\/media\/708563"}],"wp:attachment":[{"href":"https:\/\/www.europesays.com\/es\/wp-json\/wp\/v2\/media?parent=708562"}],"wp:term":[{"taxonomy":"category","embeddable":true,"href":"https:\/\/www.europesays.com\/es\/wp-json\/wp\/v2\/categories?post=708562"},{"taxonomy":"post_tag","embeddable":true,"href":"https:\/\/www.europesays.com\/es\/wp-json\/wp\/v2\/tags?post=708562"}],"curies":[{"name":"wp","href":"https:\/\/api.w.org\/{rel}","templated":true}]}}