{"id":708582,"date":"2026-08-13T05:42:34","date_gmt":"2026-08-13T05:42:34","guid":{"rendered":"https:\/\/www.europesays.com\/es\/708582\/"},"modified":"2026-08-13T05:42:34","modified_gmt":"2026-08-13T05:42:34","slug":"de-ver-a-su-padre-trabajar-en-los-sets-a-compartir-pantalla-con-el-la-historia-del-heredero-de-hollywood","status":"publish","type":"post","link":"https:\/\/www.europesays.com\/es\/708582\/","title":{"rendered":"De ver a su padre trabajar en los sets a compartir pantalla con \u00e9l: la historia del heredero de Hollywood"},"content":{"rendered":"<p class=\"com-paragraph --capital --s\">Su padre ser\u00e1 recordado eternamente por su trabajo en la pel\u00edcula <strong>La cosa (The Thing)<\/strong><strong> de 1982 <\/strong>y a su madre se la considera una de las actrices m\u00e1s aclamadas de los ochenta. Aunque <strong>Wyatt Russell <\/strong>pens\u00f3 seriamente en dedicarse al hockey sobre hielo, una situaci\u00f3n que experiment\u00f3 en un set de filmaci\u00f3n cuando ten\u00eda siete a\u00f1os le mostr\u00f3 <strong>c\u00f3mo era realmente trabajar en Hollywood<\/strong>.<strong> <\/strong>Y, si bien entendi\u00f3 las dificultades y presiones, eligi\u00f3 arriesgarse. Hoy, a los 40 a\u00f1os, es uno de los nepo babies del momento y ese actor al que acompa\u00f1aba al trabajo y llamaba pap\u00e1 cuando las c\u00e1maras se apagaban se convirti\u00f3 en su compa\u00f1ero de reparto. Un c\u00edrculo perfecto, el<a href=\"https:\/\/www.lanacion.com.ar\/espectaculos\/personajes\/secreto-revelado-goldie-hawn-conto-por-que-nunca-se-caso-con-kurt-russell-nid14072023\/\" target=\"_self\" title=\"https:\/\/www.lanacion.com.ar\/espectaculos\/personajes\/secreto-revelado-goldie-hawn-conto-por-que-nunca-se-caso-con-kurt-russell-nid14072023\/\" class=\"com-link break-word\" data-mrf-recirculation=\"n_link_parrafo\" rel=\"nofollow noopener\"> <strong>hijo de Kurt Russell y Goldie Hawn<\/strong><\/a>, \u00bfno?<\/p>\n<p class=\"com-paragraph --s\">Wyatt lleva el apellido de sus dos progenitores, pero profesionalmente solo usa el paterno. Naci\u00f3 el <strong>10 de julio de 1986<\/strong> en Los \u00c1ngeles, California, y tiene tres hermanos mayores: <strong>Oliver y <\/strong><a href=\"https:\/\/www.lanacion.com.ar\/espectaculos\/premios-oscar-2026-kate-hudson-protagonizo-uno-de-los-momentos-mas-emotivos-de-la-alfombra-roja-al-nid15032026\/\" target=\"_self\" title=\"https:\/\/www.lanacion.com.ar\/espectaculos\/premios-oscar-2026-kate-hudson-protagonizo-uno-de-los-momentos-mas-emotivos-de-la-alfombra-roja-al-nid15032026\/\" class=\"com-link break-word\" data-mrf-recirculation=\"n_link_parrafo\" rel=\"nofollow noopener\"><strong>Kate Hudson<\/strong>, fruto de la relaci\u00f3n de su madre con el m\u00fasico Bill Hudson<\/a>, y Boston Russell, del matrimonio de su padre y la actriz Season Hubley. <\/p>\n<p>Wyatt Russell es hijo de Goldie Hawn y Kurt Russell Kevork Djansezian &#8211; Getty Images<\/p>\n<p class=\"com-paragraph --s\">Cuando ten\u00eda siete a\u00f1os,<strong> acompa\u00f1\u00f3 a su padre al set de filmaci\u00f3n de <\/strong><strong>Tombstone<\/strong>, un film western dirigido por George P. Cosmatos y coprotagonizado por Val Kilmer y Sam Elliot. Estaba encantado con lo real que era el pueblo que se construy\u00f3, con las hamburguesas ilimitadas que pod\u00eda comer all\u00ed y con la familiaridad que sent\u00eda con todo el equipo. Pero adem\u00e1s de todo eso, hubo algo que, a pesar de su temprana edad,<strong> fue muy importante para su futuro como actor. <\/strong><\/p>\n<p class=\"com-paragraph --s\">\u201cVolv\u00edamos a casa de ese m\u00e1gico e incre\u00edble set y me tiraba en el sill\u00f3n.<strong> Mi padre seguramente pensaba que estaba dormido, pero en realidad estaba despierto, vi\u00e9ndolo c\u00f3mo fumaba cigarrillos y escrib\u00eda las cosas que ten\u00eda que hacer en los pr\u00f3ximos d\u00edas hasta las tres de la ma\u00f1ana<\/strong>\u201d, rememor\u00f3 hace un tiempo en el ciclo radial SiriusXM. A medida que crec\u00eda, not\u00f3 que exist\u00eda un equilibrio entre lo \u201cdivertido y genial\u201d del trabajo de su pap\u00e1, aunque siempre tuvo en claro que tambi\u00e9n inclu\u00eda escasas horas de sue\u00f1o. Pero eso no lo asust\u00f3, por el contrario, lo encandil\u00f3.<\/p>\n<p>Aunque pens\u00f3 en dedicarse al hockey sobre hielo, Wyatt finalmente decidi\u00f3 seguir los pasos de sus padres y ser actor (Foto: Instagram @underthebannerfx)<\/p>\n<p class=\"com-paragraph --s\">Esa reflexi\u00f3n fue puesta a un lado durante los a\u00f1os que decidi\u00f3 hacer del deporte una prioridad. <strong>Fue portero en varios equipos de hockey sobre hielo<\/strong>, tanto de Canad\u00e1 como de los Estados Unidos, pero una serie de lesiones lo dejaron fuera de las pistas en 2010 y lo obligaron a \u201cbarajar y dar de nuevo\u201d. \u00bfSu elecci\u00f3n? <strong>Seguir el \u201clegado\u201d y dedicarse a la actuaci\u00f3n.<\/strong><\/p>\n<p class=\"com-paragraph --s\">\u201cAl tener padres que pasaron por guerras cinematogr\u00e1ficas y tener un hermano y una hermana que lo hicieron al m\u00e1s alto nivel, se gana en reconocimiento. Pero <strong>siempre tuvimos cercan\u00eda como familia. Esa es nuestra ancla<\/strong>\u201d, sostuvo en una entrevista con <a href=\"https:\/\/people.com\/movies\/wyatt-russell-five-things-to-know\/\" target=\"_blank\" title=\"https:\/\/people.com\/movies\/wyatt-russell-five-things-to-know\/\" class=\"com-link break-word\" data-mrf-recirculation=\"n_link_parrafo\" rel=\"nofollow noopener\">la revista People en 2016<\/a>. Ninguno de ellos se opuso y, de hecho, el mejor consejo que le dieron fue justamente que \u201cno existe un consejo real\u201d. No hay ninguna \u201cmagia\u201d, solamente<strong> \u201cllegar a tiempo, conocer las l\u00edneas y ser una buena persona\u201d.<\/strong><\/p>\n<p>Kurt Russell y Goldie Hawn con Wyatt en brazos y sus hijos, Kate Hudson, Boston Russell y Oliver HudsonInstagram @katehudson<\/p>\n<p>De interpretar a un superh\u00e9roe de Marvel a trabajar al lado de su padre<\/p>\n<p class=\"com-paragraph --s\">El nombre de Wyatt comenz\u00f3 a sonar en Hollywood en 2014, cuando hizo <strong>22 Jump Street<\/strong>, protagonizada por Jonah Hill y Channing Tatum. A partir de ah\u00ed particip\u00f3 en otros proyectos cinematogr\u00e1ficos, como <strong>Overlord<\/strong><strong> y <\/strong><strong>Blaze,<\/strong> y estuvo en la serie<strong> Logia 49<\/strong>. Su gran salto (o vuelo) fue en 2021 de la mano de un gigante: <strong>Marvel<\/strong>. <\/p>\n<p class=\"com-paragraph --s\">Se sum\u00f3 al elenco de la serie de Disney+, <strong>El halc\u00f3n y el soldado de invierno <\/strong>(The Falcon and the Winter Soldier), donde se convirti\u00f3 en el nuevo Capit\u00e1n Am\u00e9rica, personaje por el cual \u2014aunque recibi\u00f3 reconocimiento\u2014 <a href=\"https:\/\/www.lanacion.com.ar\/espectaculos\/series-de-tv\/la-directora-de-falcon-y-el-soldado-de-invierno-defendio-al-nuevo-capitan-america-es-un-buen-tipo-y-nid27032021\/\" target=\"_self\" title=\"https:\/\/www.lanacion.com.ar\/espectaculos\/series-de-tv\/la-directora-de-falcon-y-el-soldado-de-invierno-defendio-al-nuevo-capitan-america-es-un-buen-tipo-y-nid27032021\/\" class=\"com-link break-word\" data-mrf-recirculation=\"n_link_parrafo\" rel=\"nofollow noopener\">tambi\u00e9n sufri\u00f3 cuestionamientos<\/a>, sobre todo por el hecho de que su predecesor era nada m\u00e1s y nada menos que Chris Evans. \u00c9l mismo dijo que \u201cfue divertido ser la bolsa de boxeo de Marvel por un tiempo\u201d. En 2025 lleg\u00f3 con su <strong>personaje a la pantalla grande con <\/strong><strong>Thunderbolts*<\/strong>, y abri\u00f3 una nueva e importante puerta para su carrera. <\/p>\n<p>Wyatt Russell interpret\u00f3 a John Walker\/Capit\u00e1n Am\u00e9rica en la serie de Disney+ El halc\u00f3n y el soldado de invierno (Foto: IMDb)<\/p>\n<p class=\"com-paragraph --s\">En 2022, demostr\u00f3 su capacidad para el drama en <strong>Bajo mandato del cielo <\/strong>(Under the Banner of Heaven), basada en hechos reales y protagonizada por Andrew Garfield, Daisy Edgar-Jones y Sam Worthington, y en 2023 se estren\u00f3<strong> <\/strong><a href=\"https:\/\/www.lanacion.com.ar\/espectaculos\/series-de-tv\/monarch-legado-de-monstruos-una-lograda-formula-que-revisita-el-fascinante-mundo-de-godzilla-y-le-nid21122023\/\" target=\"_self\" title=\"https:\/\/www.lanacion.com.ar\/espectaculos\/series-de-tv\/monarch-legado-de-monstruos-una-lograda-formula-que-revisita-el-fascinante-mundo-de-godzilla-y-le-nid21122023\/\" class=\"com-link break-word\" data-mrf-recirculation=\"n_link_parrafo\" rel=\"nofollow noopener\"><strong>Monarch: el legado de los monstruos<\/strong><\/a> (Monarch: Legacy of Monsters), una serie de ciencia ficci\u00f3n desarrollada tras la batalla entre Godzilla y los titanes. Ac\u00e1<strong> se dio el gusto de trabajar por primera vez con su padre e incluso interpretar el mismo personaje<\/strong>: el oficial Lee Shaw en su versi\u00f3n joven y adulta. <\/p>\n<p><img class=\"image com-image flex --cover\" decoding=\"async\" fetchpriority=\"low\" loading=\"lazy\" src=\"https:\/\/www.europesays.com\/es\/wp-content\/uploads\/2026\/08\/https:\/\/cdn.jwplayer.com\/v2\/media\/eFKnK71C\/poster.jpg\" alt=\" Monarch: el legado de los monstruos - Avance segunda temporada\"\/> Monarch: el legado de los monstruos &#8211; Avance segunda temporada<\/p>\n<p class=\"com-paragraph --s\">Aunque Wyatt admiti\u00f3 que dud\u00f3 antes de aceptar la propuesta, termin\u00f3 reconociendo que fue algo especial y \u00fanico. <strong>La serie cumpli\u00f3 con las expectativas <\/strong>y Apple TV+ la renov\u00f3 para una segunda temporada que se estren\u00f3 el pasado febrero.<\/p>\n<p>Padre e hijo act\u00faan juntos en Monarch: el legado de los monstruos, serie disponible en Apple TV+VALERIE MACON &#8211; AFP<\/p>\n<p>El legado, la familia y el rol m\u00e1s \u201cincre\u00edble\u201d<\/p>\n<p class=\"com-paragraph --s\">Aunque Wyatt quiso tener un nombre propio en Hollywood, a diferencia de otros actores con un historial similar, <strong>no trata de despegarse por completo del apellido, sino que lo alimenta y no duda en mencionar a sus padres o hermanos <\/strong>si la situaci\u00f3n lo amerita. Incluso, adem\u00e1s de trabajar en el mismo ambiente que sus padres, en la vida real, tambi\u00e9n protagoniz\u00f3 una historia de amor similar a la suya. Mientras Goldie y Kurt cruzaron sus caminos en 1983 durante el rodaje de Chicas en pie de guerra (Swing Shift), <strong>Wyatt conoci\u00f3 a Meredith Hagner en 2016 mientras hac\u00eda la comedia <\/strong><strong>El h\u00e9roe popular y el tipo gracioso<\/strong> (Folk Hero &amp; Funny Guy). Dos a\u00f1os despu\u00e9s se comprometieron y en septiembre de 2019 el actor se cas\u00f3 en segundas nupcias, puesto que en 2012 contrajo matrimonio con la estilista Sanne Hamers.<\/p>\n<p>Wyatt est\u00e1 casado con la actriz Meredith Hagner y tienen dos hijos juntos, Buddy Prine y Boone Joseph (Foto: Instagram @merediththeweasel)<\/p>\n<p class=\"com-paragraph --s\"><strong>En 2021 asumi\u00f3 otro rol distinto: el de padre de Buddy Prine<\/strong>. Incluso indic\u00f3 que es un \u201cpersonaje\u201d que le gusta, y mucho. Tras el nacimiento de su hijo, defini\u00f3 a la paternidad como algo \u201cincre\u00edble\u201d y \u201ctodo lo que no sab\u00edas que iba a ser\u201d. En febrero de 2024 naci\u00f3 su segundo hijo,<strong> Boone Joseph<\/strong>, y aunque no tiene redes sociales, su esposa se encarga de compartir con sus fans las mejores postales familiares. <\/p>\n<p> Avengers: Doomsday se estrena en diciembreMarvel<\/p>\n<p class=\"com-paragraph --s\">A los 40 a\u00f1os,<strong> Wyatt Russell es, indiscutiblemente, el calco de su padre<\/strong>, pero, m\u00e1s all\u00e1 de su imagen y apellido, encontr\u00f3 la manera de darse a conocer por sus propios m\u00e9ritos. Su talento capt\u00f3 la atenci\u00f3n de Steven Spielberg, quien lo convoc\u00f3 para su \u00faltimo proyecto de ciencia ficci\u00f3n: El D\u00eda de la Revelaci\u00f3n (Disclosure Day) y en diciembre estrena<a href=\"https:\/\/www.lanacion.com.ar\/espectaculos\/cine\/el-primer-trailer-de-avengers-doomsday-muestra-el-regreso-del-capitan-america-thor-y-el-debut-de-nid21072026\/\" target=\"_self\" title=\"https:\/\/www.lanacion.com.ar\/espectaculos\/cine\/el-primer-trailer-de-avengers-doomsday-muestra-el-regreso-del-capitan-america-thor-y-el-debut-de-nid21072026\/\" class=\"com-link break-word\" data-mrf-recirculation=\"n_link_parrafo\" rel=\"nofollow noopener\"> Avengers: Doomsday, una de las pel\u00edculas m\u00e1s esperadas del a\u00f1o<\/a>. Aunque pens\u00f3 hacer una carrera en la pista de hielo, la sangre tir\u00f3 m\u00e1s fuerte y lo llev\u00f3 a ser uno de los <strong>nuevos nepo babies de Hollywood <\/strong>que, seguramente, tendr\u00e1 una larga carrera por delante.<\/p>\n","protected":false},"excerpt":{"rendered":"Su padre ser\u00e1 recordado eternamente por su trabajo en la pel\u00edcula La cosa (The Thing) de 1982 y&hellip;\n","protected":false},"author":2,"featured_media":708583,"comment_status":"","ping_status":"","sticky":false,"template":"","format":"standard","meta":{"footnotes":""},"categories":[174],"tags":[19340,255,81293,146,147,25,24,2793,256,23],"class_list":["post-708582","post","type-post","status-publish","format-standard","has-post-thumbnail","category-famosos","tag-alfombra","tag-celebrities","tag-critics-choice-awards-2024","tag-entertainment","tag-entretenimiento","tag-es","tag-espana","tag-espectaculos","tag-famosos","tag-spain"],"share_on_mastodon":{"url":"https:\/\/pubeurope.com\/@es\/117086608636559130","error":""},"_links":{"self":[{"href":"https:\/\/www.europesays.com\/es\/wp-json\/wp\/v2\/posts\/708582","targetHints":{"allow":["GET"]}}],"collection":[{"href":"https:\/\/www.europesays.com\/es\/wp-json\/wp\/v2\/posts"}],"about":[{"href":"https:\/\/www.europesays.com\/es\/wp-json\/wp\/v2\/types\/post"}],"author":[{"embeddable":true,"href":"https:\/\/www.europesays.com\/es\/wp-json\/wp\/v2\/users\/2"}],"replies":[{"embeddable":true,"href":"https:\/\/www.europesays.com\/es\/wp-json\/wp\/v2\/comments?post=708582"}],"version-history":[{"count":0,"href":"https:\/\/www.europesays.com\/es\/wp-json\/wp\/v2\/posts\/708582\/revisions"}],"wp:featuredmedia":[{"embeddable":true,"href":"https:\/\/www.europesays.com\/es\/wp-json\/wp\/v2\/media\/708583"}],"wp:attachment":[{"href":"https:\/\/www.europesays.com\/es\/wp-json\/wp\/v2\/media?parent=708582"}],"wp:term":[{"taxonomy":"category","embeddable":true,"href":"https:\/\/www.europesays.com\/es\/wp-json\/wp\/v2\/categories?post=708582"},{"taxonomy":"post_tag","embeddable":true,"href":"https:\/\/www.europesays.com\/es\/wp-json\/wp\/v2\/tags?post=708582"}],"curies":[{"name":"wp","href":"https:\/\/api.w.org\/{rel}","templated":true}]}}