{"id":70861,"date":"2025-08-25T10:01:08","date_gmt":"2025-08-25T10:01:08","guid":{"rendered":"https:\/\/www.europesays.com\/es\/70861\/"},"modified":"2025-08-25T10:01:08","modified_gmt":"2025-08-25T10:01:08","slug":"taqa-entra-en-espana-con-la-compra-de-gs-inima-por-1-200-millones-de-dolares-expansion","status":"publish","type":"post","link":"https:\/\/www.europesays.com\/es\/70861\/","title":{"rendered":"Taqa entra en Espa\u00f1a con la compra de GS Inima por 1.200 millones de d\u00f3lares &#8211; Expansi\u00f3n"},"content":{"rendered":"<ol>\n<li><a href=\"https:\/\/news.google.com\/rss\/articles\/CBMigAFBVV95cUxNSHl5THBsRTcxT2Npb25oZ3A2eWhtYkV5YndVY3hybW9VaERIZHBtc3ZtWnlLbElfTUZ1Q19GcTRGWHk4dEdvY0owWXFJeGVHaHJUYXFacUFObkFqNmlJSzdIZnFkdThoUmExQVFjZ21LVFFDazlqZGY2RE5CLVlLedIBgAFBVV95cUxOb2tKSjMzT0llSTlCNEs5Sy1UQVB2WktuVnpwY2dPYUY0RnItbVdTTW1vcTc5NjRibjhDTExvZmNSRmRlRlZaR1Z6SzF5V1VnbnkzMVV5Nk5KVEpMN1BYRWFFSTJobm14cVEwcTFYY0dRd1ZqY20zY1kzcWdYT1pubg?oc=5\" target=\"_blank\" rel=\"nofollow noopener\">Taqa entra en Espa\u00f1a con la compra de GS Inima por 1.200 millones de d\u00f3lares<\/a>&nbsp;&nbsp;Expansi\u00f3n<\/li>\n<li><a href=\"https:\/\/news.google.com\/rss\/articles\/CBMi8AFBVV95cUxNNEFjMERsMkV6N0dzQjRKSnBEamdkSHBUTmdIM2lJNXNZeWU0cmJBWWZHb0JwOWRqdjdTUHE1aHgyTkZDellUSTQ5Rm9hRTUtc1FsTE1hbE5hZDhNbGdHR2pmc3FVYUFicDJWUmFseWdkVHA2TWZkbGdCT2c1TkZMYkJxb2RxR1QteU44MnRFS0JOYU5yX2E4MEJ6TTR4TGpxV0NuUnNIUEJUNUFmRWhfTkVPUFVuZ2tYdTBGWFNhdm9rZ05uSkV1UDJBaFZxTlhyUjZ0SElZNFdKOFlNVTVLMm9PbXhfRlhOR3RrSXFSSWw?oc=5\" target=\"_blank\" rel=\"nofollow noopener\">La emirat\u00ed Taqa entra en Espa\u00f1a tras no lograrlo con Naturgy con la compra de GS Inima por 1.000 millones<\/a>&nbsp;&nbsp;Cinco D\u00edas<\/li>\n<li><a href=\"https:\/\/news.google.com\/rss\/articles\/CBMimAFBVV95cUxQcG53SUZkeG1FWWh4ZjJ1WC13UmtxbEJMcnhyblpQanl2V2dNVGlYOHR2RFpNNUE4QXItSE9BN2x5RmtZU2Y4SlY3a1pDa0RTSVdZNTVOdlBFMmNlLXc0UURGa3pzRi1rNHl3WlYwcFRmRXdMMThQcWVBU3dkX0Q3QkNqeW4zV0ZXMXVqdW9kVndOQmJDU3JBZ9IBmAFBVV95cUxOdDF3cVQ2M2NaSUdPaXF2TVJBVmpRSExwOXpjbWZMWENaTU0zVTh3WjI1WmhqLXRBN1Jya3gzbGVBamlDcUI1SmJDeVRrUG1KODIyZXVxc3UxSk51OW55NWNVbjdtNzhzbkRUTGVBRGdVZ1Q5S2I3ZEM0ZkFjVjlSczh3Q1RXV2JHQllQcUMyakxPWHdYNEhReA?oc=5\" target=\"_blank\" rel=\"nofollow noopener\">La emirat\u00ed Taqa compra la compa\u00f1\u00eda de aguas GS Inima por 1.025 millones<\/a>&nbsp;&nbsp;El Peri\u00f3dico<\/li>\n<li><a href=\"https:\/\/news.google.com\/rss\/articles\/CBMiwwFBVV95cUxQb2xwMWVrZHJ0MG9lSzA5cF9ZSlhVaW96WG5XM1laSmRpZ0RIUVpJNC1GSERIXzg5cFRCdnoxbXkyNC1LYVNIVzRvUzRFSFhOZTljSDN3TlQzRzNCdlVYQkhqR3hfWUVITGdodlZVSk1rNDR3NmM2cHBOc3JSV0w3VHNja2tmYWNTTDA4b3FmZXRmOWJTZW9qeXdGZzlYRmE1ck9ZMUVVZEJSeFBrbWh2NXA1d3BQQlJ5TWN3N0tZaFdSRVE?oc=5\" target=\"_blank\" rel=\"nofollow noopener\">La emirat\u00ed Taqa compra la espa\u00f1ola GS Inima por 1.000 millones tras su opa fallida sobre Naturgy<\/a>&nbsp;&nbsp;20Minutos<\/li>\n<li><a href=\"https:\/\/news.google.com\/rss\/articles\/CBMi9AFBVV95cUxPLWVuTXluRXRGUi1yV2dmXzBvS1BFdGlFb3pmVWtjMTFYQks4WjBBQ29uam9mcVFFUzNSTFlWOXpDMHFWeHJfOFVPRE5hVEJFX2l4bU9rcEdhYXZGTURrWGVkOUgzNUdkTC1SR3pGWkxxd0V6Z0Y3OS1aVUlzOUdIMnloN09BMmFZckRfWnUtNEF1Q01wTzM0SDl0em9qYmxROWNFVUxqYmk0VUZqNU1GMk51N3hzaG81M3gwcm1aYmpzYzN5WWt5M1BwYXlzZ3lmSUU2S2hyOHRtQ09aOVRwdUxWbWtCZGxCOWRnOV9vRUk2UGt4?oc=5\" target=\"_blank\" rel=\"nofollow noopener\">La surcoreana GS E&amp;C vende su divisi\u00f3n de agua en Espa\u00f1a, Inima, a la emirat\u00ed TAQA por m\u00e1s de 1.000 millones de euros<\/a>&nbsp;&nbsp;El Espa\u00f1ol<\/li>\n<\/ol>\n","protected":false},"excerpt":{"rendered":"Taqa entra en Espa\u00f1a con la compra de GS Inima por 1.200 millones de d\u00f3lares&nbsp;&nbsp;Expansi\u00f3n La emirat\u00ed Taqa&hellip;\n","protected":false},"author":2,"featured_media":70862,"comment_status":"","ping_status":"","sticky":false,"template":"","format":"standard","meta":{"footnotes":""},"categories":[80],"tags":[82,95,94,2308,25,24,3289,24594,23],"class_list":{"0":"post-70861","1":"post","2":"type-post","3":"status-publish","4":"format-standard","5":"has-post-thumbnail","7":"category-economia","8":"tag-business","9":"tag-economia","10":"tag-economy","11":"tag-empresas","12":"tag-es","13":"tag-espana","14":"tag-fusiones-y-adquisiciones","15":"tag-nea","16":"tag-spain"},"share_on_mastodon":{"url":"","error":""},"_links":{"self":[{"href":"https:\/\/www.europesays.com\/es\/wp-json\/wp\/v2\/posts\/70861","targetHints":{"allow":["GET"]}}],"collection":[{"href":"https:\/\/www.europesays.com\/es\/wp-json\/wp\/v2\/posts"}],"about":[{"href":"https:\/\/www.europesays.com\/es\/wp-json\/wp\/v2\/types\/post"}],"author":[{"embeddable":true,"href":"https:\/\/www.europesays.com\/es\/wp-json\/wp\/v2\/users\/2"}],"replies":[{"embeddable":true,"href":"https:\/\/www.europesays.com\/es\/wp-json\/wp\/v2\/comments?post=70861"}],"version-history":[{"count":0,"href":"https:\/\/www.europesays.com\/es\/wp-json\/wp\/v2\/posts\/70861\/revisions"}],"wp:featuredmedia":[{"embeddable":true,"href":"https:\/\/www.europesays.com\/es\/wp-json\/wp\/v2\/media\/70862"}],"wp:attachment":[{"href":"https:\/\/www.europesays.com\/es\/wp-json\/wp\/v2\/media?parent=70861"}],"wp:term":[{"taxonomy":"category","embeddable":true,"href":"https:\/\/www.europesays.com\/es\/wp-json\/wp\/v2\/categories?post=70861"},{"taxonomy":"post_tag","embeddable":true,"href":"https:\/\/www.europesays.com\/es\/wp-json\/wp\/v2\/tags?post=70861"}],"curies":[{"name":"wp","href":"https:\/\/api.w.org\/{rel}","templated":true}]}}