{"id":708627,"date":"2026-08-13T06:18:12","date_gmt":"2026-08-13T06:18:12","guid":{"rendered":"https:\/\/www.europesays.com\/es\/708627\/"},"modified":"2026-08-13T06:18:12","modified_gmt":"2026-08-13T06:18:12","slug":"en-directo-asi-te-hemos-contado-el-eclipse-de-sol-en-bizkaia","status":"publish","type":"post","link":"https:\/\/www.europesays.com\/es\/708627\/","title":{"rendered":"En directo: as\u00ed te hemos contado el eclipse de sol en Bizkaia"},"content":{"rendered":"<p class=\"article-body__text \">\n        <strong>Colombiano viendo el eclipse<\/strong>\n<\/p>\n<p class=\"article-body__text \">\n        \u00abHa sido alucinante, ya que no todo el mundo puede vivir esta experiencia a lo largo de su vida\u00bb, apunta, al mismo tiempo que reconoce que \u00abhemos sido afortunados de estar aqu\u00ed, con un cielo despejado y haber podido vivir la experiencia\u201d. <strong>Informa Mikel Macho.<\/strong>\n<\/p>\n<p class=\"article-photo__footer\">\n            En im\u00e1genes: as\u00ed se ha vivido el eclipse en Bizkaia            Markel Fern\u00e1ndez        <\/p>\n","protected":false},"excerpt":{"rendered":"Colombiano viendo el eclipse \u00abHa sido alucinante, ya que no todo el mundo puede vivir esta experiencia a&hellip;\n","protected":false},"author":2,"featured_media":708628,"comment_status":"","ping_status":"","sticky":false,"template":"","format":"standard","meta":{"footnotes":""},"categories":[8],"tags":[4144,17,18,2125,32994,25,24,13,14,11,19,20,9,10,15,16,5653,23,12,21,22],"class_list":["post-708627","post","type-post","status-publish","format-standard","has-post-thumbnail","category-espana","tag-bizkaia","tag-breaking-news","tag-breakingnews","tag-directo","tag-eclipse","tag-es","tag-espana","tag-featured-news","tag-featurednews","tag-headlines","tag-latest-news","tag-latestnews","tag-news","tag-noticias","tag-noticias-destacadas","tag-noticiasdestacadas","tag-solar","tag-spain","tag-titulares","tag-ultimas-noticias","tag-ultimasnoticias"],"share_on_mastodon":{"url":"https:\/\/pubeurope.com\/@es\/117086749036268036","error":""},"_links":{"self":[{"href":"https:\/\/www.europesays.com\/es\/wp-json\/wp\/v2\/posts\/708627","targetHints":{"allow":["GET"]}}],"collection":[{"href":"https:\/\/www.europesays.com\/es\/wp-json\/wp\/v2\/posts"}],"about":[{"href":"https:\/\/www.europesays.com\/es\/wp-json\/wp\/v2\/types\/post"}],"author":[{"embeddable":true,"href":"https:\/\/www.europesays.com\/es\/wp-json\/wp\/v2\/users\/2"}],"replies":[{"embeddable":true,"href":"https:\/\/www.europesays.com\/es\/wp-json\/wp\/v2\/comments?post=708627"}],"version-history":[{"count":0,"href":"https:\/\/www.europesays.com\/es\/wp-json\/wp\/v2\/posts\/708627\/revisions"}],"wp:featuredmedia":[{"embeddable":true,"href":"https:\/\/www.europesays.com\/es\/wp-json\/wp\/v2\/media\/708628"}],"wp:attachment":[{"href":"https:\/\/www.europesays.com\/es\/wp-json\/wp\/v2\/media?parent=708627"}],"wp:term":[{"taxonomy":"category","embeddable":true,"href":"https:\/\/www.europesays.com\/es\/wp-json\/wp\/v2\/categories?post=708627"},{"taxonomy":"post_tag","embeddable":true,"href":"https:\/\/www.europesays.com\/es\/wp-json\/wp\/v2\/tags?post=708627"}],"curies":[{"name":"wp","href":"https:\/\/api.w.org\/{rel}","templated":true}]}}