{"id":708653,"date":"2026-08-13T06:43:16","date_gmt":"2026-08-13T06:43:16","guid":{"rendered":"https:\/\/www.europesays.com\/es\/708653\/"},"modified":"2026-08-13T06:43:16","modified_gmt":"2026-08-13T06:43:16","slug":"por-que-el-eclipse-es-como-ganar-un-mundial-expansion","status":"publish","type":"post","link":"https:\/\/www.europesays.com\/es\/708653\/","title":{"rendered":"Por qu\u00e9 el eclipse es como ganar un Mundial &#8211; Expansi\u00f3n"},"content":{"rendered":"<ol>\n<li><a href=\"https:\/\/news.google.com\/rss\/articles\/CBMiogFBVV95cUxPXzIySEJCRU55UzdtZzZzLXlIbXBzaHM0MjJYeEU0TnNUaS0wV2FpTF8zWW9qNG5NTzlHSGhXTkRLb2tsWWttc0NocUptdzFJZ0d0cjI1ci1BenlLOWtVNy0ySWc1NmpIWTh1cFl2eWh1ZS1oSTBqUXZxb2ZnLWM0djFNV3Y0VzJiVFczS21IQnlqZk1XSndqelpxQXdjdUlSS3fSAaIBQVVfeXFMTmx5NWI4MlZWdGFtX2Y2SDBwNUFFSGZzVmZaMi11NE1lMFp2R0cxNmF2bFZDYXcxb00xR2ZQazI2ZDBfaUZySG9vRXh3aFVRUVFHMTVTTG5kUmVRNTVzemYxYTZncmstcHRKejZCQTVXT0xkZjhfeV85UFRWU2ZhOE1XbllBcGktcUNHMWdsZ2JkRGlkTUFCY0ZCMk5BWjdnbE13?oc=5\" target=\"_blank\" rel=\"nofollow noopener\">Por qu\u00e9 el eclipse es como ganar un Mundial<\/a>&nbsp;&nbsp;Expansi\u00f3n<\/li>\n<li><a href=\"https:\/\/news.google.com\/rss\/articles\/CBMie0FVX3lxTFA3TjJTcjZjdWFqTG9MaU02UjJSQ0RlX204dzJza3ZLby1Gck5PYVIwa0ZCVDVOT2oydWlTamVCNHo1bWtIYm42MmJRcHZkQXlTUk9kSE92bHM1Qko2RERrTTZqMUU5SjVoZWxOVl9CTWtWenBBd19tbDZjONIBe0FVX3lxTE9oMEVqWDFrY25aV0hLSU5acGZfWHJraU9wYk5qd0lMMTRTbnA2dDBXNEJyTTJkV2hjVG1tS0s0eVBSMVJfZU85SmdQZzJZYXAzSzN4SkZoVkFTcTVhNmhfRkI4TFpqQlRfMzl0THR2b3dnQWJOMHowRWhSZw?oc=5\" target=\"_blank\" rel=\"nofollow noopener\">Los &#8216;haters&#8217; del eclipse<\/a>&nbsp;&nbsp;El Mundo<\/li>\n<li><a href=\"https:\/\/news.google.com\/rss\/articles\/CBMiswFBVV95cUxPbktnbVQ4d3l1YWE2dWtsc1dETTEySDVMdThXODBQdnpLbnFPYjJGaGpxeUhOVnAyVlJ5X1JqQUV6SWpTNkNQSElGNFF6UTRqSjRwMnVmQ0I5aWliaUVrczFKb1QtWVlvMFZrZjBwd3RuM09HLXdZSUtpTm1uSkd6UVJQdlN0R2hlOW1mUXJQQVhBM182OUJScHVCMWdYd2p0RE14Nk9vdGtKWW8xM0piTkxaQQ?oc=5\" target=\"_blank\" rel=\"nofollow noopener\">Cuando el fin ef\u00edmero del Sol no importa<\/a>&nbsp;&nbsp;Diario de Navarra<\/li>\n<li><a href=\"https:\/\/news.google.com\/rss\/articles\/CBMi3gFBVV95cUxNRlZHZ09mWXdKLXpVVm4wRGlpeVlEdTd5X0hxZWJ4dFM5aVRTb2pPckFWcUdXS1NHUDhRbVBYNGdKMFVoZ29nbGI2LXQ0bGRXZVNQQWFHWG9CYnE4eEtVejZSM2JRaGo4MXc1MmZSbU5jVEcxSnlhZ25uWUxkVmdFOG5vcWdld3R3NVhFRDRjZ2J3MEpnS2t5Q1A5cVlXYjh2Z3Z0eE5tT0w4T3JzazdCdFBLdlZ3M2tKRE9UTXhnblJQWTJ2TnZuSmtoTG5ESEdaVzZYc3RWcDQ1REVsWUHSAfoBQVVfeXFMTVpVTW9wLTZfa3pzajRneW43ajc2OVg1dVJUTndlRkg1RXdnS2xUNVo1SHJleTZ6TFRxSmVxMV9MbGZKR2g3OHBaODN6RWIyVU9vRm5zalNpZTJsa3VZS0paTkxJWWhSVk9QVEJpTm9DQ1k0UFBiX0V1RTZ6THBCd3ZDU1l4bXJGcVRaNUhOa011MDJEMXFQQ1BDX1dhdGdnX3lLajNaMUJyLWswSlI2bUpwMDRVaXg3WHZXRTZLYThrYVdXbjJsbUxkWGJTc3REd2NSU290dGZVMU1hN3ZCU0FQbUFrRzhtTmNoalN0YzlNTjZMcnNLYnJ3dw?oc=5\" target=\"_blank\" rel=\"nofollow noopener\">Cr\u00f3nica de un d\u00eda hist\u00f3rico: La ciencia predijo la oscuridad, pero no lo que sentir\u00edamos<\/a>&nbsp;&nbsp;La Voz de Galicia<\/li>\n<li><a href=\"https:\/\/news.google.com\/rss\/articles\/CBMif0FVX3lxTE9yZ05Tdnktd0pwLXJub0h5WGpHZFNWb1hWU0o1dEFVdGh3dHRfMm1fc2p6U1RZX0lzRHZ5cFlwbmJqd0lUamQyNDRpbGFfc3hycjVvMmlwdFpZdGlLblpfQm9hOXU5bndIeUozRmhCVzdKRE5GeTBtU2tsWThXUlE?oc=5\" target=\"_blank\" rel=\"nofollow noopener\">Los que dieron la espalda al Sol<\/a>&nbsp;&nbsp;El Correo<\/li>\n<\/ol>\n","protected":false},"excerpt":{"rendered":"Por qu\u00e9 el eclipse es como ganar un Mundial&nbsp;&nbsp;Expansi\u00f3n Los &#8216;haters&#8217; del eclipse&nbsp;&nbsp;El Mundo Cuando el fin ef\u00edmero&hellip;\n","protected":false},"author":2,"featured_media":708654,"comment_status":"","ping_status":"","sticky":false,"template":"","format":"standard","meta":{"footnotes":""},"categories":[8],"tags":[17,18,1564,127360,25,24,7900,13,14,11,19,20,9,10,15,16,23,2922,12,21,22],"class_list":["post-708653","post","type-post","status-publish","format-standard","has-post-thumbnail","category-espana","tag-breaking-news","tag-breakingnews","tag-directivos","tag-directivos-estilo-vida-tendencias","tag-es","tag-espana","tag-estilo-de-vida","tag-featured-news","tag-featurednews","tag-headlines","tag-latest-news","tag-latestnews","tag-news","tag-noticias","tag-noticias-destacadas","tag-noticiasdestacadas","tag-spain","tag-tendencias","tag-titulares","tag-ultimas-noticias","tag-ultimasnoticias"],"share_on_mastodon":{"url":"https:\/\/pubeurope.com\/@es\/117086847141646028","error":""},"_links":{"self":[{"href":"https:\/\/www.europesays.com\/es\/wp-json\/wp\/v2\/posts\/708653","targetHints":{"allow":["GET"]}}],"collection":[{"href":"https:\/\/www.europesays.com\/es\/wp-json\/wp\/v2\/posts"}],"about":[{"href":"https:\/\/www.europesays.com\/es\/wp-json\/wp\/v2\/types\/post"}],"author":[{"embeddable":true,"href":"https:\/\/www.europesays.com\/es\/wp-json\/wp\/v2\/users\/2"}],"replies":[{"embeddable":true,"href":"https:\/\/www.europesays.com\/es\/wp-json\/wp\/v2\/comments?post=708653"}],"version-history":[{"count":0,"href":"https:\/\/www.europesays.com\/es\/wp-json\/wp\/v2\/posts\/708653\/revisions"}],"wp:featuredmedia":[{"embeddable":true,"href":"https:\/\/www.europesays.com\/es\/wp-json\/wp\/v2\/media\/708654"}],"wp:attachment":[{"href":"https:\/\/www.europesays.com\/es\/wp-json\/wp\/v2\/media?parent=708653"}],"wp:term":[{"taxonomy":"category","embeddable":true,"href":"https:\/\/www.europesays.com\/es\/wp-json\/wp\/v2\/categories?post=708653"},{"taxonomy":"post_tag","embeddable":true,"href":"https:\/\/www.europesays.com\/es\/wp-json\/wp\/v2\/tags?post=708653"}],"curies":[{"name":"wp","href":"https:\/\/api.w.org\/{rel}","templated":true}]}}