{"id":708743,"date":"2026-08-13T07:59:15","date_gmt":"2026-08-13T07:59:15","guid":{"rendered":"https:\/\/www.europesays.com\/es\/708743\/"},"modified":"2026-08-13T07:59:15","modified_gmt":"2026-08-13T07:59:15","slug":"farage-lider-del-partido-antiinmigracion-britanico-enfrenta-test-electoral","status":"publish","type":"post","link":"https:\/\/www.europesays.com\/es\/708743\/","title":{"rendered":"Farage, l\u00edder del partido antiinmigraci\u00f3n brit\u00e1nico, enfrenta test electoral"},"content":{"rendered":"<p>    <img src=\"https:\/\/www.europesays.com\/es\/wp-content\/uploads\/2026\/08\/2026-08-13T063A553A22Z-91889500.jpg\" width=\"1024\" height=\"764\" alt=\"\" loading=\"eager\" decoding=\"sync\" fetchpriority=\"high\"\/><\/p>\n<p>            afp_tickers        <\/p>\n<p>        Este contenido fue publicado en    <\/p>\n<p>        13 agosto 2026 &#8211; 08:55\n<\/p>\n<p>En unos comicios boicoteados por las principales formaciones, el l\u00edder del partido antiinmigraci\u00f3n brit\u00e1nico Reform UK, Nigel Farage, espera ser reelecto este jueves como diputado parlamentario, despu\u00e9s de renunciar a su esca\u00f1o en julio tras semanas de pol\u00e9mica sobre sus finanzas.<\/p>\n<p>\u00abHe decidido que la gente debe juzgar mis actos\u00bb, dijo Farage, tras renunciar a su esca\u00f1o de Clacton, una circunscripci\u00f3n del sureste de Inglaterra, que ha representado durante dos a\u00f1os.\u00a0<\/p>\n<p>La decisi\u00f3n lleg\u00f3 despu\u00e9s de que varios medios revelaran que se aprovech\u00f3 de donaciones de empresarios ricos, de las que no inform\u00f3.<\/p>\n<p>\u00abEl resultado de Clacton no cambiar\u00e1 nada directamente. El gobierno laborista seguir\u00e1 con amplia mayor\u00eda parlamentaria obtenida en las elecciones de 2024, cuando quedan tres a\u00f1os para los pr\u00f3ximos comicios generales. Adem\u00e1s (el ejecutivo) est\u00e1 disfrutando de un repunte en las encuestas debido a la popularidad de su nuevo l\u00edder, Andy Burnham\u00bb, primer ministro brit\u00e1nico desde el 20 de julio, explica a la AFP Peter Dorey, catedr\u00e1tico de pol\u00edtica brit\u00e1nica de la Universidad de Cardiff.<\/p>\n<p>Reform UK lideraba las encuestas brit\u00e1nica de intenci\u00f3n de voto buena parte de 2025 y 2026, pero en las \u00faltimas semanas baj\u00f3 algunos puntos.<\/p>\n<p>En un sondeo del instituto YouGov, a finales de julio, Reform UK y el Partido Laborista estaban empatados con un 22% de intenci\u00f3n de voto.<\/p>\n<p>\u2013 Ausencia de principales partidos \u2013<\/p>\n<p>La llegada de Burnham, nuevo l\u00edder laborista, parece haber \u00a0reducido la ventaja de Reform UK, a lo que se uni\u00f3 la pol\u00e9mica sobre la financiaci\u00f3n del partido.<\/p>\n<p>A la elecci\u00f3n de Clacton, con 78.245 personas con derecho a voto, los principales partidos nacionales han decidido no presentar candidato, por considerar que la convocatoria responde a una estrategia de Farage.\u00a0<\/p>\n<p>A la contienda concurren Farage y otros 33 candidatos independientes o de partidos minoritarios, un r\u00e9cord para una elecci\u00f3n parlamentaria brit\u00e1nica.<\/p>\n<p>Como principal rival de Farage aparece Count Binface, un personaje pol\u00edtico sat\u00edrico creado por el humorista Jon Harvey.\u00a0<\/p>\n<p>Su nombre significa \u00abConde Cara de Cubo de Basura\u00bb y suele presentarse a elecciones con un casco plateado sobre su cabeza.\u00a0<\/p>\n<p>Forma parte de la tradici\u00f3n brit\u00e1nica de candidatos humor\u00edsticos que utilizan la parodia para criticar a los partidos tradicionales.<\/p>\n<p>\u00abSi Farage pierde, ser\u00e1 un problema serio para \u00e9l y su partido. Perder frente a un cubo de basura ser\u00eda humillante. Dicho esto, hay algunos indicios de que Reform est\u00e1 preocupado por la asociaci\u00f3n de su l\u00edder con personas poco recomendables y con dinero procedente de esas relaciones. Y si ello est\u00e1 da\u00f1ando la imagen del partido\u00bb, explica a la AFP Catherine Barnard, profesora de Derecho en la Universidad de Cambridge .<\/p>\n<p>Tim Bale, profesor de Pol\u00edtica de la Universidad Queen Mary de Londres, coment\u00f3 a la AFP que lo que Farage busca es \u00abganar tiempo\u00bb.<\/p>\n<p>\u00abProbablemente volver\u00e1 al Parlamento. Pero en ese momento la investigaci\u00f3n volver\u00e1 a ponerse en marcha. Puede presentarse, pero no esconderse\u00bb a\u00f1ade Bale.<\/p>\n<p>\u2013 Investigaci\u00f3n contra Farage \u2013<\/p>\n<p>El Parlamento brit\u00e1nico abri\u00f3 en mayo una investigaci\u00f3n contra Farage por no declarar una donaci\u00f3n de cinco millones de libras (6,6 millones de d\u00f3lares) recibida, antes de presentarse a las elecciones de julio de 2024, por parte del magnate tailand\u00e9s-brit\u00e1nico de las criptomonedas Christopher Harborne.<\/p>\n<p>Farage justific\u00f3 no haber declarado la donaci\u00f3n alegando que, al no ser diputado en ese momento, no estaba obligado a hacerlo al tratarse de una aportaci\u00f3n \u00abprivada\u00bb y \u00abno pol\u00edtica\u00bb.<\/p>\n<p>Pero el Sunday Times revel\u00f3 que tambi\u00e9n habr\u00eda recibido, el a\u00f1o anterior a las elecciones, ayuda econ\u00f3mica de otro empresario de las criptomonedas, George Cottrell.\u00a0<\/p>\n<p>Farage, antes omnipresente en prensa y redes sociales, ahora se muestra m\u00e1s discreto.<\/p>\n<p>\u00abClacton podr\u00eda ser muy importante. Podr\u00eda demostrar que la derecha populista est\u00e1 retrocediendo. Todo depender\u00e1 de cu\u00e1ntos votos consiga Farage. Si gana por un margen estrecho o un n\u00famero de votos muy inferior al obtenido en las elecciones de 2024, sugerir\u00eda que su popularidad disminuye y su credibilidad qued\u00f3 da\u00f1ada por las revelaciones sobre las donaciones que recibi\u00f3\u00bb, se\u00f1ala Pete Dorey.<\/p>\n<p>Farage fue elegido en 2024 \u2014en su octavo intento\u2014 con el 46% de los votos.<\/p>\n<p>psr\/avl\/mas<\/p>\n","protected":false},"excerpt":{"rendered":"afp_tickers Este contenido fue publicado en 13 agosto 2026 &#8211; 08:55 En unos comicios boicoteados por las principales&hellip;\n","protected":false},"author":2,"featured_media":708744,"comment_status":"","ping_status":"","sticky":false,"template":"","format":"standard","meta":{"footnotes":""},"categories":[42],"tags":[17,18,6654,13,14,11,61,62,63,64,19,20,9,10,15,16,88,92473,90,12,21,22,65,66,67],"class_list":["post-708743","post","type-post","status-publish","format-standard","has-post-thumbnail","category-internacional","tag-breaking-news","tag-breakingnews","tag-election","tag-featured-news","tag-featurednews","tag-headlines","tag-internacional","tag-international","tag-international-news","tag-internationalnews","tag-latest-news","tag-latestnews","tag-news","tag-noticias","tag-noticias-destacadas","tag-noticiasdestacadas","tag-politics","tag-regional-elections","tag-ticker","tag-titulares","tag-ultimas-noticias","tag-ultimasnoticias","tag-world","tag-world-news","tag-worldnews"],"share_on_mastodon":{"url":"https:\/\/pubeurope.com\/@es\/117087147462746089","error":""},"_links":{"self":[{"href":"https:\/\/www.europesays.com\/es\/wp-json\/wp\/v2\/posts\/708743","targetHints":{"allow":["GET"]}}],"collection":[{"href":"https:\/\/www.europesays.com\/es\/wp-json\/wp\/v2\/posts"}],"about":[{"href":"https:\/\/www.europesays.com\/es\/wp-json\/wp\/v2\/types\/post"}],"author":[{"embeddable":true,"href":"https:\/\/www.europesays.com\/es\/wp-json\/wp\/v2\/users\/2"}],"replies":[{"embeddable":true,"href":"https:\/\/www.europesays.com\/es\/wp-json\/wp\/v2\/comments?post=708743"}],"version-history":[{"count":0,"href":"https:\/\/www.europesays.com\/es\/wp-json\/wp\/v2\/posts\/708743\/revisions"}],"wp:featuredmedia":[{"embeddable":true,"href":"https:\/\/www.europesays.com\/es\/wp-json\/wp\/v2\/media\/708744"}],"wp:attachment":[{"href":"https:\/\/www.europesays.com\/es\/wp-json\/wp\/v2\/media?parent=708743"}],"wp:term":[{"taxonomy":"category","embeddable":true,"href":"https:\/\/www.europesays.com\/es\/wp-json\/wp\/v2\/categories?post=708743"},{"taxonomy":"post_tag","embeddable":true,"href":"https:\/\/www.europesays.com\/es\/wp-json\/wp\/v2\/tags?post=708743"}],"curies":[{"name":"wp","href":"https:\/\/api.w.org\/{rel}","templated":true}]}}