{"id":708791,"date":"2026-08-13T08:40:35","date_gmt":"2026-08-13T08:40:35","guid":{"rendered":"https:\/\/www.europesays.com\/es\/708791\/"},"modified":"2026-08-13T08:40:35","modified_gmt":"2026-08-13T08:40:35","slug":"the-paper-spin-off-de-the-office-esta-de-vuelta-en-skyshowtime-con-el-trailer-de-la-temporada-2","status":"publish","type":"post","link":"https:\/\/www.europesays.com\/es\/708791\/","title":{"rendered":"The Paper, spin-off de The Office, est\u00e1 de vuelta en SkyShowtime con el tr\u00e1iler de la temporada 2"},"content":{"rendered":"<p class=\"c-paragraph\">El universo de <a href=\"https:\/\/www.hobbyconsolas.com\/listas\/peores-jefes-historia-cine-television-1250478\" title=\"Los peores jefes de la historia del cine y la televisi\u00f3n para los que no querr\u00e1s trabajar\" rel=\"nofollow noopener\" target=\"_blank\">The Office<\/a> se expandi\u00f3 el a\u00f1o pasado en <a href=\"https:\/\/www.hobbyconsolas.com\/listas\/20-mejores-series-skyshowtime-1216216\" title=\"Las 20 mejores series de SkyShowtime\" rel=\"nofollow noopener\" target=\"_blank\">SkyShowtime<\/a> con la llegada de su primera <b>serie<\/b> spin-off, <a href=\"https:\/\/www.hobbyconsolas.com\/hobbycine\/critica-the-paper-universo-the-office-sigue-siendo-fascinante-pese-factor-nostalgia_6897272_0.html\" title=\"Cr\u00edtica de The Paper: el universo The Office sigue siendo fascinante, pese al factor nostalgia\" rel=\"nofollow noopener\" target=\"_blank\">The Paper<\/a>, esta vez enfocada en las oficinas de un peri\u00f3dico local.<\/p>\n<p class=\"c-paragraph\">As\u00ed, <b>el mismo equipo del documental que inmortaliz\u00f3 la sucursal de Scranton de Dunder Mifflin se traslada a la redacci\u00f3n del Toledo Truth Teller<\/b>, un peri\u00f3dico que atravesaba una mala racha.<\/p>\n<p class=\"c-paragraph\">Con la prensa escrita perdiendo popularidad, aquel hist\u00f3rico diario del Medio Oeste no era m\u00e1s que una sombra de lo que fue, hasta que lleg\u00f3 Ned Sampson (<a href=\"https:\/\/www.hobbyconsolas.com\/hobbycine\/actores-que-hicieron-poner-cara-loco-todo-un-arte-jack-nicholson-maestro-nicolas-cage_6917516_0.html\" title=\"Actores que hicieron de poner &quot;cara de loco&quot; todo un arte: de Jack Nicholson al maestro Nicolas Cage\" rel=\"nofollow noopener\" target=\"_blank\">Domhnall Gleeson<\/a>) ayud\u00f3 a revitalizarlo hasta arrasar en los premios de periodismo de Ohio.<\/p>\n<p class=\"c-paragraph\">No satisfecho con un solo gran triunfo, <b>Ned est\u00e1 decidido a continuar la recuperaci\u00f3n del peri\u00f3dico en crisis en la nueva temporada<\/b> de la serie. Sin embargo, en su b\u00fasqueda de una nueva cruzada, la noticia que destapen podr\u00eda acabar rompiendo al equipo.<\/p>\n<p class=\"c-paragraph\">Para ir abriendo boca, Peacock, la plataforma de streaming que emite la serie en Estados Unidos, ha lanzado el <b>tr\u00e1iler oficial de The Paper temporada 2<\/b>, el cual puedes echar un ojo a trav\u00e9s del v\u00eddeo que te dejamos un poco m\u00e1s abajo.<\/p>\n<p>Qu\u00e9 podemos esperar en la nueva temporada de The Paper<\/p>\n<p class=\"c-paragraph\">Tras los eventos de la primera temporada, Ned est\u00e1 ansioso por encontrar m\u00e1s historias dignas de premios, pero Toledo no es precisamente un hervidero de actividad, por lo que estos periodistas en constante evoluci\u00f3n tendr\u00e1n que esforzarse al m\u00e1ximo.<\/p>\n<p class=\"c-paragraph\">Esto implica tener que <b>investigar a clubes privados locales, contaminar accidentalmente cad\u00e1veres durante su examen en la morgue y perseguir tormentas, a pesar de que sus veh\u00edculos no est\u00e1n equipados para seguir tornados<\/b>.<\/p>\n<p class=\"c-paragraph\">Mientras el equipo sigue creciendo y estrechando lazos, su jefe tambi\u00e9n explora su relaci\u00f3n con Mare (Chelsea Frei), y Esmeralda (Sabrina Impacciatore) busca su propio lugar en la oficina.<\/p>\n<p class=\"c-paragraph\">Por supuesto, nuestro querido Oscar (Oscar Nu\u00f1ez) de <b>The Office<\/b> sigue adelante en el peri\u00f3dico, demostrando discretamente ser el hombre m\u00e1s competente de la oficina cuando no est\u00e1 tomando su mezcla para dormir.<\/p>\n<p class=\"c-paragraph\"><b>La temporada 2 de The Paper arranca en Peacock el pr\u00f3ximo 9 de septiembre de 2026<\/b>. Todav\u00eda no hay fecha fijada en Espa\u00f1a, pero, si sigue la misma pauta de su primera temporada, es bastante probable que tengamos los nuevos episodios en <b>SkyShowtime<\/b> por noviembre de este a\u00f1o. \u00bfQu\u00e9 te ha parecido el tr\u00e1iler de la <a href=\"https:\/\/www.hobbyconsolas.com\/listas\/series-desconocidas-skyshowtime-merecen-mucho-pena-1258596\" title=\"10 series desconocidas disponibles en SkyShowtime que merecen mucho la pena\" rel=\"nofollow noopener\" target=\"_blank\">serie<\/a>?<\/p>\n","protected":false},"excerpt":{"rendered":"El universo de The Office se expandi\u00f3 el a\u00f1o pasado en SkyShowtime con la llegada de su primera&hellip;\n","protected":false},"author":2,"featured_media":708792,"comment_status":"","ping_status":"","sticky":false,"template":"","format":"standard","meta":{"footnotes":""},"categories":[171],"tags":[146,147,25,24,11395,8560,23,17462,3498,214],"class_list":["post-708791","post","type-post","status-publish","format-standard","has-post-thumbnail","category-tv","tag-entertainment","tag-entretenimiento","tag-es","tag-espana","tag-off","tag-paper","tag-spain","tag-spin","tag-the","tag-tv"],"share_on_mastodon":{"url":"https:\/\/pubeurope.com\/@es\/117087307235657433","error":""},"_links":{"self":[{"href":"https:\/\/www.europesays.com\/es\/wp-json\/wp\/v2\/posts\/708791","targetHints":{"allow":["GET"]}}],"collection":[{"href":"https:\/\/www.europesays.com\/es\/wp-json\/wp\/v2\/posts"}],"about":[{"href":"https:\/\/www.europesays.com\/es\/wp-json\/wp\/v2\/types\/post"}],"author":[{"embeddable":true,"href":"https:\/\/www.europesays.com\/es\/wp-json\/wp\/v2\/users\/2"}],"replies":[{"embeddable":true,"href":"https:\/\/www.europesays.com\/es\/wp-json\/wp\/v2\/comments?post=708791"}],"version-history":[{"count":0,"href":"https:\/\/www.europesays.com\/es\/wp-json\/wp\/v2\/posts\/708791\/revisions"}],"wp:featuredmedia":[{"embeddable":true,"href":"https:\/\/www.europesays.com\/es\/wp-json\/wp\/v2\/media\/708792"}],"wp:attachment":[{"href":"https:\/\/www.europesays.com\/es\/wp-json\/wp\/v2\/media?parent=708791"}],"wp:term":[{"taxonomy":"category","embeddable":true,"href":"https:\/\/www.europesays.com\/es\/wp-json\/wp\/v2\/categories?post=708791"},{"taxonomy":"post_tag","embeddable":true,"href":"https:\/\/www.europesays.com\/es\/wp-json\/wp\/v2\/tags?post=708791"}],"curies":[{"name":"wp","href":"https:\/\/api.w.org\/{rel}","templated":true}]}}