{"id":70881,"date":"2025-08-25T10:13:08","date_gmt":"2025-08-25T10:13:08","guid":{"rendered":"https:\/\/www.europesays.com\/es\/70881\/"},"modified":"2025-08-25T10:13:08","modified_gmt":"2025-08-25T10:13:08","slug":"el-barca-puede-dar-el-gran-golpe-con-etta-eyong","status":"publish","type":"post","link":"https:\/\/www.europesays.com\/es\/70881\/","title":{"rendered":"El Bar\u00e7a puede dar el gran golpe con Etta Eyong"},"content":{"rendered":"<p class=\"ft-text\"><strong>El FC Barcelona tiene sobre la mesa una de las grandes oportunidades del mercado.<\/strong> El club azulgrana se plantea pagar la cl\u00e1usula de rescisi\u00f3n de Karl Etta Eyong, delantero camerun\u00e9s del Villarreal que se ha convertido en una de las sensaciones de este inicio de temporada en LaLiga.<\/p>\n<p class=\"ft-text\">Con apenas 20 a\u00f1os, <strong>Eyong se ha destapado como un atacante potente, vertical y con olfato goleador.<\/strong> Su debut en Primera Divisi\u00f3n lleg\u00f3 acompa\u00f1ado de gol y su rendimiento en la pretemporada ha convencido a Marcelino, que ya lo utiliza de manera habitual en sus planes.<\/p>\n<p>Una cl\u00e1usula muy asequible<\/p>\n<p class=\"ft-text\">El factor que lo cambia todo es su situaci\u00f3n contractual. <strong>Pese a su enorme proyecci\u00f3n, Etta Eyong tiene una cl\u00e1usula de menos de diez millones de euros, una cifra asequible para cualquier gran club y que ha puesto al Bar\u00e7a en alerta. <\/strong>Deco y su equipo de trabajo lo consideran una oportunidad de mercado perfecta: un futbolista joven, con margen de crecimiento y a un precio muy por debajo de su potencial real.<\/p>\n<p class=\"ft-text\">La estrategia que maneja el Bar\u00e7a pasa por <strong>ejecutar la cl\u00e1usula, asegurarse al jugador y cederlo de inmediato a otro equipo de Primera Divisi\u00f3n.<\/strong> De este modo, el club azulgrana evita el problema de su inscripci\u00f3n inmediata en un contexto de fair-play financiero todav\u00eda ajustado.<\/p>\n<p>Media Liga lo quiere<\/p>\n<p class=\"ft-text\">El Bar\u00e7a no est\u00e1 solo en esta carrera. <strong>El Betis, la Real Sociedad y varios clubes de la Premier League han preguntado por \u00e9l, mientras que Levante y Oviedo se han interesado en su cesi\u00f3n.<\/strong> El impacto de Eyong en Primera ha sido inmediato y su nombre circula con fuerza en las secretar\u00edas t\u00e9cnicas de LaLiga y Europa.<\/p>\n<p class=\"ft-text\">Para el Bar\u00e7a, el fichaje de <strong>Etta Eyong ser\u00eda una apuesta de futuro.<\/strong> Con Robert Lewandowski encarando la recta final de su carrera, la direcci\u00f3n deportiva necesita alternativas ofensivas a largo plazo. Incorporar a Eyong por menos de diez millones ser\u00eda <strong>un movimiento estrat\u00e9gico que encaja con la pol\u00edtica de invertir en j\u00f3venes talentos <\/strong>antes de que su precio se dispare.<\/p>\n<p>Mika Faye y Juli\u00e1n Araujo, el ejemplo<\/p>\n<p class=\"ft-text\">El club blaugrana busca talento para poder reforzar el equipo pero tambi\u00e9n es consciente que si las apuestas no terminan triunfando en el primer equipo pueden servir para engrosar las arcas del club. Los casos de Mika Faye o Juli\u00e1n Araujo son un ejemplo en los que el club capta talento joven y si no puede darles cabida o luego no terminan ofreciendo el nivel esperado no es una inversi\u00f3n perdida sino que se les puede revalorizar y terminar ingresando.<\/p>\n","protected":false},"excerpt":{"rendered":"El FC Barcelona tiene sobre la mesa una de las grandes oportunidades del mercado. El club azulgrana se&hellip;\n","protected":false},"author":2,"featured_media":70882,"comment_status":"","ping_status":"","sticky":false,"template":"","format":"standard","meta":{"footnotes":""},"categories":[268],"tags":[2296,2527,168,25,24,28170,280,282,13654,3956,17656,281,23,167],"class_list":{"0":"post-70881","1":"post","2":"type-post","3":"status-publish","4":"format-standard","5":"has-post-thumbnail","7":"category-futbol","8":"tag-barca","9":"tag-dar","10":"tag-deportes","11":"tag-es","12":"tag-espana","13":"tag-etta","14":"tag-football","15":"tag-futbol","16":"tag-golpe","17":"tag-gran","18":"tag-premier","19":"tag-soccer","20":"tag-spain","21":"tag-sports"},"share_on_mastodon":{"url":"","error":""},"_links":{"self":[{"href":"https:\/\/www.europesays.com\/es\/wp-json\/wp\/v2\/posts\/70881","targetHints":{"allow":["GET"]}}],"collection":[{"href":"https:\/\/www.europesays.com\/es\/wp-json\/wp\/v2\/posts"}],"about":[{"href":"https:\/\/www.europesays.com\/es\/wp-json\/wp\/v2\/types\/post"}],"author":[{"embeddable":true,"href":"https:\/\/www.europesays.com\/es\/wp-json\/wp\/v2\/users\/2"}],"replies":[{"embeddable":true,"href":"https:\/\/www.europesays.com\/es\/wp-json\/wp\/v2\/comments?post=70881"}],"version-history":[{"count":0,"href":"https:\/\/www.europesays.com\/es\/wp-json\/wp\/v2\/posts\/70881\/revisions"}],"wp:featuredmedia":[{"embeddable":true,"href":"https:\/\/www.europesays.com\/es\/wp-json\/wp\/v2\/media\/70882"}],"wp:attachment":[{"href":"https:\/\/www.europesays.com\/es\/wp-json\/wp\/v2\/media?parent=70881"}],"wp:term":[{"taxonomy":"category","embeddable":true,"href":"https:\/\/www.europesays.com\/es\/wp-json\/wp\/v2\/categories?post=70881"},{"taxonomy":"post_tag","embeddable":true,"href":"https:\/\/www.europesays.com\/es\/wp-json\/wp\/v2\/tags?post=70881"}],"curies":[{"name":"wp","href":"https:\/\/api.w.org\/{rel}","templated":true}]}}