{"id":70885,"date":"2025-08-25T10:15:17","date_gmt":"2025-08-25T10:15:17","guid":{"rendered":"https:\/\/www.europesays.com\/es\/70885\/"},"modified":"2025-08-25T10:15:17","modified_gmt":"2025-08-25T10:15:17","slug":"estilo-minimalista-una-renovacion-entre-luz-madera-y-silencio","status":"publish","type":"post","link":"https:\/\/www.europesays.com\/es\/70885\/","title":{"rendered":"Estilo minimalista; una renovaci\u00f3n entre luz, madera y silencio"},"content":{"rendered":"<p>Mariko Reed \/ Estilismo Tantalus Studio<\/p>\n<p>La sala, por su parte, est\u00e1 salpicada de sof\u00e1s integrados sobre plataformas de madera, como en el rinc\u00f3n de la entrada, pensado para los <strong>momentos lentos entre t\u00e9 y lectura<\/strong>. Tambi\u00e9n est\u00e1 la \u00absala de billar\u00bb, un <strong>espacio de convivencia abierto al jard\u00edn<\/strong> y la alberca, que combina comodidad e informalidad con muebles bajos. El arte cuidadosamente escogido a mano, refleja la identidad de la familia. La obra textil del comedor, obra de Nathalie Van Der Massen, teje los hilos emocionales de la vida.<\/p>\n<p>Mariko Reed \/ Estilismo Tantalus Studio<\/p>\n<p>Sobre la chimenea, por ejemplo, se eleva un lienzo de la artista coreana Yoona Hur, mientras que el despacho del maestro alberga un paisaje marino abstracto de Ricky Lee Gordon. Cada habitaci\u00f3n de esta casa tiene un momento de respiro al alma. sus muros c\u00e1lidos, los materiales, el brillo de los muebles, las plantas, la colecci\u00f3n de cer\u00e1mica presente en toda la casa. Se logr\u00f3 por completo el sue\u00f1o del propietario.<\/p>\n<p>Al final, lo que queda no es solo una casa elegante, sino una sensaci\u00f3n: la de estar por fin en casa, en tu propio tiempo, en tu propio aliento.<\/p>\n<p>Mariko Reed \/ Estilismo Tantalus Studio<\/p>\n","protected":false},"excerpt":{"rendered":"Mariko Reed \/ Estilismo Tantalus Studio La sala, por su parte, est\u00e1 salpicada de sof\u00e1s integrados sobre plataformas&hellip;\n","protected":false},"author":2,"featured_media":70886,"comment_status":"","ping_status":"","sticky":false,"template":"","format":"standard","meta":{"footnotes":""},"categories":[173],"tags":[229,233,231,230,3738,232,234,146,147,25,24,9257,23],"class_list":{"0":"post-70885","1":"post","2":"type-post","3":"status-publish","4":"format-standard","5":"has-post-thumbnail","7":"category-arte-y-diseno","8":"tag-arte","9":"tag-arte-y-diseno","10":"tag-arts","11":"tag-arts-and-design","12":"tag-casas","13":"tag-design","14":"tag-diseno","15":"tag-entertainment","16":"tag-entretenimiento","17":"tag-es","18":"tag-espana","19":"tag-minimalista","20":"tag-spain"},"share_on_mastodon":{"url":"","error":""},"_links":{"self":[{"href":"https:\/\/www.europesays.com\/es\/wp-json\/wp\/v2\/posts\/70885","targetHints":{"allow":["GET"]}}],"collection":[{"href":"https:\/\/www.europesays.com\/es\/wp-json\/wp\/v2\/posts"}],"about":[{"href":"https:\/\/www.europesays.com\/es\/wp-json\/wp\/v2\/types\/post"}],"author":[{"embeddable":true,"href":"https:\/\/www.europesays.com\/es\/wp-json\/wp\/v2\/users\/2"}],"replies":[{"embeddable":true,"href":"https:\/\/www.europesays.com\/es\/wp-json\/wp\/v2\/comments?post=70885"}],"version-history":[{"count":0,"href":"https:\/\/www.europesays.com\/es\/wp-json\/wp\/v2\/posts\/70885\/revisions"}],"wp:featuredmedia":[{"embeddable":true,"href":"https:\/\/www.europesays.com\/es\/wp-json\/wp\/v2\/media\/70886"}],"wp:attachment":[{"href":"https:\/\/www.europesays.com\/es\/wp-json\/wp\/v2\/media?parent=70885"}],"wp:term":[{"taxonomy":"category","embeddable":true,"href":"https:\/\/www.europesays.com\/es\/wp-json\/wp\/v2\/categories?post=70885"},{"taxonomy":"post_tag","embeddable":true,"href":"https:\/\/www.europesays.com\/es\/wp-json\/wp\/v2\/tags?post=70885"}],"curies":[{"name":"wp","href":"https:\/\/api.w.org\/{rel}","templated":true}]}}