{"id":709147,"date":"2026-08-13T13:13:13","date_gmt":"2026-08-13T13:13:13","guid":{"rendered":"https:\/\/www.europesays.com\/es\/709147\/"},"modified":"2026-08-13T13:13:13","modified_gmt":"2026-08-13T13:13:13","slug":"detenido-un-hombre-de-28-anos-por-el-incendio-de-riglos-el-inicio-del-fuego-podria-estar-en-las-obras-de-la-a-132","status":"publish","type":"post","link":"https:\/\/www.europesays.com\/es\/709147\/","title":{"rendered":"Detenido un hombre de 28 a\u00f1os por el incendio de Riglos: el inicio del fuego podr\u00eda estar en las obras de la A-132"},"content":{"rendered":"<p class=\"article-text\">\n        El Seprona ha detenido a un hombre de 28 a\u00f1os por el incendio que se inici\u00f3 el lunes en las Pe\u00f1as de Riglos (Huesca), y que oblig\u00f3 al desalojo anoche de 100 personas de un camping pr\u00f3ximo a la localidad y al corte de la N-240, seg\u00fan informan a EFE fuentes pr\u00f3ximas a la investigaci\u00f3n. En el marco de su investigaci\u00f3n, adem\u00e1s, los agentes del Servicio de Protecci\u00f3n de la Naturaleza de la Guardia Civil localizaron en el punto de inicio del fuego, tal y como adelant\u00f3 El peri\u00f3dico de Arag\u00f3n, un almacenamiento de materiales de construcci\u00f3n procedente de las obras realizadas en la carretera A-132 que podr\u00edan haber causado el inicio del fuego.\n    <\/p>\n<p class=\"article-text\">\n        La detenci\u00f3n, tal y como han confirmado desde la Guardia Civil, se produjo este mi\u00e9rcoles por un delito de incendio forestal en relaci\u00f3n a un fuego que, hasta la noche del mi\u00e9rcoles, afectaba ya a 5.500 hect\u00e1reas. En este mismo incendio, anoche sobre las 22:00 se desalojaron 100 personas de un camping pr\u00f3ximo a Las Pe\u00f1as de Riglos, se confinaron las localidades de Santa Cilia y Binacua y se cort\u00f3 carretera N-240.\n    <\/p>\n<p class=\"article-text\">\n        El incendio forestal que se inici\u00f3 este lunes en Las Pe\u00f1as de Riglos contin\u00faa activo, sigue en Situaci\u00f3n Operativa 2 Nivel 2 del Procinfo y ha mantenido esta noche a cientos de efectivos de distintas administraciones trabajando para consolidar las l\u00edneas de defensa establecidas en las \u00faltimas horas y evitar nuevos avances del fuego.\n    <\/p>\n<p>    <a href=\"https:\/\/www.eldiario.es\/aragon\/sociedad\/obras-132-rechazo-vecinal-miedo-incendios-senaladas-posible-origen-fuego-riglos_1_13442201.html\" data-mrf-recirculation=\"saber-mas-abajo\" data-dl-event=\"saber-mas-abajo\" rel=\"nofollow noopener\" target=\"_blank\"><\/p>\n<p class=\"know-more__title\">Las obras de la A-132: del rechazo vecinal por miedo a los incendios a ser se\u00f1aladas como posible origen del fuego de Riglos\n<\/p>\n<p>            <img decoding=\"async\" class=\"lazy\" loading=\"lazy\" data-src=\"https:\/\/static.eldiario.es\/clip\/5f26d910-a58d-48f6-8697-0073338111d9_16-9-aspect-ratio_default_0.jpg\" src=\"data:image\/svg+xml,%3Csvg xmlns=\" http:=\"\" viewbox=\"0 0 880 495\" alt=\"Las obras de la A-132: del rechazo vecinal por miedo a los incendios a ser se\u00f1aladas como posible origen del fuego de Riglos\"\/><\/p>\n<p>                        <\/a><\/p>\n<p class=\"article-text\">\n        Durante la jornada del mi\u00e9rcoles, el fuego ha llegado a superar una carretera en la zona comprendida entre Alastuey y Arbu\u00e9s, lo que ha obligado a reforzar las medidas preventivas y las restricciones de acceso en el entorno afectado. Como consecuencia del fuego fueron evacuadas las poblaciones de Villalangua, Salinas de Jaca, Ena, Centenero, Arbu\u00e9s, Alastuey, Bailo y Laru\u00e9s, as\u00ed como la de Botaya, con un total de 477 personas entre todas ellas.\n    <\/p>\n","protected":false},"excerpt":{"rendered":"El Seprona ha detenido a un hombre de 28 a\u00f1os por el incendio que se inici\u00f3 el lunes&hellip;\n","protected":false},"author":2,"featured_media":709148,"comment_status":"","ping_status":"","sticky":false,"template":"","format":"standard","meta":{"footnotes":""},"categories":[5],"tags":[517,4499,17,18,13616,13612,13613,25,24,13,14,13617,11,1265,19,20,13615,9,10,15,16,13614,952,492,23,12731,12,21,22,491],"class_list":["post-709147","post","type-post","status-publish","format-standard","has-post-thumbnail","category-titulares","tag-actualidad","tag-aragon","tag-breaking-news","tag-breakingnews","tag-celia-soria","tag-eldiario","tag-elprismatico","tag-es","tag-espana","tag-featured-news","tag-featurednews","tag-fernando-garcia-mongay","tag-headlines","tag-huesca","tag-latest-news","tag-latestnews","tag-marimar-cabrera","tag-news","tag-noticias","tag-noticias-destacadas","tag-noticiasdestacadas","tag-oscar-f-civieta","tag-politica","tag-sociedad","tag-spain","tag-teruel","tag-titulares","tag-ultimas-noticias","tag-ultimasnoticias","tag-zaragoza"],"share_on_mastodon":{"url":"","error":"Validation failed: Text character limit of 500 exceeded"},"_links":{"self":[{"href":"https:\/\/www.europesays.com\/es\/wp-json\/wp\/v2\/posts\/709147","targetHints":{"allow":["GET"]}}],"collection":[{"href":"https:\/\/www.europesays.com\/es\/wp-json\/wp\/v2\/posts"}],"about":[{"href":"https:\/\/www.europesays.com\/es\/wp-json\/wp\/v2\/types\/post"}],"author":[{"embeddable":true,"href":"https:\/\/www.europesays.com\/es\/wp-json\/wp\/v2\/users\/2"}],"replies":[{"embeddable":true,"href":"https:\/\/www.europesays.com\/es\/wp-json\/wp\/v2\/comments?post=709147"}],"version-history":[{"count":0,"href":"https:\/\/www.europesays.com\/es\/wp-json\/wp\/v2\/posts\/709147\/revisions"}],"wp:featuredmedia":[{"embeddable":true,"href":"https:\/\/www.europesays.com\/es\/wp-json\/wp\/v2\/media\/709148"}],"wp:attachment":[{"href":"https:\/\/www.europesays.com\/es\/wp-json\/wp\/v2\/media?parent=709147"}],"wp:term":[{"taxonomy":"category","embeddable":true,"href":"https:\/\/www.europesays.com\/es\/wp-json\/wp\/v2\/categories?post=709147"},{"taxonomy":"post_tag","embeddable":true,"href":"https:\/\/www.europesays.com\/es\/wp-json\/wp\/v2\/tags?post=709147"}],"curies":[{"name":"wp","href":"https:\/\/api.w.org\/{rel}","templated":true}]}}