{"id":709287,"date":"2026-08-13T14:54:17","date_gmt":"2026-08-13T14:54:17","guid":{"rendered":"https:\/\/www.europesays.com\/es\/709287\/"},"modified":"2026-08-13T14:54:17","modified_gmt":"2026-08-13T14:54:17","slug":"ramis-elige-a-mauro-anai-morales-debera-buscar-destino","status":"publish","type":"post","link":"https:\/\/www.europesays.com\/es\/709287\/","title":{"rendered":"Ramis elige a Mauro: Anai Morales deber\u00e1 buscar destino"},"content":{"rendered":"<p><a href=\"#\" onclick=\"window.open('https:\/\/www.facebook.com\/sharer.php?u=https:\/\/nuevecuatrouno.com\/2026\/08\/13\/ramis-elige-a-mauro-echegoyen-anai-morales-debera-buscar-destino\/&amp;t=Ramis elige a Mauro Echegoyen: Anai Morales deber\u00e1 buscar destino', 'facebookShare', 'width=626,height=436'); return false;\" title=\"Facebook\"><\/p>\n<p>COMPARTE<\/p>\n<p><\/a><br \/>\n<a href=\"#\" onclick=\"window.open('https:\/\/x.com\/share?text=Ramis elige a Mauro Echegoyen: Anai Morales deber\u00e1 buscar destino -&amp;url=https:\/\/nuevecuatrouno.com\/2026\/08\/13\/ramis-elige-a-mauro-echegoyen-anai-morales-debera-buscar-destino\/', 'twitterShare', 'width=626,height=436'); return false;\" title=\"X\"><img decoding=\"async\" src=\"https:\/\/www.europesays.com\/es\/wp-content\/uploads\/2026\/08\/1786632855_271_x-twitter-art.png\" style=\"padding-top: 6px;\"\/>POSTEA<\/a><br \/>\n<a href=\"whatsapp:\/\/send?text=Ramis elige a Mauro Echegoyen: Anai Morales deber\u00e1 buscar destino https:\/\/nuevecuatrouno.com\/2026\/08\/13\/ramis-elige-a-mauro-echegoyen-anai-morales-debera-buscar-destino\/\" rel=\"nofollow\"><\/p>\n<p>WHATSAPP<\/p>\n<p><\/a><br \/>\n<a href=\"http:\/\/nuevecuatrouno.com\/cdn-cgi\/l\/email-protection#16296563747c7375622b44777b7f6536737a7f71733677365b776364793653757e7371796f73782c365778777f365b7964777a7365367273747364d5b73674636575776436727365627f787930777b662d5459524f2bd4a94763d5bf36607f727729365e7336607f656279367365627336776462d5bb75637a793673783678637360737563776264796378793875797b366f367564737936676373366273366663737273367f78627364736577642c367e626266652c393978637360737563776264796378793875797b392426242039262e3927253964777b7f653b737a7f71733b773b7b776364793b73757e7371796f73783b7778777f3b7b7964777a73653b7273747364773b7463657577643b727365627f787939\" rel=\"nofollow noopener\" target=\"_blank\"><\/p>\n<p>Email<\/p>\n<p><\/a><\/p>\n<p>El culebr\u00f3n del verano ha dado este jueves el giro que esperaba la UD Logro\u00f1\u00e9s. Mauro Echegoyen es el jugador del Promesas que se quedar\u00e1 definitivamente en el primer equipo de Osasuna despu\u00e9s de convencer a Luis Miguel Ramis durante la pretemporada. Una decisi\u00f3n que, por eliminaci\u00f3n, despeja una de las grandes inc\u00f3gnitas alrededor de Anai Morales y vuelve a abrir de par en par el escenario de una salida del extremo de Larraga.<\/p>\n<p>Solo unas horas antes, Braulio V\u00e1zquez hab\u00eda a\u00f1adido suspense al asunto. El director deportivo rojillo hab\u00eda anunciado que uno de los jugadores procedentes del filial se quedar\u00eda en la primera plantilla, aunque hab\u00eda evitado revelar su identidad e incluso hab\u00eda asegurado que el propio futbolista todav\u00eda desconoc\u00eda la decisi\u00f3n.<\/p>\n<p>La duda ten\u00eda especial inter\u00e9s desde Logro\u00f1o. Anai Morales y Mauro Echegoyen hab\u00edan conseguido superar los sucesivos cortes de Ramis durante el verano y ambos continuaban trabajando en din\u00e1mica del primer equipo. Si el elegido era Anai, las opciones de la UD Logro\u00f1\u00e9s de recuperar a uno de los grandes protagonistas del ascenso se reduc\u00edan pr\u00e1cticamente a cero. Si era Mauro, el escenario cambiaba. Y ha sido Mauro.<\/p>\n<p>El mediocentro de Murchante, de 21 a\u00f1os, ha convencido al entrenador y a la direcci\u00f3n deportiva y dar\u00e1 definitivamente el salto al primer equipo despu\u00e9s de acumular 99 partidos oficiales con Osasuna Promesas en Primera Federaci\u00f3n. Tiene contrato hasta junio de 2028, con posibilidad de ampliarlo otras dos temporadas, y su cl\u00e1usula pasar\u00e1 a ser de 15 millones de euros como jugador de Primera Divisi\u00f3n. La Cultural trabajaba en su cesi\u00f3n.<\/p>\n<p>Resuelta esa inc\u00f3gnita, todas las miradas de la UD Logro\u00f1\u00e9s vuelven ahora hacia Anai Morales. Que Mauro sea el canterano elegido no significa autom\u00e1ticamente que el extremo vaya a regresar a Las Gaunas, pero s\u00ed elimina uno de los principales obst\u00e1culos que hab\u00eda aparecido durante las \u00faltimas semanas.<\/p>\n<p>Anai tambi\u00e9n ha convencido durante la pretemporada hasta el punto de superar todos los cortes realizados por Ramis. Ha trabajado durante todo el verano con el primer equipo y ha dispuesto de minutos en los amistosos, prolongando una oportunidad que se gan\u00f3 despu\u00e9s de su extraordinaria temporada en Logro\u00f1o.<\/p>\n<p>Pero Osasuna ya ha elegido al futbolista del Promesas que tendr\u00e1 ficha y sitio en la primera plantilla. Y no es Anai.<\/p>\n<p>Ah\u00ed vuelve a entrar la UD Logro\u00f1\u00e9s. Juanan P\u00e9rez nunca ha escondido su intenci\u00f3n de intentar recuperar al atacante. \u00abHay que trabajarlo. Pertenece a Osasuna y s\u00e9 que le quieren muchos equipos, entre ellos nosotros\u00bb, asegur\u00f3 el director deportivo blanquirrojo al comienzo de la pretemporada. Y este mismo jueves, ha reconocido que \u00abnosotros estamos a la espera. No te puedo decir otra cosa porque el jugador es de ellos\u00bb. Ahora bien, \u00absiempre hay que tener un plan A, B y C\u00bb. Unai Mendia tambi\u00e9n hab\u00eda explicado que el club esperar\u00eda a que Osasuna tomara una decisi\u00f3n antes de conocer las opciones reales de repetir la cesi\u00f3n.<\/p>\n<p>Ahora comienza otro partido. El navarro tiene contrato con Osasuna y su rendimiento ha despertado el inter\u00e9s de m\u00e1s clubes, por lo que la UD Logro\u00f1\u00e9s no est\u00e1 sola en la carrera. Adem\u00e1s, todav\u00eda queda por conocer qu\u00e9 planes concretos tiene la entidad rojilla para un futbolista que dif\u00edcilmente parece destinado a regresar al Promesas en Segunda Federaci\u00f3n despu\u00e9s del salto competitivo dado durante el \u00faltimo curso.<\/p>\n<p>Pero despu\u00e9s de semanas esperando acontecimientos en Tajonar, la noticia que aguardaban en Valdegastea ya se ha producido. Ramis se queda con Mauro. Anai Morales queda fuera de esa plaza. Y el camino que pod\u00eda traerle de regreso a Logro\u00f1o est\u00e1 un poco m\u00e1s despejado.<\/p>\n<p><img decoding=\"async\" src=\"https:\/\/www.europesays.com\/es\/wp-content\/uploads\/2026\/08\/1786632857_233_cabecera-nuevecuatrouno-2026.png\"\/><\/p>\n","protected":false},"excerpt":{"rendered":"COMPARTE POSTEA WHATSAPP Email El culebr\u00f3n del verano ha dado este jueves el giro que esperaba la UD&hellip;\n","protected":false},"author":2,"featured_media":709288,"comment_status":"","ping_status":"","sticky":false,"template":"","format":"standard","meta":{"footnotes":""},"categories":[268],"tags":[808,115750,168,25,24,280,282,127410,16144,281,23,167,104405],"class_list":["post-709287","post","type-post","status-publish","format-standard","has-post-thumbnail","category-futbol","tag-ahora","tag-anai-morales","tag-deportes","tag-es","tag-espana","tag-football","tag-futbol","tag-juanan-perez","tag-primera-federacion","tag-soccer","tag-spain","tag-sports","tag-ud-logrones"],"share_on_mastodon":{"url":"https:\/\/pubeurope.com\/@es\/117088779125894027","error":""},"_links":{"self":[{"href":"https:\/\/www.europesays.com\/es\/wp-json\/wp\/v2\/posts\/709287","targetHints":{"allow":["GET"]}}],"collection":[{"href":"https:\/\/www.europesays.com\/es\/wp-json\/wp\/v2\/posts"}],"about":[{"href":"https:\/\/www.europesays.com\/es\/wp-json\/wp\/v2\/types\/post"}],"author":[{"embeddable":true,"href":"https:\/\/www.europesays.com\/es\/wp-json\/wp\/v2\/users\/2"}],"replies":[{"embeddable":true,"href":"https:\/\/www.europesays.com\/es\/wp-json\/wp\/v2\/comments?post=709287"}],"version-history":[{"count":0,"href":"https:\/\/www.europesays.com\/es\/wp-json\/wp\/v2\/posts\/709287\/revisions"}],"wp:featuredmedia":[{"embeddable":true,"href":"https:\/\/www.europesays.com\/es\/wp-json\/wp\/v2\/media\/709288"}],"wp:attachment":[{"href":"https:\/\/www.europesays.com\/es\/wp-json\/wp\/v2\/media?parent=709287"}],"wp:term":[{"taxonomy":"category","embeddable":true,"href":"https:\/\/www.europesays.com\/es\/wp-json\/wp\/v2\/categories?post=709287"},{"taxonomy":"post_tag","embeddable":true,"href":"https:\/\/www.europesays.com\/es\/wp-json\/wp\/v2\/tags?post=709287"}],"curies":[{"name":"wp","href":"https:\/\/api.w.org\/{rel}","templated":true}]}}