{"id":709313,"date":"2026-08-13T15:09:16","date_gmt":"2026-08-13T15:09:16","guid":{"rendered":"https:\/\/www.europesays.com\/es\/709313\/"},"modified":"2026-08-13T15:09:16","modified_gmt":"2026-08-13T15:09:16","slug":"el-incendio-de-riglos-alcanza-las-8-000-hectareas-12-nucleos-de-poblacion-evacuados-y-mas-de-800-personas-desalojadas","status":"publish","type":"post","link":"https:\/\/www.europesays.com\/es\/709313\/","title":{"rendered":"El incendio de Riglos alcanza las 8.000 hect\u00e1reas: 12 n\u00facleos de poblaci\u00f3n evacuados y m\u00e1s de 800 personas desalojadas"},"content":{"rendered":"<p class=\"article-text\">\n        El incendio forestal de Las Pe\u00f1as de Riglos sigue avanzando tras una noche \u201cmuy complicada\u201d y ha obligado a ampliar de nuevo las medidas de protecci\u00f3n para la poblaci\u00f3n. Con las \u00faltimas evacuaciones de Santa Cruz de la Ser\u00f3s, Binacua y Osia, son ya 12 los n\u00facleos desalojados y m\u00e1s de 800 las personas evacuadas desde el inicio del fuego. El incendio alcanza ya unas 8.000 hect\u00e1reas y mantiene un per\u00edmetro de 58 kil\u00f3metros. El fuego mantiene como uno de sus principales puntos de preocupaci\u00f3n la zona de cabeza, donde una lengua de fuego ha alcanzado el muro del <a href=\"https:\/\/www.eldiario.es\/aragon\/sociedad\/incendio-riglos-amenaza-cuna-reino-aragon-san-juan-pena-riesgo-avance-fuego_1_13445154.html\" target=\"_blank\" data-mrf-recirculation=\"links-noticia\" class=\"link\" rel=\"nofollow noopener\">Paisaje Protegido de San Juan de la Pe\u00f1a y Monte Oroel,<\/a> y ha saltado en algunos puntos hacia el interior del entorno.\n    <\/p>\n<p class=\"article-text\">\n        El consejero de Medio Ambiente y Turismo, Luis Biendicho, ha explicado que el operativo ha tenido que modificar su estrategia para reforzar la defensa de esta zona y evitar que las llamas puedan afectar a los dos monasterios de San Juan de la Pe\u00f1a. Los sectores 6 y 4 concentran buena parte de los esfuerzos, junto a la protecci\u00f3n de las poblaciones situadas en este flanco. Biendicho ha descrito el incendio como una emergencia \u201cmuy compleja\u201d y ha explicado que las condiciones meteorol\u00f3gicas y el comportamiento del fuego est\u00e1n obligando a adaptar continuamente los trabajos de extinci\u00f3n.\n    <\/p>\n<p class=\"article-text\">\n        A las localidades que permanec\u00edan evacuadas desde los primeros d\u00edas se han sumado en las \u00faltimas horas Santa Cruz de la Ser\u00f3s y Binacua, que re\u00fanen aproximadamente 300 habitantes, y Osia, donde solo permanec\u00edan dos familias. Adem\u00e1s, Puente la Reina de Jaca permanece confinado por la evoluci\u00f3n del incendio. Las personas evacuadas que no tengan alojamiento alternativo ser\u00e1n trasladadas a la Escuela Militar de Monta\u00f1a de Jaca.\n    <\/p>\n<p class=\"article-text\">\n        Por su parte, el consejero de Hacienda e Interior, Roberto Berm\u00fadez de Castro, ha explicado tras la reuni\u00f3n del CECOPI que el incendio ha mantenido una elevada intensidad durante la noche, hasta aproximadamente las 04.00. \u201cHa sido una noche bastante complicada\u201d, ha resumido. La superficie afectada se estima ya en unas 8.000 hect\u00e1reas, aunque se trata de una cifra provisional. El per\u00edmetro alcanza los 58 kil\u00f3metros. Biendicho ha se\u00f1alado que el c\u00e1lculo de superficie tendr\u00e1 que seguir ajust\u00e1ndose a medida que avance la delimitaci\u00f3n del incendio.\n    <\/p>\n<p>    Santa Cruz de la Ser\u00f3s, Binacua y Osia, evacuados<\/p>\n<p class=\"article-text\">\n        Con las nuevas evacuaciones, son ya 12 los n\u00facleos de poblaci\u00f3n desalojados desde el inicio del incendio y m\u00e1s de 800 las personas evacuadas. Hasta ahora permanec\u00edan evacuadas 577 personas de Villalangua, Salinas de Jaca, Ena, Centenero, Bailo, Laru\u00e9s, Arbu\u00e9s, Alastuey y Botaya, a las que se han sumado aproximadamente 300 vecinos de Santa Cruz de la Ser\u00f3s y Binacua y las dos familias que permanec\u00edan en Osia. A estas cifras hay que a\u00f1adir las personas desalojadas del Centro Vacacional Pirineos de Santa Cilia.\n    <\/p>\n<p class=\"article-text\">\n        Protecci\u00f3n Civil ha enviado un ES-Alert ordenando la evacuaci\u00f3n de Santa Cruz de la Ser\u00f3s y Binacua, que re\u00fanen aproximadamente 300 habitantes. Aquellas personas que no dispongan de alojamiento alternativo con familiares o amigos ser\u00e1n trasladadas a la Escuela Militar de Monta\u00f1a de Jaca.\n    <\/p>\n<p class=\"article-text\">\n        A estas evacuaciones se ha sumado posteriormente la de Osia. Protecci\u00f3n Civil ha enviado un nuevo ES-Alert para ordenar el desalojo del municipio, donde \u00fanicamente permanec\u00edan dos familias. Si no disponen de alojamiento alternativo, ambas ser\u00e1n trasladadas tambi\u00e9n a la Escuela Militar de Monta\u00f1a de Jaca.\n    <\/p>\n<p class=\"article-text\">\n        Adem\u00e1s, se ha ordenado el confinamiento de Puente la Reina de Jaca por la evoluci\u00f3n del incendio. Los vecinos \u2014unos 3.000 censados\u2014 deber\u00e1n permanecer en sus domicilios mientras se mantenga activa esta medida.\n    <\/p>\n<p class=\"article-text\">\n        Los servicios de emergencia mantienen la vigilancia sobre los municipios del entorno y no descartan ampliar las medidas de protecci\u00f3n si la evoluci\u00f3n del incendio lo hace necesario. El operativo cuenta con apoyo de Navarra, Catalu\u00f1a, Comunidad Valenciana y Castilla y Le\u00f3n, adem\u00e1s de medios de la Administraci\u00f3n General del Estado.\n    <\/p>\n<p class=\"article-text\">\n        El incendio mantiene cortadas la A-132, entre Murillo de G\u00e1llego y Bailo; la A-1205, entre Triste y Santa Mar\u00eda de la Pe\u00f1a; y la N-240, entre los kil\u00f3metros 297 y 303, entre Santa Cilia de Jaca y Puente la Reina de Jaca.\n    <\/p>\n<p class=\"article-text\">\n        Adem\u00e1s, el operativo ha alertado de la difusi\u00f3n de un mensaje que solicita la colaboraci\u00f3n ciudadana con motosierras, tractores y batefuegos para intervenir en el incendio. Se trata de un bulo, seg\u00fan ha advertido el dispositivo, que ha recordado que cualquier solicitud de ayuda a la ciudadan\u00eda se realiza \u00fanicamente a trav\u00e9s de los canales oficiales y se gestiona directamente por los servicios de emergencia.\n    <\/p>\n<p>    30 medios a\u00e9reos y unos 500 efectivos<\/p>\n<p class=\"article-text\">\n        Este jueves est\u00e1 previsto el despliegue de 30 medios a\u00e9reos, adem\u00e1s de medios terrestres y de apoyo log\u00edstico procedentes de una veintena de instituciones. El Operativo INFOAR del Gobierno de Arag\u00f3n cuenta con las unidades helitransportadas de Bailo, Calamocha y Pe\u00f1alba, con sus respectivos helic\u00f3pteros ligeros, adem\u00e1s de las unidades de Ejea y Teruel, con helic\u00f3ptero, y un helic\u00f3ptero de coordinaci\u00f3n.\n    <\/p>\n<p class=\"article-text\">\n        El dispositivo terrestre est\u00e1 formado por 17 brigadas, nueve autobombas y cuatro bulldozer, junto a los t\u00e9cnicos y responsables del Puesto de Mando Avanzado.\n    <\/p>\n<p>            <img decoding=\"async\" class=\"lazy\" loading=\"lazy\" data-src=\"https:\/\/static.eldiario.es\/clip\/29339bff-ddb7-4fbf-adae-84c8ef3a5aef_16-9-discover-aspect-ratio_default_0.jpg\" src=\"data:image\/svg+xml,%3Csvg xmlns=\" http:=\"\" viewbox=\"0 0 1200 675\" alt=\"Puesto de Mando Avanzado\"\/><\/p>\n<p class=\"article-text\">\n        El MITECO aporta tres BRIF con seis helic\u00f3pteros medios, tres aviones anfibio FOCA, un avi\u00f3n de coordinaci\u00f3n, un helic\u00f3ptero bombardero de Plasencia del Monte, dos helic\u00f3pteros bombarderos ligeros y tres aviones anfibios ligeros.\n    <\/p>\n<p class=\"article-text\">\n        La UME mantiene dos secciones, mientras que tambi\u00e9n participan medios de la Generalitat de Catalu\u00f1a, la Junta de Castilla y Le\u00f3n y el Gobierno de Navarra, adem\u00e1s de los Bomberos del Ayuntamiento de Huesca, de las diputaciones de Huesca y Zaragoza y del Ayuntamiento de Zaragoza.\n    <\/p>\n<p class=\"article-text\">\n        En total, alrededor de 500 efectivos trabajan durante esta jornada en el operativo de extinci\u00f3n. El dispositivo re\u00fane recursos de administraciones y organismos de varias comunidades aut\u00f3nomas, adem\u00e1s de los medios estatales.\n    <\/p>\n<p class=\"article-text\">\n        Los medios a\u00e9reos est\u00e1n teniendo que trabajar en unas condiciones complicadas debido a la convecci\u00f3n y a la inversi\u00f3n t\u00e9rmica, que pueden dificultar su operatividad durante las horas centrales del d\u00eda.\n    <\/p>\n<p class=\"article-text\">\n        Las condiciones meteorol\u00f3gicas siguen siendo uno de los principales condicionantes de la emergencia. Se mantienen las temperaturas elevadas y el viento de componente sur, uno de los factores que m\u00e1s est\u00e1 dificultando la lucha contra los incendios forestales. En Bailo se espera alcanzar este jueves una m\u00e1xima de 37 grados.\n    <\/p>\n<p>    La defensa de San Juan de la Pe\u00f1a obliga a cambiar la estrategia<\/p>\n<p class=\"article-text\">\n        La evoluci\u00f3n del fuego ha obligado al operativo a reforzar la defensa del Paisaje Protegido de San Juan de la Pe\u00f1a y Monte Oroel. Biendicho ha explicado que una lengua de fuego ha llegado hasta el muro del espacio natural y ha comenzado a saltar en algunos puntos, por lo que los trabajos se han reorganizado para tratar de frenar el avance en este sector.\n    <\/p>\n<p class=\"article-text\">\n        La nueva estrategia presta especial atenci\u00f3n a los sectores 6 y 4, adem\u00e1s de a la defensa del Monasterio Nuevo y el Monasterio Viejo, y de las poblaciones situadas en este flanco. El consejero ha destacado la necesidad de mantener la seguridad de los equipos mientras se intenta contener el avance del fuego.\n    <\/p>\n<p class=\"article-text\">\n        La situaci\u00f3n tambi\u00e9n est\u00e1 condicionada por la dificultad del terreno y por el comportamiento cambiante de las llamas. El operativo mantiene como prioridades la defensa de las poblaciones, la consolidaci\u00f3n del per\u00edmetro y la protecci\u00f3n de los bienes naturales y patrimoniales.\n    <\/p>\n<p>    Berm\u00fadez de Castro: \u201cLa situaci\u00f3n es muy preocupante\u201d<\/p>\n<p class=\"article-text\">\n        El consejero de Hacienda e Interior ha reconocido que la situaci\u00f3n contin\u00faa siendo \u201cmuy preocupante\u201d y que todav\u00eda queda mucho trabajo por delante. \u201cSe sigue trabajando muy intensamente, pero queda todav\u00eda mucho por trabajar\u201d, ha se\u00f1alado ante los medios tras el CECOPI.\n    <\/p>\n<p class=\"article-text\">\n        El operativo trabaja adem\u00e1s con la colaboraci\u00f3n de agricultores de la zona que est\u00e1n participando en tareas de defensa. Biendicho ha apelado a la coordinaci\u00f3n de estos trabajos con los responsables de la emergencia para garantizar que las actuaciones se desarrollen de forma segura y ordenada.\n    <\/p>\n<p class=\"article-text\">\n        Preguntado por las informaciones sobre la supuesta detenci\u00f3n de un hombre de 28 a\u00f1os como presunto responsable del incendio, Berm\u00fadez de Castro ha asegurado que el Gobierno de Arag\u00f3n no tiene ninguna informaci\u00f3n oficial al respecto. \u201cEs la primera noticia que tenemos\u201d, ha respondido, y ha a\u00f1adido que ni siquiera la Guardia Civil les hab\u00eda comunicado datos sobre una posible detenci\u00f3n. \u201cNo sabemos nada. Ni sabemos si es cierto o no es cierto\u201d, ha afirmado.\n    <\/p>\n<p>    <a href=\"https:\/\/www.eldiario.es\/aragon\/sociedad\/detenido-hombre-28-anos-incendio-riglos-inicio-fuego-obras-132_1_13444514.html\" data-mrf-recirculation=\"saber-mas-abajo\" data-dl-event=\"saber-mas-abajo\" rel=\"nofollow noopener\" target=\"_blank\"><\/p>\n<p class=\"know-more__title\">Detenido un hombre de 28 a\u00f1os por el incendio de Riglos: el inicio del fuego podr\u00eda estar en las obras de la A-132\n<\/p>\n<p>            <img decoding=\"async\" class=\"lazy\" loading=\"lazy\" data-src=\"https:\/\/static.eldiario.es\/clip\/89b6ac9f-4834-4ee4-b082-4d4d7eb4584a_16-9-aspect-ratio_default_0_x541y531.jpg\" src=\"data:image\/svg+xml,%3Csvg xmlns=\" http:=\"\" viewbox=\"0 0 880 495\" alt=\"Detenido un hombre de 28 a\u00f1os por el incendio de Riglos: el inicio del fuego podr\u00eda estar en las obras de la A-132\"\/><\/p>\n<p>                        <\/a><\/p>\n<p class=\"article-text\">\n        La investigaci\u00f3n sobre el origen del incendio contin\u00faa mientras los equipos de extinci\u00f3n centran sus esfuerzos en frenar el avance de la cabeza, proteger a las poblaciones y evitar que el fuego siga penetrando en el entorno de San Juan de la Pe\u00f1a. Biendicho ha insistido en que las causas siguen bajo investigaci\u00f3n.\n    <\/p>\n","protected":false},"excerpt":{"rendered":"El incendio forestal de Las Pe\u00f1as de Riglos sigue avanzando tras una noche \u201cmuy complicada\u201d y ha obligado&hellip;\n","protected":false},"author":2,"featured_media":709314,"comment_status":"","ping_status":"","sticky":false,"template":"","format":"standard","meta":{"footnotes":""},"categories":[5],"tags":[517,4499,17,18,13616,13612,13613,25,24,13,14,13617,11,1265,19,20,13615,9,10,15,16,13614,952,492,23,12731,12,21,22,491],"class_list":["post-709313","post","type-post","status-publish","format-standard","has-post-thumbnail","category-titulares","tag-actualidad","tag-aragon","tag-breaking-news","tag-breakingnews","tag-celia-soria","tag-eldiario","tag-elprismatico","tag-es","tag-espana","tag-featured-news","tag-featurednews","tag-fernando-garcia-mongay","tag-headlines","tag-huesca","tag-latest-news","tag-latestnews","tag-marimar-cabrera","tag-news","tag-noticias","tag-noticias-destacadas","tag-noticiasdestacadas","tag-oscar-f-civieta","tag-politica","tag-sociedad","tag-spain","tag-teruel","tag-titulares","tag-ultimas-noticias","tag-ultimasnoticias","tag-zaragoza"],"share_on_mastodon":{"url":"","error":"Validation failed: Text character limit of 500 exceeded"},"_links":{"self":[{"href":"https:\/\/www.europesays.com\/es\/wp-json\/wp\/v2\/posts\/709313","targetHints":{"allow":["GET"]}}],"collection":[{"href":"https:\/\/www.europesays.com\/es\/wp-json\/wp\/v2\/posts"}],"about":[{"href":"https:\/\/www.europesays.com\/es\/wp-json\/wp\/v2\/types\/post"}],"author":[{"embeddable":true,"href":"https:\/\/www.europesays.com\/es\/wp-json\/wp\/v2\/users\/2"}],"replies":[{"embeddable":true,"href":"https:\/\/www.europesays.com\/es\/wp-json\/wp\/v2\/comments?post=709313"}],"version-history":[{"count":0,"href":"https:\/\/www.europesays.com\/es\/wp-json\/wp\/v2\/posts\/709313\/revisions"}],"wp:featuredmedia":[{"embeddable":true,"href":"https:\/\/www.europesays.com\/es\/wp-json\/wp\/v2\/media\/709314"}],"wp:attachment":[{"href":"https:\/\/www.europesays.com\/es\/wp-json\/wp\/v2\/media?parent=709313"}],"wp:term":[{"taxonomy":"category","embeddable":true,"href":"https:\/\/www.europesays.com\/es\/wp-json\/wp\/v2\/categories?post=709313"},{"taxonomy":"post_tag","embeddable":true,"href":"https:\/\/www.europesays.com\/es\/wp-json\/wp\/v2\/tags?post=709313"}],"curies":[{"name":"wp","href":"https:\/\/api.w.org\/{rel}","templated":true}]}}