{"id":709435,"date":"2026-08-13T16:38:14","date_gmt":"2026-08-13T16:38:14","guid":{"rendered":"https:\/\/www.europesays.com\/es\/709435\/"},"modified":"2026-08-13T16:38:14","modified_gmt":"2026-08-13T16:38:14","slug":"epidemia-de-ebola-se-extiende-a-una-sexta-provincia-de-rdcongo","status":"publish","type":"post","link":"https:\/\/www.europesays.com\/es\/709435\/","title":{"rendered":"Epidemia de \u00e9bola se extiende a una sexta provincia de RDCongo"},"content":{"rendered":"<p>        Este contenido fue publicado en    <\/p>\n<p>        13 agosto 2026 &#8211; 17:52\n<\/p>\n<p>La epidemia de \u00e9bola, que avanza a una velocidad sin precedentes, se extendi\u00f3 a una sexta provincia en la Rep\u00fablica Democr\u00e1tica del Congo (RDC), en el norte del pa\u00eds, dijo este jueves el director de la agencia de salud de la Uni\u00f3n Africana (Africa CDC), Jean Kaseya.<\/p>\n<p>RDC declar\u00f3 el 15 de mayo, con varias semanas de retraso, su 17\u00aa epidemia de \u00e9bola, ya considerada como la m\u00e1s importante de su historia y en v\u00edas de convertirse tambi\u00e9n en la m\u00e1s mort\u00edfera.<\/p>\n<p>Hasta ahora, cinco provincias congole\u00f1as se hab\u00edan visto afectadas: Ituri (fronteriza con Uganda y Sud\u00e1n del Sur), Kivu del Norte, Kivu del Sur, Alto Uel\u00e9 y Tshopo.<\/p>\n<p>A esa lista se a\u00f1ade la provincia de Bajo Uel\u00e9, en el norte del pa\u00eds y fronteriza con la Rep\u00fablica Centroafricana.<\/p>\n<p>Una persona falleci\u00f3 a causa de \u00e9bola en Bajo Uel\u00e9, despu\u00e9s de haber viajado desde Alto Uel\u00e9 (noreste), afirm\u00f3 Kaseya durante un intercambio en l\u00ednea con periodistas el jueves.<\/p>\n<p>La actual epidemia caus\u00f3 m\u00e1s de 2.128 muertos de 4.566 casos confirmados, solo tres meses despu\u00e9s de su declaraci\u00f3n, seg\u00fan las autoridades.<\/p>\n<p>El brote m\u00e1s ort\u00edfero registrado en el pa\u00eds caus\u00f3 cerca de 2.300 muertos entre los 3.500 enfermos contabilizados entre 2018 y 2020.<\/p>\n<p>Originaria de la provincia de Ituri (noreste), la actual epidemia azota a varias provincias del noreste y del este, algunas densamente pobladas, donde la presencia del Estado es fr\u00e1gil y las infraestructuras sanitarias est\u00e1n muy desprovistas.<\/p>\n<p>La Organizaci\u00f3n Mundial de la Salud (OMS) indic\u00f3 el mi\u00e9rcoles que espera revertir la tendencia al alza de la epidemia en un plazo de tres meses.<\/p>\n<p>El \u00e9bola, que se transmite por contacto con fluidos corporales y provoca fiebre hemorr\u00e1gica, caus\u00f3 la muerte de m\u00e1s de 15.000 personas en \u00c1frica en los \u00faltimos 50 a\u00f1os.<\/p>\n<p>clt\/mba\/ahg\/mab<\/p>\n","protected":false},"excerpt":{"rendered":"Este contenido fue publicado en 13 agosto 2026 &#8211; 17:52 La epidemia de \u00e9bola, que avanza a una&hellip;\n","protected":false},"author":2,"featured_media":709436,"comment_status":"","ping_status":"","sticky":false,"template":"","format":"standard","meta":{"footnotes":""},"categories":[92],"tags":[58126,8543,58127,25,24,165,166,23,90,58128],"class_list":["post-709435","post","type-post","status-publish","format-standard","has-post-thumbnail","category-salud","tag-communicable-diseases","tag-disease","tag-epidemic-and-plague","tag-es","tag-espana","tag-health","tag-salud","tag-spain","tag-ticker","tag-virus-diseases"],"share_on_mastodon":{"url":"https:\/\/pubeurope.com\/@es\/117089187221416523","error":""},"_links":{"self":[{"href":"https:\/\/www.europesays.com\/es\/wp-json\/wp\/v2\/posts\/709435","targetHints":{"allow":["GET"]}}],"collection":[{"href":"https:\/\/www.europesays.com\/es\/wp-json\/wp\/v2\/posts"}],"about":[{"href":"https:\/\/www.europesays.com\/es\/wp-json\/wp\/v2\/types\/post"}],"author":[{"embeddable":true,"href":"https:\/\/www.europesays.com\/es\/wp-json\/wp\/v2\/users\/2"}],"replies":[{"embeddable":true,"href":"https:\/\/www.europesays.com\/es\/wp-json\/wp\/v2\/comments?post=709435"}],"version-history":[{"count":0,"href":"https:\/\/www.europesays.com\/es\/wp-json\/wp\/v2\/posts\/709435\/revisions"}],"wp:featuredmedia":[{"embeddable":true,"href":"https:\/\/www.europesays.com\/es\/wp-json\/wp\/v2\/media\/709436"}],"wp:attachment":[{"href":"https:\/\/www.europesays.com\/es\/wp-json\/wp\/v2\/media?parent=709435"}],"wp:term":[{"taxonomy":"category","embeddable":true,"href":"https:\/\/www.europesays.com\/es\/wp-json\/wp\/v2\/categories?post=709435"},{"taxonomy":"post_tag","embeddable":true,"href":"https:\/\/www.europesays.com\/es\/wp-json\/wp\/v2\/tags?post=709435"}],"curies":[{"name":"wp","href":"https:\/\/api.w.org\/{rel}","templated":true}]}}