{"id":709457,"date":"2026-08-13T16:54:18","date_gmt":"2026-08-13T16:54:18","guid":{"rendered":"https:\/\/www.europesays.com\/es\/709457\/"},"modified":"2026-08-13T16:54:18","modified_gmt":"2026-08-13T16:54:18","slug":"paris-la-hija-de-michael-jackson-desvela-por-primera-vez-como-conocio-a-su-madre-biologica-la-encontre-en-la-sala","status":"publish","type":"post","link":"https:\/\/www.europesays.com\/es\/709457\/","title":{"rendered":"Paris, la hija de Michael Jackson, desvela por primera vez c\u00f3mo conoci\u00f3 a su madre biol\u00f3gica: \u00abLa encontr\u00e9 en la sala\u00bb"},"content":{"rendered":"<p id=\"ea6pi4RTqX\" data-wc=\"111\">La voz de <strong>Michael Jackson<\/strong> se apag\u00f3 para siempre el 25 de junio de 2009 en su casa de Los \u00c1ngeles, una muerte que produjo un gran impacto y que dio pie a un medi\u00e1tico juicio para esclarecer las causas. Aquel d\u00eda se fue la estrella y naci\u00f3 el mito, un artista que sigue estando muy presente en la memoria colectiva gracias a esas inolvidables canciones que lo coronaron como el rey del pop. Su recuerdo tambi\u00e9n permanece a trav\u00e9s de su familia, en la que han desvelado por primera vez el cap\u00edtulo m\u00e1s desconocido de su historia: <strong>el d\u00eda que su hija Paris Jackson conoci\u00f3 a su madre, Debbie Rowe.<\/strong><\/p>\n<p>Te recomendamosSeguir leyendo<br \/>\n <img src=\"https:\/\/www.europesays.com\/es\/wp-content\/uploads\/2026\/08\/c4af096d8f7c-gettyimages-2175595031.jpg\"   width=\"682\" height=\"1024\" loading=\"lazy\" decoding=\"async\" alt=\"La joven, en el show de Stella McCartney SS 2025 en Paris\" fetchpriority=\"auto\" class=\"image ho-image\"\/>\u00a9 Getty Images<\/p>\n<p id=\"en0o_4UO39\" data-wc=\"87\">Michael Jackson conoci\u00f3 a Debbie Rowe donde menos lo esperaba, en la consulta del dermat\u00f3logo en el que ella trabajaba como asistente. Se casaron en 1996, tuvieron a Prince y Paris y en 1999 se separaron. <strong>Al disolverse su uni\u00f3n, ella se retir\u00f3 de la vida p\u00fablica, empez\u00f3 a dedicarse la cr\u00eda de caballos y cedi\u00f3 la custodia total de sus hijos.<\/strong> As\u00ed, los ni\u00f1os crecieron solos con el int\u00e9rprete de temas como Thriller, Bilie Jean y Smooth criminal, que en 2002 ampli\u00f3 la famila con Bigi.<\/p>\n<p> <img src=\"https:\/\/www.europesays.com\/es\/wp-content\/uploads\/2026\/08\/97aaf00c18f2-gettyimages-800086488.jpg\"   width=\"1024\" height=\"791\" loading=\"lazy\" decoding=\"async\" alt=\"Prince Jackson, Blanket Jackson y Paris Jackson, los hijos del artista\" fetchpriority=\"auto\" class=\"image ho-image\"\/>\u00a9 Getty Images<\/p>\n<p id=\"eKtO73UTFO\" data-wc=\"71\">Paris ha contado que nunca tuvo curiosidad por<a class=\"hm-link ho-link\" href=\"https:\/\/www.hola.com\/actualidad\/20260511900919\/paris-jackson-felicitacion-madre-debbie-rowe-parecido\/\" data-mrf-recirculation=\"article-body-link\" rel=\"nofollow noopener\" target=\"_blank\"> saber de su madre <\/a>hasta que ten\u00eda aproximadamente 10 a\u00f1os, momento en el que pregunt\u00f3 por ella. . \u201cRecuerdo que pregunt\u00e9 al respecto cuando ten\u00eda unos 10 u 11 a\u00f1os, y<strong> las respuestas que obtuve me parecieron suficientes<\/strong>. Simplemente pregunt\u00e9: \u00bfC\u00f3mo se llama? Me dijeron su nombre y pens\u00e9: Vale, genial\u201d, ha contado en el podcast Call Her Daddy, presentado por Alex Cooper.<\/p>\n<p>Su primer encuentro, el d\u00eda que lo cambi\u00f3 todo<\/p>\n<p id=\"ehz3jFbkpYm\" data-wc=\"91\">Fue tiempo despu\u00e9s cuando empezaron a acercar posturas. \u201cNos pusimos en contacto cuando ten\u00eda unos 15 a\u00f1os y luego empezamos a ser m\u00e1s cercanas hacia finales de mi adolescencia\u201d, ha explicado la modelo, situando este paso al frente tras la muerte de su padre. Tambi\u00e9n ha detallado c\u00f3mo fue la primera vez que se vieron, <strong>un encuentro que lo cambi\u00f3 todo y en el que ejerci\u00f3 como mediadora <\/strong><a class=\"hm-link ho-link\" href=\"https:\/\/www.hola.com\/actualidad\/20260311888906\/katherine-madre-michael-jackson-reaparece-con-la-toya\/\" data-mrf-recirculation=\"article-body-link\" rel=\"nofollow noopener\" target=\"_blank\">Katherine, la madre de Michael Jackson,<\/a><strong> que se qued\u00f3 con la custodia de sus tres nietos al morir el icono de la canci\u00f3n.<\/strong><\/p>\n<p> <img src=\"https:\/\/www.europesays.com\/es\/wp-content\/uploads\/2026\/08\/d147153b0dd2-parisjackson-1.jpg\"   width=\"576\" height=\"1024\" loading=\"lazy\" decoding=\"async\" alt=\"La joven y su madre estuvieron un tiempo distanciadas\" fetchpriority=\"auto\" class=\"image ho-image\"\/>\u00a9 parisjackson<\/p>\n<p id=\"eHNnbTQPQv\" data-wc=\"94\">\u00abRecuerdo que baj\u00e9 las escaleras y la encontr\u00e9 en la sala con mi abuela. <strong>Entr\u00e9 y le dije: Hola, mam\u00e1. \u00a0Y ella me respondi\u00f3: Hola. <\/strong>Me sent\u00e9. Charlamos un momento. Luego salimos a pasar el d\u00eda juntas\u201d, ha explicado. A ra\u00edz de ah\u00ed la relaci\u00f3n fluy\u00f3 con total naturalidad y no tardaron en crear un v\u00ednculo. \u00abLlegar a conocerla, ver lo parecidas que somos, descubrir qu\u00e9 m\u00fasica le gusta&#8230; Es tan incre\u00edble tenerla como amiga\u00bb, ha contado Paris, que se convirti\u00f3 en el mejor apoyo de Debbie cuando fue diagnosticada de c\u00e1ncer de mama.\u00a0<\/p>\n","protected":false},"excerpt":{"rendered":"La voz de Michael Jackson se apag\u00f3 para siempre el 25 de junio de 2009 en su casa&hellip;\n","protected":false},"author":2,"featured_media":709458,"comment_status":"","ping_status":"","sticky":false,"template":"","format":"standard","meta":{"footnotes":""},"categories":[174],"tags":[517,255,146,147,25,24,256,186,11719,23],"class_list":["post-709457","post","type-post","status-publish","format-standard","has-post-thumbnail","category-famosos","tag-actualidad","tag-celebrities","tag-entertainment","tag-entretenimiento","tag-es","tag-espana","tag-famosos","tag-michael-jackson","tag-paris-jackson","tag-spain"],"share_on_mastodon":{"url":"","error":""},"_links":{"self":[{"href":"https:\/\/www.europesays.com\/es\/wp-json\/wp\/v2\/posts\/709457","targetHints":{"allow":["GET"]}}],"collection":[{"href":"https:\/\/www.europesays.com\/es\/wp-json\/wp\/v2\/posts"}],"about":[{"href":"https:\/\/www.europesays.com\/es\/wp-json\/wp\/v2\/types\/post"}],"author":[{"embeddable":true,"href":"https:\/\/www.europesays.com\/es\/wp-json\/wp\/v2\/users\/2"}],"replies":[{"embeddable":true,"href":"https:\/\/www.europesays.com\/es\/wp-json\/wp\/v2\/comments?post=709457"}],"version-history":[{"count":0,"href":"https:\/\/www.europesays.com\/es\/wp-json\/wp\/v2\/posts\/709457\/revisions"}],"wp:featuredmedia":[{"embeddable":true,"href":"https:\/\/www.europesays.com\/es\/wp-json\/wp\/v2\/media\/709458"}],"wp:attachment":[{"href":"https:\/\/www.europesays.com\/es\/wp-json\/wp\/v2\/media?parent=709457"}],"wp:term":[{"taxonomy":"category","embeddable":true,"href":"https:\/\/www.europesays.com\/es\/wp-json\/wp\/v2\/categories?post=709457"},{"taxonomy":"post_tag","embeddable":true,"href":"https:\/\/www.europesays.com\/es\/wp-json\/wp\/v2\/tags?post=709457"}],"curies":[{"name":"wp","href":"https:\/\/api.w.org\/{rel}","templated":true}]}}