{"id":709543,"date":"2026-08-13T17:56:14","date_gmt":"2026-08-13T17:56:14","guid":{"rendered":"https:\/\/www.europesays.com\/es\/709543\/"},"modified":"2026-08-13T17:56:14","modified_gmt":"2026-08-13T17:56:14","slug":"el-incendio-de-riglos-amenaza-la-cuna-de-aragon-las-llamas-entran-en-el-entorno-de-san-juan-de-la-pena-y-acechan-el-monasterio-nuevo","status":"publish","type":"post","link":"https:\/\/www.europesays.com\/es\/709543\/","title":{"rendered":"El incendio de Riglos amenaza la cuna de Arag\u00f3n: las llamas entran en el entorno de San Juan de la Pe\u00f1a y acechan el Monasterio Nuevo"},"content":{"rendered":"<p class=\"article-text\">\n        El incendio de Riglos amenaza la cuna de Arag\u00f3n. Una lengua de fuego ha entrado en el entorno de San Juan de la Pe\u00f1a y ha alcanzado en algunos puntos el interior del Paisaje Protegido de San Juan de la Pe\u00f1a y Monte Oroel. Las llamas avanzan por el monte situado frente al Monasterio Nuevo, acerc\u00e1ndose a la zona despejada que rodea el edificio. El incendio alcanza ya unas 8.000 hect\u00e1reas y mantiene un per\u00edmetro de 58 kil\u00f3metros. El operativo ha reforzado la defensa de este enclave por su alto valor natural, patrimonial e hist\u00f3rico.\n    <\/p>\n<p class=\"article-text\">\n        El consejero de Medio Ambiente y Turismo, Luis Biendicho, ha explicado que la evoluci\u00f3n del incendio ha obligado a cambiar la estrategia de extinci\u00f3n para concentrar esfuerzos en este sector, especialmente en los sectores 6 y 4. El objetivo es frenar la progresi\u00f3n de las llamas y evitar que puedan afectar a los dos monasterios de San Juan de la Pe\u00f1a. Biendicho ha descrito el incendio como una emergencia \u201cmuy compleja\u201d y ha se\u00f1alado que las condiciones del fuego est\u00e1n obligando a adaptar continuamente los trabajos de extinci\u00f3n.\n    <\/p>\n<p class=\"article-text\">\n        San Juan de la Pe\u00f1a est\u00e1 considerado por la tradici\u00f3n como la cuna del Reino de Arag\u00f3n. El monasterio, cuyos primeros or\u00edgenes se remontan al siglo X, fue durante la Edad Media uno de los centros religiosos y pol\u00edticos m\u00e1s importantes de la primera monarqu\u00eda aragonesa. Tambi\u00e9n fue pante\u00f3n de los primeros reyes de Arag\u00f3n y qued\u00f3 ligado a algunas de las grandes historias y leyendas del territorio, entre ellas la del Santo Grial.\n    <\/p>\n<p class=\"article-text\">\n        El Monasterio Viejo se encuentra bajo la gran roca que le da nombre y conserva elementos de distintas \u00e9pocas. Entre ellos est\u00e1n la iglesia prerrom\u00e1nica, las pinturas de San Cosme y San Dami\u00e1n, del siglo XII, el Pante\u00f3n de Nobles, la iglesia superior, consagrada en 1094, y la capilla g\u00f3tica de San Victori\u00e1n. Su elemento m\u00e1s conocido es el claustro rom\u00e1nico, integrado en la propia monta\u00f1a. El conjunto conserva adem\u00e1s el Pante\u00f3n Real, donde fueron enterrados algunos de los primeros monarcas aragoneses.\n    <\/p>\n<p>            <img decoding=\"async\" class=\"lazy\" loading=\"lazy\" data-src=\"https:\/\/static.eldiario.es\/clip\/c0e52e00-c4ed-4fa5-94e6-c1ab7c33653a_16-9-discover-aspect-ratio_default_0.jpg\" src=\"data:image\/svg+xml,%3Csvg xmlns=\" http:=\"\" viewbox=\"0 0 1200 675\" alt=\"Entorno de San Juan de la Pe\u00f1a\"\/><\/p>\n<p class=\"article-text\">\n        La historia del monasterio tampoco ha estado libre de incendios. El m\u00e1s grave se produjo en 1675 y dur\u00f3 tres d\u00edas. Las llamas dejaron el edificio en unas condiciones que hicieron imposible mantener all\u00ed la vida mon\u00e1stica y llevaron a los religiosos a levantar un nuevo monasterio en las proximidades. Las obras del Monasterio Nuevo comenzaron en 1676, en el Llano de San Indalecio. La construcci\u00f3n se prolong\u00f3 durante d\u00e9cadas y el edificio termin\u00f3 convirti\u00e9ndose en la nueva sede de la comunidad. Tras la desaparici\u00f3n de las comunidades religiosas en el siglo XIX, el monasterio fue abandonado y sufri\u00f3 un progresivo deterioro hasta su rehabilitaci\u00f3n en el siglo XX. Hoy el Monasterio Nuevo acoge espacios dedicados a explicar la historia del cenobio y del Reino de Arag\u00f3n.\n    <\/p>\n<p>            <img decoding=\"async\" class=\"lazy\" loading=\"lazy\" data-src=\"https:\/\/static.eldiario.es\/clip\/e13c89b0-ccdd-41ea-bdf6-54951607ba0b_16-9-discover-aspect-ratio_default_0.jpg\" src=\"data:image\/svg+xml,%3Csvg xmlns=\" http:=\"\" viewbox=\"0 0 1200 675\" alt=\"Vista San Juan de la Pena.\"\/><\/p>\n<p>    Un paisaje protegido de 9.514 hect\u00e1reas<\/p>\n<p class=\"article-text\">\n        Sin embargo, el valor del enclave no es solo patrimonial. El entorno natural est\u00e1 considerado como Paisaje Protegido y ocupa 9.514 hect\u00e1reas entre Bailo, Caldearenas, Jaca, Las Pe\u00f1as de Riglos, Santa Cilia y Santa Cruz de la Ser\u00f3s. Se trata de un espacio de media monta\u00f1a con una importante masa forestal, en la que conviven especies y ambientes de influencia atl\u00e1ntica y mediterr\u00e1nea. Adem\u00e1s, es h\u00e1bitat de numerosas aves rapaces, entre ellas el quebrantahuesos y el halc\u00f3n peregrino.\n    <\/p>\n<p>            <img decoding=\"async\" class=\"lazy\" loading=\"lazy\" data-src=\"https:\/\/static.eldiario.es\/clip\/d75ff6b0-1fa0-489b-aed4-65f88489d27c_16-9-discover-aspect-ratio_default_0.jpg\" src=\"data:image\/svg+xml,%3Csvg xmlns=\" http:=\"\" viewbox=\"0 0 1200 675\" alt=\"Paisaje Protegido de San Juan de la Pe\u00f1a y Monte Oroel\"\/><\/p>\n<p class=\"article-text\">\n        En 1869, el Estado plante\u00f3 la subasta del monte de San Juan de la Pe\u00f1a. El entonces ingeniero jefe del Distrito Forestal de Huesca, Jos\u00e9 Bragat y Vi\u00f1als, se opuso a separar el entorno natural del santuario y dej\u00f3 una frase que ha quedado vinculada a la historia de la protecci\u00f3n del lugar: \u201cQuitad el monte al Santuario y habr\u00e9is mutilado el monumento\u201d. La defensa del entorno continu\u00f3 en las d\u00e9cadas siguientes. En 1920 fue declarado Sitio Nacional y en 2007 pas\u00f3 a contar con la figura actual de Paisaje Protegido de San Juan de la Pe\u00f1a y Monte Oroel.\n    <\/p>\n<p>    Las llamas avanzan hacia el Monasterio Nuevo<\/p>\n<p class=\"article-text\">\n        La evoluci\u00f3n del incendio ha cambiado la situaci\u00f3n en las \u00faltimas horas. Una lengua de fuego ha alcanzado el l\u00edmite del Paisaje Protegido y ha saltado en algunos puntos hacia el interior del espacio natural. En las im\u00e1genes difundidas por el Gobierno de Arag\u00f3n se observa c\u00f3mo las llamas avanzan con intensidad por la masa forestal situada frente al Monasterio Nuevo, separado del monte por una zona despejada.\n    <\/p>\n<p class=\"article-text\">\n        La prioridad del operativo pasa ahora por contener este avance y reforzar la defensa del monasterio. Los trabajos se concentran especialmente en los sectores 6 y 4, mientras los equipos tratan de evitar que el fuego siga progresando por el entorno protegido y pueda alcanzar el conjunto monumental.\n    <\/p>\n<p>    <a href=\"https:\/\/www.eldiario.es\/aragon\/sociedad\/incendio-riglos-deja-noche-complicada-preocupa-avance-puente-reina_1_13444333.html\" data-mrf-recirculation=\"saber-mas-abajo\" data-dl-event=\"saber-mas-abajo\" rel=\"nofollow noopener\" target=\"_blank\"><\/p>\n<p class=\"know-more__title\">Ya son once los n\u00facleos de poblaci\u00f3n desalojados por el incedio, que tiene un per\u00edmetro de 58 kil\u00f3metros y contin\u00faa avanzando <\/p>\n<p>            <img decoding=\"async\" class=\"lazy\" loading=\"lazy\" data-src=\"https:\/\/static.eldiario.es\/clip\/4aa9e0af-343c-4b92-8f2d-9913f5ca3501_16-9-aspect-ratio_default_0.jpg\" src=\"data:image\/svg+xml,%3Csvg xmlns=\" http:=\"\" viewbox=\"0 0 880 495\" alt=\"El incendio de Riglos alcanza las 8.000 hect\u00e1reas: 12 n\u00facleos de poblaci\u00f3n evacuados y m\u00e1s de 800 personas desalojadas\"\/><\/p>\n<p>                        <\/a><\/p>\n<p class=\"article-text\">\n        El incendio mantiene desplegados alrededor de 500 efectivos y 30 medios a\u00e9reos. Las condiciones meteorol\u00f3gicas, con temperaturas elevadas y viento de componente sur, contin\u00faan complicando las labores de extinci\u00f3n.\n    <\/p>\n","protected":false},"excerpt":{"rendered":"El incendio de Riglos amenaza la cuna de Arag\u00f3n. Una lengua de fuego ha entrado en el entorno&hellip;\n","protected":false},"author":2,"featured_media":709544,"comment_status":"","ping_status":"","sticky":false,"template":"","format":"standard","meta":{"footnotes":""},"categories":[5],"tags":[517,4499,17,18,13616,13612,13613,25,24,13,14,13617,11,1265,19,20,13615,9,10,15,16,13614,952,492,23,12731,12,21,22,491],"class_list":["post-709543","post","type-post","status-publish","format-standard","has-post-thumbnail","category-titulares","tag-actualidad","tag-aragon","tag-breaking-news","tag-breakingnews","tag-celia-soria","tag-eldiario","tag-elprismatico","tag-es","tag-espana","tag-featured-news","tag-featurednews","tag-fernando-garcia-mongay","tag-headlines","tag-huesca","tag-latest-news","tag-latestnews","tag-marimar-cabrera","tag-news","tag-noticias","tag-noticias-destacadas","tag-noticiasdestacadas","tag-oscar-f-civieta","tag-politica","tag-sociedad","tag-spain","tag-teruel","tag-titulares","tag-ultimas-noticias","tag-ultimasnoticias","tag-zaragoza"],"share_on_mastodon":{"url":"","error":"Validation failed: Text character limit of 500 exceeded"},"_links":{"self":[{"href":"https:\/\/www.europesays.com\/es\/wp-json\/wp\/v2\/posts\/709543","targetHints":{"allow":["GET"]}}],"collection":[{"href":"https:\/\/www.europesays.com\/es\/wp-json\/wp\/v2\/posts"}],"about":[{"href":"https:\/\/www.europesays.com\/es\/wp-json\/wp\/v2\/types\/post"}],"author":[{"embeddable":true,"href":"https:\/\/www.europesays.com\/es\/wp-json\/wp\/v2\/users\/2"}],"replies":[{"embeddable":true,"href":"https:\/\/www.europesays.com\/es\/wp-json\/wp\/v2\/comments?post=709543"}],"version-history":[{"count":0,"href":"https:\/\/www.europesays.com\/es\/wp-json\/wp\/v2\/posts\/709543\/revisions"}],"wp:featuredmedia":[{"embeddable":true,"href":"https:\/\/www.europesays.com\/es\/wp-json\/wp\/v2\/media\/709544"}],"wp:attachment":[{"href":"https:\/\/www.europesays.com\/es\/wp-json\/wp\/v2\/media?parent=709543"}],"wp:term":[{"taxonomy":"category","embeddable":true,"href":"https:\/\/www.europesays.com\/es\/wp-json\/wp\/v2\/categories?post=709543"},{"taxonomy":"post_tag","embeddable":true,"href":"https:\/\/www.europesays.com\/es\/wp-json\/wp\/v2\/tags?post=709543"}],"curies":[{"name":"wp","href":"https:\/\/api.w.org\/{rel}","templated":true}]}}