{"id":70961,"date":"2025-08-25T11:00:08","date_gmt":"2025-08-25T11:00:08","guid":{"rendered":"https:\/\/www.europesays.com\/es\/70961\/"},"modified":"2025-08-25T11:00:08","modified_gmt":"2025-08-25T11:00:08","slug":"creo-que-esta-pesadilla-ya-termina-y-agradecemos-a-bunbury-el-desmentido","status":"publish","type":"post","link":"https:\/\/www.europesays.com\/es\/70961\/","title":{"rendered":"Creo que esta pesadilla ya termina y agradecemos a Bunbury el desmentido"},"content":{"rendered":"<p class=\"paragraph\">La pasada semana el foco medi\u00e1tico se pos\u00f3 sobre una pol\u00e9mica que afectaba involuntariamente a Eva Amaral y a Enrique Bunbury desde hac\u00eda dos d\u00e9cadas.<b> Un bulo malintencionado <\/b>que proclamaba la enemistad entre ambos cantantes zaragozanos.<a href=\"https:\/\/www.heraldo.es\/noticias\/ocio-y-cultura\/2025\/08\/21\/acoso-insultos-amaral-polemica-bunbury-continuan-redes-1848399.html\" title=\"El acoso y los insultos a Amaral por la pol\u00e9mica con Bunbury no se detienen: &quot;Ens\u00e9\u00f1anos las tetas&quot;\" rel=\"nofollow noopener\" target=\"_blank\"> Un comunicado a cargo Bunbury y el posterior agradecimiento de la banda pusieron punto final a este litigio.<\/a><\/p>\n<p class=\"paragraph\">Con motivo del concierto que Amaral ofrecer\u00e1 <b>este martes 26 de agosto en el Parc Municipal Sa Torre de Felanitx (Mallorca),<\/b> Eva Amaral ha ofrecido su primera entrevista desde que salt\u00f3 dicha pol\u00e9mica con Bunbury a la primera plana. La artista ha hablado largo y tendido con Montse Terrasa, periodista de &#8216;El Peri\u00f3dico&#8217;.\u00a0<\/p>\n<p class=\"paragraph\">Adem\u00e1s de los temas musicales, la aragonesa es preguntada por si siguen las amenazas e insultos tras las palabras de Bunbury desacreditando tajantemente los bulos existentes, <b>basados en que la canci\u00f3n &#8216;Puta desagradecida&#8217; <\/b>de 2006 estuviera inspirada en Eva.\u00a0<\/p>\n<p class=\"paragraph\">La cantante agradece el paso dado por Bunbury: \u00abSe lo agradecemos much\u00edsimo porque la verdad que han sido 20 a\u00f1os teniendo que leerlos constantemente, literalmente&#8230; <b>No hay ning\u00fan motivo para llamarle a nadie puta,<\/b> evidentemente, pero vamos, encima por una historia que no era verdad, una historia absolutamente inventada y que no sabemos ni de d\u00f3nde sali\u00f3. Yo le agradezco much\u00edsimo que lo haya desmentido. A algunas personas seguramente ni eso les servir\u00e1, porque el mundo de las redes es as\u00ed de loco. Pero bueno, por lo menos ah\u00ed queda escrito y dicho. Y creo que esta pesadilla ya termina\u00bb.<\/p>\n<p class=\"paragraph\">En la entrevista Amaral tambi\u00e9n habla sobre estos casi 20 a\u00f1os en los que ha recibido insultos y odio por este motivo. \u00abYo creo que no debemos perder nunca de vista que estamos hablando con otro ser humano al otro lado. Yo me quedo mejor con la educaci\u00f3n y con que podamos todos tener nuestra opini\u00f3n y ser distintos y poder convivir. Pero cuando te vienen cosas como esto de la famosa canci\u00f3n &#8216;Puta desagradecida&#8217;, que no tiene nada que ver contigo, <b>ah\u00ed s\u00ed que se te llevan un poco los demonios,<\/b> porque es algo que t\u00fa no asumes ni tiene nada que ver contigo\u00bb, declara.\u00a0<\/p>\n","protected":false},"excerpt":{"rendered":"La pasada semana el foco medi\u00e1tico se pos\u00f3 sobre una pol\u00e9mica que afectaba involuntariamente a Eva Amaral y&hellip;\n","protected":false},"author":2,"featured_media":70962,"comment_status":"","ping_status":"","sticky":false,"template":"","format":"standard","meta":{"footnotes":""},"categories":[174],"tags":[11669,17832,255,146,147,3141,25,24,256,28190,23],"class_list":{"0":"post-70961","1":"post","2":"type-post","3":"status-publish","4":"format-standard","5":"has-post-thumbnail","7":"category-famosos","8":"tag-amaral","9":"tag-bunbury","10":"tag-celebrities","11":"tag-entertainment","12":"tag-entretenimiento","13":"tag-entrevista","14":"tag-es","15":"tag-espana","16":"tag-famosos","17":"tag-puta-desagradecida","18":"tag-spain"},"share_on_mastodon":{"url":"","error":""},"_links":{"self":[{"href":"https:\/\/www.europesays.com\/es\/wp-json\/wp\/v2\/posts\/70961","targetHints":{"allow":["GET"]}}],"collection":[{"href":"https:\/\/www.europesays.com\/es\/wp-json\/wp\/v2\/posts"}],"about":[{"href":"https:\/\/www.europesays.com\/es\/wp-json\/wp\/v2\/types\/post"}],"author":[{"embeddable":true,"href":"https:\/\/www.europesays.com\/es\/wp-json\/wp\/v2\/users\/2"}],"replies":[{"embeddable":true,"href":"https:\/\/www.europesays.com\/es\/wp-json\/wp\/v2\/comments?post=70961"}],"version-history":[{"count":0,"href":"https:\/\/www.europesays.com\/es\/wp-json\/wp\/v2\/posts\/70961\/revisions"}],"wp:featuredmedia":[{"embeddable":true,"href":"https:\/\/www.europesays.com\/es\/wp-json\/wp\/v2\/media\/70962"}],"wp:attachment":[{"href":"https:\/\/www.europesays.com\/es\/wp-json\/wp\/v2\/media?parent=70961"}],"wp:term":[{"taxonomy":"category","embeddable":true,"href":"https:\/\/www.europesays.com\/es\/wp-json\/wp\/v2\/categories?post=70961"},{"taxonomy":"post_tag","embeddable":true,"href":"https:\/\/www.europesays.com\/es\/wp-json\/wp\/v2\/tags?post=70961"}],"curies":[{"name":"wp","href":"https:\/\/api.w.org\/{rel}","templated":true}]}}