{"id":709689,"date":"2026-08-13T19:52:16","date_gmt":"2026-08-13T19:52:16","guid":{"rendered":"https:\/\/www.europesays.com\/es\/709689\/"},"modified":"2026-08-13T19:52:16","modified_gmt":"2026-08-13T19:52:16","slug":"paris-jackson-revela-algunos-secretos-de-su-protegida-infancia-junto-a-su-padre-michael-jackson-todas-aquellas-atracciones-no-eran-para-nosotros-el-mundo","status":"publish","type":"post","link":"https:\/\/www.europesays.com\/es\/709689\/","title":{"rendered":"Paris Jackson revela algunos secretos de su protegida infancia junto a su padre, Michael Jackson: &quot;Todas aquellas atracciones no eran para nosotros&quot; &#8211; El Mundo"},"content":{"rendered":"<ol>\n<li><a href=\"https:\/\/news.google.com\/rss\/articles\/CBMihgFBVV95cUxNZWRUNTRrVmdXOFRhS2FkWjJTajVxQ1pMRzVabXVGd2o1Tmxyc0EzUExUdGNPMkVpZ1llWnFPNDFNMjJyc1hkS0lrRmNRWUl5eHF3emVXV09EcTR0R01mOGhHT3gwR1hNcU5qMkpDaTNfVENkbWx3ZWFMU1hEc0hxZFlsbUtNZ9IBhgFBVV95cUxNbzBfRVktNzdmREZDYnpMRkM2Zm9XdTU2VzQ3R2RjZ09NNDVuTEpndUE3bGw1M3NxTjVlNkI5U0lFTzEyaHUxbVdpb2trSkxXTE14RGxWSVljY0RGNzF5SG4tRUV1b1lWQkFURDQxYVdBNjR1MC1hRVU2UmotT3hSYll5dzZfdw?oc=5\" target=\"_blank\" rel=\"nofollow noopener\">Paris Jackson revela algunos secretos de su protegida infancia junto a su padre, Michael Jackson: \u00abTodas aquellas atracciones no eran para nosotros\u00bb<\/a>&nbsp;&nbsp;El Mundo<\/li>\n<li><a href=\"https:\/\/news.google.com\/rss\/articles\/CBMi6gFBVV95cUxOb3VQRlBIeVFIemZEb2E0NlNTSE56ZTBLMFc4NXE3VU9FOTBtdGlQVTRXblZ6MkRTLXZLQTNVNHZfOEJGZFk5ejlmbHpBN2ZSNzhJYy1aTUhrZG1tLU1ZS1pjYWtUc2IyTGMtXzhhemFxUVo1OUU0MHZtd0w5WUZ0a2Q3ZWpKSDQ1SDMtSGJpYXN6cm1td0pTNHZzZ0tTaW00TmE0QnF5eG5SWlA3VEVjMWItRjVXdlN4TmhKeWdIaDNYS0VYR3lKREV0Q05Ya3VsMkdibkJPdEpKbXNCSzNpZVA4RGdndnNxV1E?oc=5\" target=\"_blank\" rel=\"nofollow noopener\">Paris Jackson revela que conoci\u00f3 a su madre, Debbie Rowe, a los 15 a\u00f1os: \u201cBaj\u00e9 las escaleras y la encontr\u00e9 en la sala\u201d<\/a>&nbsp;&nbsp;EL PA\u00cdS<\/li>\n<li><a href=\"https:\/\/news.google.com\/rss\/articles\/CBMipAFBVV95cUxOLTFZRWsyUnpGMEttWXp4ekRrOVRiR1FRcXhMNHVYa1FtWTBVaGFMOGxuVWJodThzYnhwd3Z4Qlp1OXlwV0FPdkNXSXo3aXhsa2U5Y3NNU056M1R4bmstZnU2VmZTcG1HbnB3VFE3VHpKblhsRzNfNExXR1lXeHdPdXd6NnlEWV9jd0NvR0wzUXY1Ujg1RXpGLUF3WGhQSkRuTndUaQ?oc=5\" target=\"_blank\" rel=\"nofollow noopener\">Paris, la hija de Michael Jackson, desvela por primera vez c\u00f3mo conoci\u00f3 a su madre biol\u00f3gica: \u00abLa encontr\u00e9 en la sala\u00bb<\/a>&nbsp;&nbsp;HOLA<\/li>\n<li><a href=\"https:\/\/news.google.com\/rss\/articles\/CBMi1gFBVV95cUxQU2dTMnNSTXlPUHRwOExnU0laUVFKbU1TazlCT0lQSXptZVhHWTNpVUxNMGZaSEpIQVFtRGlCb1RRME5teGpSc1hYN3p2bDV1YTNFa1JVeEFNWU9Eb1Rudm9DRHhsZTRGczhzM3J1NjF0UWhpeGd5NHQ2LXh1dXV4Wk5YdWFoMU12aU9WN204Qk1FZlJrQ2IzRVVEc1VQMFZ5OWpZd2VITlVJdy1GVF9ZTno3emp1UHo4Zk5RMVpLRV9zMGxjVDhXRXFiVkxWWGFuU2FvVUFR?oc=5\" target=\"_blank\" rel=\"nofollow noopener\">Paris Jackson, hija de Michael Jackson, sobre conocer a su madre a los 15 a\u00f1os: \u00abLas expectativas nos perjudican\u00bb<\/a>&nbsp;&nbsp;Harper&#8217;s BAZAAR<\/li>\n<li><a href=\"https:\/\/news.google.com\/rss\/articles\/CBMi1gFBVV95cUxNRDBEb1pQZ0lfNXNaYk5hZU80anc2X2Y2Z1FMSk56SVN3cVIyWnkxRGV5SThXZTJKdVJrS2FBUU9kYjZpMkswRlRxbG95T2tPeHJxcGZ0QnBtWk9mRVlOVlpuc0hGcEo0WmQ0MFpvRWVzSXdPNjBMUDZiQVFrSmt6SEhtcUFkR0hOcHEzWmUxYUF4WERGUnRoMEhYR1ljREFWTkdvdF9GZ3ZKM0JNNUhXaThFMmxRUkFfZUVLeTdYRmRUd19pdU91dTFDOFdpckR4SEQ3c1pn0gHbAUFVX3lxTE9PQlNfOHJ3Y2ZpNjdBdkgxWUNGUHpyS2VFUDdzWDJOeGVNOXBZZUFVLURheFRvS0pDWlJfMWEtQVZpR2lWNzF6TmFKTlg5b1pMMF9QbW5Tb1RTajlLTWd1ak1SOXM0SWthVzNSVEhkN1B2dWpYYUZZNzFfekJFZFR0SFBzQ1hYbGJaaE9hamlORjlqenRkaEFBU2xERTlKMmxHQkRzNkR5QXZOUU9kcXJLV1dFX1lBWjE2ZElxOXUtZVlxMlFzWWNnd2FkSGNNQTlieWNESVRhZ2NnZw?oc=5\" target=\"_blank\" rel=\"nofollow noopener\">Paris Jackson revela secretos de su infancia: de c\u00f3mo conoci\u00f3 a su madre a la educaci\u00f3n que recibi\u00f3 de su padre<\/a>&nbsp;&nbsp;La Vanguardia<\/li>\n<\/ol>\n","protected":false},"excerpt":{"rendered":"Paris Jackson revela algunos secretos de su protegida infancia junto a su padre, Michael Jackson: \u00abTodas aquellas atracciones&hellip;\n","protected":false},"author":2,"featured_media":709690,"comment_status":"","ping_status":"","sticky":false,"template":"","format":"standard","meta":{"footnotes":""},"categories":[91],"tags":[146,147,25,24,10536,186,23],"class_list":["post-709689","post","type-post","status-publish","format-standard","has-post-thumbnail","category-entretenimiento","tag-entertainment","tag-entretenimiento","tag-es","tag-espana","tag-loc-celebrities","tag-michael-jackson","tag-spain"],"share_on_mastodon":{"url":"https:\/\/pubeurope.com\/@es\/117089950051941844","error":""},"_links":{"self":[{"href":"https:\/\/www.europesays.com\/es\/wp-json\/wp\/v2\/posts\/709689","targetHints":{"allow":["GET"]}}],"collection":[{"href":"https:\/\/www.europesays.com\/es\/wp-json\/wp\/v2\/posts"}],"about":[{"href":"https:\/\/www.europesays.com\/es\/wp-json\/wp\/v2\/types\/post"}],"author":[{"embeddable":true,"href":"https:\/\/www.europesays.com\/es\/wp-json\/wp\/v2\/users\/2"}],"replies":[{"embeddable":true,"href":"https:\/\/www.europesays.com\/es\/wp-json\/wp\/v2\/comments?post=709689"}],"version-history":[{"count":0,"href":"https:\/\/www.europesays.com\/es\/wp-json\/wp\/v2\/posts\/709689\/revisions"}],"wp:featuredmedia":[{"embeddable":true,"href":"https:\/\/www.europesays.com\/es\/wp-json\/wp\/v2\/media\/709690"}],"wp:attachment":[{"href":"https:\/\/www.europesays.com\/es\/wp-json\/wp\/v2\/media?parent=709689"}],"wp:term":[{"taxonomy":"category","embeddable":true,"href":"https:\/\/www.europesays.com\/es\/wp-json\/wp\/v2\/categories?post=709689"},{"taxonomy":"post_tag","embeddable":true,"href":"https:\/\/www.europesays.com\/es\/wp-json\/wp\/v2\/tags?post=709689"}],"curies":[{"name":"wp","href":"https:\/\/api.w.org\/{rel}","templated":true}]}}