{"id":709699,"date":"2026-08-13T19:57:15","date_gmt":"2026-08-13T19:57:15","guid":{"rendered":"https:\/\/www.europesays.com\/es\/709699\/"},"modified":"2026-08-13T19:57:15","modified_gmt":"2026-08-13T19:57:15","slug":"la-ume-entra-en-san-juan-de-la-pena-para-poner-a-salvo-sus-bienes-historicos-ante-el-avance-del-incendio-de-riglos","status":"publish","type":"post","link":"https:\/\/www.europesays.com\/es\/709699\/","title":{"rendered":"La UME entra en San Juan de la Pe\u00f1a para poner a salvo sus bienes hist\u00f3ricos ante el avance del incendio de Riglos"},"content":{"rendered":"<p class=\"article-text\">\n        El avance de las llamas hacia San Juan de la Pe\u00f1a ha obligado a actuar sobre uno de los principales s\u00edmbolos del patrimonio aragon\u00e9s. Efectivos de la Unidad Militar de Emergencias (UME), junto a t\u00e9cnicos de Cultura del Gobierno de Arag\u00f3n, han entrado este jueves en el Monasterio Viejo para retirar y poner a salvo algunos de los bienes hist\u00f3ricos que conserva el edificio, ante el riesgo de que el incendio de Las Pe\u00f1as de Riglos siga aproxim\u00e1ndose al conjunto.\n    <\/p>\n<p class=\"article-text\">\n        La intervenci\u00f3n, adelantada por Heraldo de Arag\u00f3n, ha permitido sacar del monasterio varias piezas, entre ellas la vestimenta del enterramiento del X Conde de Aranda, adem\u00e1s de capiteles y restos \u00f3seos. Los objetos han sido trasladados al Museo de Huesca para protegerlos mientras contin\u00faa la emergencia.\n    <\/p>\n<p class=\"article-text\">\n        La proximidad de las llamas ha obligado incluso a interrumpir durante un tiempo los trabajos de extracci\u00f3n debido a la intensidad que estaba alcanzando el fuego. Una vez que las condiciones lo han permitido, los efectivos han podido retomar la intervenci\u00f3n y completar la retirada de parte de los bienes.\n    <\/p>\n<p class=\"article-text\">\n        El incendio, que ya afecta a unas 8.000 hect\u00e1reas y presenta un per\u00edmetro de 58 kil\u00f3metros, ha alcanzado el entorno del Paisaje Protegido de San Juan de la Pe\u00f1a y Monte Oroel. Una lengua de fuego ha llegado hasta su l\u00edmite y ha saltado en algunos puntos hacia el interior del espacio natural.\n    <\/p>\n<p class=\"article-text\">\n        El Gobierno de Arag\u00f3n ha tenido que modificar la estrategia de extinci\u00f3n para reforzar precisamente este sector. El consejero de Medio Ambiente y Turismo, Luis Biendicho, ha explicado que los trabajos se est\u00e1n concentrando especialmente en los sectores 6 y 4, con el objetivo de frenar el avance de las llamas y evitar que puedan alcanzar los dos monasterios.\n    <\/p>\n<p class=\"article-text\">\n        La preocupaci\u00f3n no se limita al patrimonio arquitect\u00f3nico. El fuego avanza por una zona de gran valor ambiental, dentro de un espacio protegido de 9.514 hect\u00e1reas que combina una importante masa forestal con h\u00e1bitats de numerosas especies. La proximidad de las llamas ha obligado a extremar tambi\u00e9n la protecci\u00f3n de este entorno.\n    <\/p>\n<p>    Un rescate marcado por la rapidez del incendio<\/p>\n<p class=\"article-text\">\n        Los trabajos para poner a salvo las piezas se han desarrollado mientras el dispositivo de extinci\u00f3n trata de contener un incendio que est\u00e1 obligando a tomar decisiones sobre el terreno de forma constante. La evoluci\u00f3n del frente y las condiciones meteorol\u00f3gicas hacen especialmente dif\u00edcil determinar c\u00f3mo puede avanzar durante las pr\u00f3ximas horas.\n    <\/p>\n<p class=\"article-text\">\n        En el caso del Monasterio Viejo, la prioridad ha sido sacar aquellos bienes que pod\u00edan trasladarse con mayor rapidez y que presentan un especial valor hist\u00f3rico. Entre ellos se encuentra la vestimenta vinculada al enterramiento del Conde de Aranda, adem\u00e1s de elementos arquitect\u00f3nicos y restos arqueol\u00f3gicos.\n    <\/p>\n<p class=\"article-text\">\n        El Monasterio Viejo se encuentra bajo la gran roca de San Juan de la Pe\u00f1a y constituye uno de los grandes testimonios de los or\u00edgenes del Reino de Arag\u00f3n. En su interior se conservan la iglesia prerrom\u00e1nica, las pinturas de San Cosme y San Dami\u00e1n, el Pante\u00f3n de Nobles, la iglesia superior y el claustro rom\u00e1nico, adem\u00e1s del Pante\u00f3n Real vinculado a los primeros monarcas aragoneses.\n    <\/p>\n<p class=\"article-text\">\n        La operaci\u00f3n de la UME y de los t\u00e9cnicos de Cultura se produce, por tanto, mientras el operativo trata de evitar que el incendio llegue hasta el propio conjunto monumental. El Monasterio Nuevo, situado en las proximidades, es tambi\u00e9n una de las zonas que m\u00e1s preocupa por la cercan\u00eda del frente de fuego.\n    <\/p>\n<p>    <a href=\"https:\/\/www.eldiario.es\/aragon\/sociedad\/incendio-riglos-amenaza-cuna-reino-aragon-san-juan-pena-riesgo-avance-fuego_1_13445154.html\" data-mrf-recirculation=\"saber-mas-abajo\" data-dl-event=\"saber-mas-abajo\" rel=\"nofollow noopener\" target=\"_blank\"><\/p>\n<p class=\"know-more__title\">\nEl incendio de Riglos amenaza la cuna de Arag\u00f3n: las llamas entran en el entorno de San Juan de la Pe\u00f1a y acechan el Monasterio Nuevo<\/p>\n<p>            <img decoding=\"async\" class=\"lazy\" loading=\"lazy\" data-src=\"https:\/\/static.eldiario.es\/clip\/9078be81-1501-486d-929e-37b5dc1e61b6_16-9-aspect-ratio_default_0.jpg\" src=\"data:image\/svg+xml,%3Csvg xmlns=\" http:=\"\" viewbox=\"0 0 880 495\" alt=\"El incendio de Riglos amenaza la cuna de Arag\u00f3n: los dos monasterios de San Juan de la Pe\u00f1a, en \u201cgrave peligro de desaparici\u00f3n\u201d\"\/><\/p>\n<p>                        <\/a><\/p>\n<p class=\"article-text\">\n        Alrededor de 500 efectivos y 30 medios a\u00e9reos participan este jueves en las labores de extinci\u00f3n, en una jornada marcada por las altas temperaturas y el viento de componente sur. El dispositivo mantiene como prioridades la defensa de las poblaciones, el control de los frentes m\u00e1s activos y la protecci\u00f3n del entorno de San Juan de la Pe\u00f1a.\n    <\/p>\n","protected":false},"excerpt":{"rendered":"El avance de las llamas hacia San Juan de la Pe\u00f1a ha obligado a actuar sobre uno de&hellip;\n","protected":false},"author":2,"featured_media":709700,"comment_status":"","ping_status":"","sticky":false,"template":"","format":"standard","meta":{"footnotes":""},"categories":[5],"tags":[517,4499,17,18,13616,13612,13613,25,24,13,14,13617,11,1265,19,20,13615,9,10,15,16,13614,952,492,23,12731,12,21,22,491],"class_list":["post-709699","post","type-post","status-publish","format-standard","has-post-thumbnail","category-titulares","tag-actualidad","tag-aragon","tag-breaking-news","tag-breakingnews","tag-celia-soria","tag-eldiario","tag-elprismatico","tag-es","tag-espana","tag-featured-news","tag-featurednews","tag-fernando-garcia-mongay","tag-headlines","tag-huesca","tag-latest-news","tag-latestnews","tag-marimar-cabrera","tag-news","tag-noticias","tag-noticias-destacadas","tag-noticiasdestacadas","tag-oscar-f-civieta","tag-politica","tag-sociedad","tag-spain","tag-teruel","tag-titulares","tag-ultimas-noticias","tag-ultimasnoticias","tag-zaragoza"],"share_on_mastodon":{"url":"","error":"Validation failed: Text character limit of 500 exceeded"},"_links":{"self":[{"href":"https:\/\/www.europesays.com\/es\/wp-json\/wp\/v2\/posts\/709699","targetHints":{"allow":["GET"]}}],"collection":[{"href":"https:\/\/www.europesays.com\/es\/wp-json\/wp\/v2\/posts"}],"about":[{"href":"https:\/\/www.europesays.com\/es\/wp-json\/wp\/v2\/types\/post"}],"author":[{"embeddable":true,"href":"https:\/\/www.europesays.com\/es\/wp-json\/wp\/v2\/users\/2"}],"replies":[{"embeddable":true,"href":"https:\/\/www.europesays.com\/es\/wp-json\/wp\/v2\/comments?post=709699"}],"version-history":[{"count":0,"href":"https:\/\/www.europesays.com\/es\/wp-json\/wp\/v2\/posts\/709699\/revisions"}],"wp:featuredmedia":[{"embeddable":true,"href":"https:\/\/www.europesays.com\/es\/wp-json\/wp\/v2\/media\/709700"}],"wp:attachment":[{"href":"https:\/\/www.europesays.com\/es\/wp-json\/wp\/v2\/media?parent=709699"}],"wp:term":[{"taxonomy":"category","embeddable":true,"href":"https:\/\/www.europesays.com\/es\/wp-json\/wp\/v2\/categories?post=709699"},{"taxonomy":"post_tag","embeddable":true,"href":"https:\/\/www.europesays.com\/es\/wp-json\/wp\/v2\/tags?post=709699"}],"curies":[{"name":"wp","href":"https:\/\/api.w.org\/{rel}","templated":true}]}}