{"id":709983,"date":"2026-08-13T23:34:35","date_gmt":"2026-08-13T23:34:35","guid":{"rendered":"https:\/\/www.europesays.com\/es\/709983\/"},"modified":"2026-08-13T23:34:35","modified_gmt":"2026-08-13T23:34:35","slug":"la-generacion-de-van-der-poel-y-vingegaard-apunta-su-final","status":"publish","type":"post","link":"https:\/\/www.europesays.com\/es\/709983\/","title":{"rendered":"\u00a0La generaci\u00f3n de Van der Poel y Vingegaard apunta su final\u00a0"},"content":{"rendered":"<p>\t\t\t\t\t\t\t\t\t\t\t\t\t\t<a href=\"https:\/\/www.grancanaria.com\/turismo\/es\/naturaleza\/deportes-de-montana\/ciclismo\/\" rel=\"nofollow noopener\" target=\"_blank\"><img fetchpriority=\"high\" decoding=\"async\" class=\"aligncenter size-full wp-image-68752\" src=\"data:image\/svg+xml,%3Csvg%20xmlns=\" http:=\"\" alt=\"\" width=\"800\" height=\"100\" data-lazy- data-lazy- data-lazy-src=\"https:\/\/www.europesays.com\/es\/wp-content\/uploads\/2026\/08\/1786664069_208_tgc-banner-joan-1600x200-1.jpg\"\/><\/a><br \/>\nLa generaci\u00f3n de Van der Poel y Vingegaard entre otros apunta su final<\/p>\n<p>Aquellas preguntas que nos hac\u00edamos hace unos a\u00f1os, cuando esta generaci\u00f3n de estrellas tom\u00f3 el mando, empiezan a tener respuesta.<\/p>\n<p>Nos pregunt\u00e1bamos entonces cu\u00e1nto iban a durar a semejante ritmo, corriendo como si no hubiera un ma\u00f1ana y sin dejar prisioneros por el camino, apretando a tope en cada uno de los kil\u00f3metros.<\/p>\n<p><strong>Era un ciclismo que nos asalt\u00f3 en aquella Strade Bianche de 2021<\/strong>, la carrera que a mi juicio lo cambi\u00f3 todo por completo.<\/p>\n<p><a class=\"wppaslink\" href=\"https:\/\/joanseguidor.com\/pas\/ccmm-valenciana\/44016\/0\" target=\"_blank\" rel=\"nofollow noopener\"><img decoding=\"async\" src=\"data:image\/svg+xml,%3Csvg%20xmlns=\" http:=\"\" alt=\"CCMM Valenciana\" border=\"0\" data-lazy-src=\"https:\/\/www.europesays.com\/es\/wp-content\/uploads\/2026\/08\/1786664069_899_anunci-generic-bla-1-1024x120-px-v3-02.jpg\"\/><\/a><\/p>\n<p>Se escaparon siete favoritos y los siete entraron al relevo a saco, sin importarles lo m\u00e1s m\u00ednimo lo que pudiera pasarles en el futuro inmediato.<\/p>\n<p>Pues bien, esas estrellas, o algunas de ellas, ya empiezan a dar signos de lo que va a ser su horizonte m\u00e1s cercano.<\/p>\n<p><strong>Me fijo hoy en dos nombres concretos: Jonas Vingegaard y Mathieu Van der Poel<\/strong>.<\/p>\n<p>Los dos han sido los grandes reductos frente al dominio absoluto de Tadej Pogacar, tanto en el Tour como en los monumentos primaverales, y ambos parecen tener ya fecha de caducidad.<\/p>\n<p><strong>No se ven mucho m\u00e1s tiempo en este deporte tan exigente ni en esta forma tan salvaje de ejercer su oficio.<\/strong><\/p>\n<p data-path-to-node=\"1\"><a href=\" https:\/\/aralleida.cat\/es\/\" target=\"_blank\" rel=\"noopener\"><img loading=\"lazy\" decoding=\"async\" class=\"aligncenter wp-image-70055 size-full\" src=\"data:image\/svg+xml,%3Csvg%20xmlns=\" http:=\"\" alt=\"\" width=\"1600\" height=\"200\" data-lazy- data-lazy- data-lazy-src=\"https:\/\/www.europesays.com\/es\/wp-content\/uploads\/2026\/08\/1786664071_131_aralleida-baner-1600x200-llavorsi-es.jpg\"\/><\/a><\/p>\n<p><a href=\"https:\/\/tiendafinisher.com\/\" rel=\"nofollow noopener\" target=\"_blank\"><img loading=\"lazy\" decoding=\"async\" class=\"aligncenter wp-image-69986 size-full\" src=\"data:image\/svg+xml,%3Csvg%20xmlns=\" http:=\"\" alt=\"\" width=\"1024\" height=\"300\" data-lazy- data-lazy- data-lazy-src=\"https:\/\/www.europesays.com\/es\/wp-content\/uploads\/2026\/08\/1786664072_756_finisher-ekp-1024x300jpg-1.jpeg\"\/><\/a><\/p>\n<p>El paso del tiempo y la factura de los esfuerzos desmedidos son implacables.<\/p>\n<p>Su ciclismo no es infinito, muy a nuestra desgracia.<\/p>\n<p>Tanto el dan\u00e9s como el holand\u00e9s han hecho absolutamente todo lo que estaba en sus manos. No les veo mejorando en los pr\u00f3ximos a\u00f1os, ni siquiera acerc\u00e1ndose de nuevo a su coco personal.<\/p>\n<p>Le han hecho frente todo lo que han podido y <strong>han logrado retardar la explosi\u00f3n total del esloveno<\/strong>, a quien por el momento solo le falta Roubaix en su vitrina, una espina que no se ha clavado precisamente gracias a la oposici\u00f3n de Van der Poel.<\/p>\n<p><strong><a href=\"https:\/\/www.grancanaria.com\/turismo\/es\/naturaleza\/deportes-de-montana\/ciclismo\/\" rel=\"nofollow noopener\" target=\"_blank\"><img loading=\"lazy\" decoding=\"async\" class=\"aligncenter size-full wp-image-68757\" src=\"data:image\/svg+xml,%3Csvg%20xmlns=\" http:=\"\" alt=\"\" width=\"300\" height=\"300\" data-lazy- data-lazy- data-lazy-src=\"https:\/\/www.europesays.com\/es\/wp-content\/uploads\/2026\/08\/1786664074_283_tgc-banner-joan-400x400-2.jpg\"\/><\/a><\/strong><\/p>\n<p><strong>El propio Mathieu ya ha dejado caer que no le queda mucho carrete<\/strong> en el pelot\u00f3n y que se siente satisfecho con todo lo logrado hasta la fecha.<\/p>\n<p>Por su parte, <strong>el corredor de Visma sabe de sobra que Pogacar ha salido definitivamente de su radar<\/strong>.<\/p>\n<p>Mirar\u00e1 de cazar alg\u00fan triunfo entre los pocos que le faltan y, dado lo apegado que es a su entorno familiar, se marchar\u00e1 a su casa a m\u00e1s no tardar.<\/p>\n<p data-path-to-node=\"3\">Imagen: A.S.O.\/Paul Le Strat<\/p>\n<p><strong><a href=\"https:\/\/www.dtswiss.com\/es\/ruedas\/ruedas-carretera\/aero\/arc-1100-dicut-db\" rel=\"nofollow noopener\" target=\"_blank\"><img loading=\"lazy\" decoding=\"async\" class=\"aligncenter wp-image-69569 size-full\" src=\"data:image\/svg+xml,%3Csvg%20xmlns=\" http:=\"\" alt=\"\" width=\"1024\" height=\"140\" data-lazy- data-lazy- data-lazy-src=\"https:\/\/www.europesays.com\/es\/wp-content\/uploads\/2026\/08\/1786664075_603_joanseguidor-1024x140px-es-erc1100-1.png\"\/><\/a><\/strong><\/p>\n<p>\u00a0<\/p>\n","protected":false},"excerpt":{"rendered":"La generaci\u00f3n de Van der Poel y Vingegaard entre otros apunta su final Aquellas preguntas que nos hac\u00edamos&hellip;\n","protected":false},"author":2,"featured_media":709984,"comment_status":"","ping_status":"","sticky":false,"template":"","format":"standard","meta":{"footnotes":""},"categories":[273],"tags":[313,312,168,25,24,2548,2945,7619,23,167],"class_list":["post-709983","post","type-post","status-publish","format-standard","has-post-thumbnail","category-ciclismo","tag-ciclismo","tag-cycling","tag-deportes","tag-es","tag-espana","tag-featured","tag-jonas-vingegaard","tag-mathieu-van-der-poel","tag-spain","tag-sports"],"share_on_mastodon":{"url":"https:\/\/pubeurope.com\/@es\/117090822735762712","error":""},"_links":{"self":[{"href":"https:\/\/www.europesays.com\/es\/wp-json\/wp\/v2\/posts\/709983","targetHints":{"allow":["GET"]}}],"collection":[{"href":"https:\/\/www.europesays.com\/es\/wp-json\/wp\/v2\/posts"}],"about":[{"href":"https:\/\/www.europesays.com\/es\/wp-json\/wp\/v2\/types\/post"}],"author":[{"embeddable":true,"href":"https:\/\/www.europesays.com\/es\/wp-json\/wp\/v2\/users\/2"}],"replies":[{"embeddable":true,"href":"https:\/\/www.europesays.com\/es\/wp-json\/wp\/v2\/comments?post=709983"}],"version-history":[{"count":0,"href":"https:\/\/www.europesays.com\/es\/wp-json\/wp\/v2\/posts\/709983\/revisions"}],"wp:featuredmedia":[{"embeddable":true,"href":"https:\/\/www.europesays.com\/es\/wp-json\/wp\/v2\/media\/709984"}],"wp:attachment":[{"href":"https:\/\/www.europesays.com\/es\/wp-json\/wp\/v2\/media?parent=709983"}],"wp:term":[{"taxonomy":"category","embeddable":true,"href":"https:\/\/www.europesays.com\/es\/wp-json\/wp\/v2\/categories?post=709983"},{"taxonomy":"post_tag","embeddable":true,"href":"https:\/\/www.europesays.com\/es\/wp-json\/wp\/v2\/tags?post=709983"}],"curies":[{"name":"wp","href":"https:\/\/api.w.org\/{rel}","templated":true}]}}