{"id":710025,"date":"2026-08-14T00:10:08","date_gmt":"2026-08-14T00:10:08","guid":{"rendered":"https:\/\/www.europesays.com\/es\/710025\/"},"modified":"2026-08-14T00:10:08","modified_gmt":"2026-08-14T00:10:08","slug":"attaoui-saca-un-bronce-en-800m-de-la-casi-nada-deportes","status":"publish","type":"post","link":"https:\/\/www.europesays.com\/es\/710025\/","title":{"rendered":"Attaoui saca un bronce en 800m de la casi nada | Deportes"},"content":{"rendered":"<p class=\"\">Mohamed Attaoui sigue corriendo hacia ser el que fue hace nada, uno de los mejores mediofondistas del mundo, <a href=\"https:\/\/elpais.com\/deportes\/2026-08-12\/piso-13-habitacion-1309-donde-duermen-las-claves-de-la-final-de-800m-de-los-europeos-de-atletismo.html\" target=\"_self\" rel=\"nofollow noopener\" title=\"https:\/\/elpais.com\/deportes\/2026-08-12\/piso-13-habitacion-1309-donde-duermen-las-claves-de-la-final-de-800m-de-los-europeos-de-atletismo.html\">un atleta nacido para reventar carreras de 800m<\/a> con un cambio at\u00f3mico y una velocidad sostenida elevada, y, aun estando lejos todav\u00eda de su ser verdadero en su camino laber\u00edntico hacia la plenitud, tal es su calidad que en una carrera complicad\u00edsima ara\u00f1\u00f3 una medalla de bronce (1m 45,71s) europea en un Alexander Stadium que, el d\u00eda de m\u00e1s calor del a\u00f1o en Birmingham, 36 grados, una caldera de aire africano cayendo del cielo, por fin son\u00f3 a atletismo y pasi\u00f3n, e inflam\u00f3 a todos. <\/p>\n<p class=\"\">Tambi\u00e9n a <a href=\"https:\/\/elpais.com\/deportes\/2026-08-10\/eusebio-caceres-y-moha-attaoui-encuentran-la-paz-y-el-impulso-en-los-europeos-de-birmingham.html\" target=\"_self\" rel=\"nofollow noopener\" title=\"https:\/\/elpais.com\/deportes\/2026-08-10\/eusebio-caceres-y-moha-attaoui-encuentran-la-paz-y-el-impulso-en-los-europeos-de-birmingham.html\">Attaoui, que se reivindica en cada carrera como atleta de campeonato<\/a>, y muere por la camiseta naranja, y no de m\u00edtines, pese a que su gran marca, y r\u00e9cord espa\u00f1ol, 1m 44,02s, la logr\u00f3 en un mitin. Y gracias a esa energ\u00eda, logr\u00f3 sacar un podio de la casi nada.<\/p>\n<p class=\"\">Fue una carrera lenta para los tiempos que vuelan que manej\u00f3 a su antojo, mejor que ninguno, el veterano irland\u00e9s Mark English (1m 45,26s): segunda juventud a los 33 a\u00f1os del medallista en Z\u00farich hace 12 a\u00f1os, y en M\u00fanich hace cuatro en la final m\u00e1gica de Mariano Garc\u00eda. Con la edad y las canas, y su seriedad de roca impenetrable, y su dureza en la pista, English ha encontrado una velocidad que no ten\u00eda y mantiene la sabidur\u00eda y la astucia. Su movimiento clave, el que decidi\u00f3 la carrera, fue un cambio en la campana para, con su gran complexi\u00f3n, tapar paso y perspectiva a los dem\u00e1s, a Attaoui, sobre todo, el m\u00e1s temido y conocido por el irland\u00e9s despu\u00e9s de que el favorito ingl\u00e9s, Max Burgin, fuera baja de \u00faltima hora al lesionarse calentando. Segundo fue, el sorprendente croata Marino Bloudek, un veterano sin especial pedigr\u00ed (1m 45,62s) a cuyo rebufo se acopl\u00f3 perfectamente English hasta la \u00faltima curva. <\/p>\n<p class=\"\">Le super\u00f3 f\u00e1cil el irland\u00e9s en la recta, y no Attaoui, que sali\u00f3 por fuera con un cambio que parec\u00eda dinamita y se revel\u00f3 p\u00f3lvora sin excesiva fuerza poco despu\u00e9s. \u201cMe faltaron un poco las fuerzas en el \u00faltimo 100, pero nada, tengo que estar contento, sabiendo de d\u00f3nde vengo este \u00faltimo mes y medio, del momento quiz\u00e1s m\u00e1s bajo de mi trayectoria\u201d, dice Attaoui, que, como el profeta Cruyff con el dream team en sus tiempos de gloria y rebeld\u00eda inventiva quiso idear una nueva forma de interpretar la distancia. Sali\u00f3 por la calle dos y en vez de dejarse adelantar por todos, su marca de f\u00e1brica para cambiar fuerte a falta de 300m, pasar a todos en la contrarrecta y llegar por delante a la recta final, se puso delante, pero no front runner a lo Mariano Garc\u00eda en su apogeo, destrozando poco a poco a la concurrencia con cambios de ritmo, sino para marcar un ritmo tranquilo (53,50s en los 400m). La t\u00e1ctica de quien es consciente de que sus posibilidades y capacidades no son infinitas, la sabidur\u00eda de quien quiere sacar agua del desierto, y lo consigue. \u201cA partir de ahora, solo puedo ir para arriba, as\u00ed que estoy muy contento\u201d, a\u00f1adi\u00f3 el de Torrelavega, de 24 a\u00f1os,<a href=\"https:\/\/elpais.com\/deportes\/2026-08-10\/unos-europeos-de-atletismo-que-son-casi-unos-mundiales.html\" target=\"_self\" rel=\"nofollow noopener\" title=\"https:\/\/elpais.com\/deportes\/2026-08-10\/unos-europeos-de-atletismo-que-son-casi-unos-mundiales.html\"> quinto en Mundial y Juegos Ol\u00edmpicos <\/a>y ya segundo en los Europeos de Roma hace dos a\u00f1os. \u201cNo se sabe lo que podr\u00eda pasar dentro de 15 d\u00edas, lo que podr\u00eda haber pasado hace 15 d\u00edas. Lo \u00fanico que s\u00e9 es que he conseguido la medalla de bronce, tengo que estar contento\u201d.<\/p>\n<p class=\"\">David Barroso, el extreme\u00f1o debutante en grandes finales, acab\u00f3 sobrado de fuerzas, arrasando con todo lo que se le pon\u00eda por delante en su sprint final fren\u00e9tico y fue cuarto, casi chocando con su amigo y compa\u00f1ero de habitaci\u00f3n 1309 en el Leonardo (1m 45,79s).<\/p>\n<p class=\"\">Tambi\u00e9n debutaba en una gran final el disc\u00f3bolo vallisoletano Diego Casas, residente en un cuartel de la guardia de finanzas en Roma, donde le entrena Federico Apolloni, el de apropiado nombre para el f\u00edsico espectacular que lucen. Casas prometi\u00f3 no achicarse en la final ante los gigantes, los mejores del mundo, con los que se enfrentaba, y tan grandes f\u00edsicamente que no caben en s\u00ed mismos y, como expertos manspreaders de autob\u00fas ocupan entre tres, ocho de los doce asientos. Cumple Casas, sexto con dos lanzamientos clavados de 65,64m, la segunda marca de su vida. Gana (72,51, r\u00e9cord de los campeonatos) , ya, el miope esloveno Kristjan Ceh, actual campe\u00f3n del mundo.<\/p>\n","protected":false},"excerpt":{"rendered":"Mohamed Attaoui sigue corriendo hacia ser el que fue hace nada, uno de los mejores mediofondistas del mundo,&hellip;\n","protected":false},"author":2,"featured_media":710026,"comment_status":"","ping_status":"","sticky":false,"template":"","format":"standard","meta":{"footnotes":""},"categories":[93],"tags":[41165,928,11485,168,927,25,24,127509,40680,23,167],"class_list":["post-710025","post","type-post","status-publish","format-standard","has-post-thumbnail","category-deportes","tag-800-metros-lisos","tag-atletas","tag-atletismo","tag-deportes","tag-deportistas","tag-es","tag-espana","tag-mariano-garcia","tag-mohamed-attaoui","tag-spain","tag-sports"],"share_on_mastodon":{"url":"","error":""},"_links":{"self":[{"href":"https:\/\/www.europesays.com\/es\/wp-json\/wp\/v2\/posts\/710025","targetHints":{"allow":["GET"]}}],"collection":[{"href":"https:\/\/www.europesays.com\/es\/wp-json\/wp\/v2\/posts"}],"about":[{"href":"https:\/\/www.europesays.com\/es\/wp-json\/wp\/v2\/types\/post"}],"author":[{"embeddable":true,"href":"https:\/\/www.europesays.com\/es\/wp-json\/wp\/v2\/users\/2"}],"replies":[{"embeddable":true,"href":"https:\/\/www.europesays.com\/es\/wp-json\/wp\/v2\/comments?post=710025"}],"version-history":[{"count":0,"href":"https:\/\/www.europesays.com\/es\/wp-json\/wp\/v2\/posts\/710025\/revisions"}],"wp:featuredmedia":[{"embeddable":true,"href":"https:\/\/www.europesays.com\/es\/wp-json\/wp\/v2\/media\/710026"}],"wp:attachment":[{"href":"https:\/\/www.europesays.com\/es\/wp-json\/wp\/v2\/media?parent=710025"}],"wp:term":[{"taxonomy":"category","embeddable":true,"href":"https:\/\/www.europesays.com\/es\/wp-json\/wp\/v2\/categories?post=710025"},{"taxonomy":"post_tag","embeddable":true,"href":"https:\/\/www.europesays.com\/es\/wp-json\/wp\/v2\/tags?post=710025"}],"curies":[{"name":"wp","href":"https:\/\/api.w.org\/{rel}","templated":true}]}}