{"id":710075,"date":"2026-08-14T00:48:27","date_gmt":"2026-08-14T00:48:27","guid":{"rendered":"https:\/\/www.europesays.com\/es\/710075\/"},"modified":"2026-08-14T00:48:27","modified_gmt":"2026-08-14T00:48:27","slug":"arbalejo-llull-y-florit-los-tres-menorquines-que-marcan-el-inicio-de-la-liga-endesa","status":"publish","type":"post","link":"https:\/\/www.europesays.com\/es\/710075\/","title":{"rendered":"Arbalejo, Llull y Florit, los tres menorquines que marcan el inicio de la Liga Endesa"},"content":{"rendered":"<p><strong>La Liga Endesa 2026-27 ya tiene calendario completo<\/strong> y arrancar\u00e1 el fin de semana del 26 y 27 de septiembre con 18 equipos y 306 partidos por delante hasta el final de la fase regular, previsto entre el 21 y el 23 de mayo de 2027, con el vigente campe\u00f3n, Valencia Basket del director deportivo ciutadellenc, <a href=\"https:\/\/www.menorca.info\/etiqueta\/Llu%C3%ADs+Arbalejo.html?utm_source=Inline-tag&amp;utm_medium=internal\" rel=\"nofollow noopener\" target=\"_blank\">Llu\u00eds Arbalejo<\/a>, comenzando la defensa del t\u00edtulo en casa ante el Lleida, mientras que el Bar\u00e7a en el que est\u00e1 como m\u00e9dico el tambi\u00e9n ciutadellenc, <a href=\"https:\/\/www.menorca.info\/etiqueta\/Dani+Florit.html?utm_source=Inline-tag&amp;utm_medium=internal\" rel=\"nofollow noopener\" target=\"_blank\">Dani Florit<\/a>, recibir\u00e1 al Leyma Coru\u00f1a en el Palau y el Real Madrid del base y capit\u00e1n de Ma\u00f3, <a href=\"https:\/\/www.menorca.info\/etiqueta\/Sergio+Llull.html?utm_source=Inline-tag&amp;utm_medium=internal\" rel=\"nofollow noopener\" target=\"_blank\">Sergio Llull<\/a>, se estrenar\u00e1 ante el Unicaja.<\/p>\n<p><strong>El primer gran duelo de la temporada llegar\u00e1 en la tercera jornada<\/strong>, el 11 de octubre, con un Bar\u00e7a-Valencia Basket, mientras que el primer Cl\u00e1sico entre azulgranas y madridistas se disputar\u00e1 el 27 de diciembre en el Palau Blaugrana, dentro de la Jornada 14. La vuelta tendr\u00e1 lugar el 28 de marzo de 2027 en Madrid, en la Jornada 26. La primera vuelta, cuyo final determinar\u00e1 los ocho equipos clasificados para la Copa del Rey Valencia 2027, concluir\u00e1 el 9 y 10 de enero con la Jornada 17.<\/p>\n","protected":false},"excerpt":{"rendered":"La Liga Endesa 2026-27 ya tiene calendario completo y arrancar\u00e1 el fin de semana del 26 y 27&hellip;\n","protected":false},"author":2,"featured_media":710076,"comment_status":"","ping_status":"","sticky":false,"template":"","format":"standard","meta":{"footnotes":""},"categories":[269],"tags":[302,299,298,127516,168,25,24,116530,1692,23,167],"class_list":["post-710075","post","type-post","status-publish","format-standard","has-post-thumbnail","category-baloncesto","tag-acb","tag-baloncesto","tag-basketball","tag-dani-florit","tag-deportes","tag-es","tag-espana","tag-lluis-arbalejo","tag-sergio-llull","tag-spain","tag-sports"],"share_on_mastodon":{"url":"https:\/\/pubeurope.com\/@es\/117091114099275308","error":""},"_links":{"self":[{"href":"https:\/\/www.europesays.com\/es\/wp-json\/wp\/v2\/posts\/710075","targetHints":{"allow":["GET"]}}],"collection":[{"href":"https:\/\/www.europesays.com\/es\/wp-json\/wp\/v2\/posts"}],"about":[{"href":"https:\/\/www.europesays.com\/es\/wp-json\/wp\/v2\/types\/post"}],"author":[{"embeddable":true,"href":"https:\/\/www.europesays.com\/es\/wp-json\/wp\/v2\/users\/2"}],"replies":[{"embeddable":true,"href":"https:\/\/www.europesays.com\/es\/wp-json\/wp\/v2\/comments?post=710075"}],"version-history":[{"count":0,"href":"https:\/\/www.europesays.com\/es\/wp-json\/wp\/v2\/posts\/710075\/revisions"}],"wp:featuredmedia":[{"embeddable":true,"href":"https:\/\/www.europesays.com\/es\/wp-json\/wp\/v2\/media\/710076"}],"wp:attachment":[{"href":"https:\/\/www.europesays.com\/es\/wp-json\/wp\/v2\/media?parent=710075"}],"wp:term":[{"taxonomy":"category","embeddable":true,"href":"https:\/\/www.europesays.com\/es\/wp-json\/wp\/v2\/categories?post=710075"},{"taxonomy":"post_tag","embeddable":true,"href":"https:\/\/www.europesays.com\/es\/wp-json\/wp\/v2\/tags?post=710075"}],"curies":[{"name":"wp","href":"https:\/\/api.w.org\/{rel}","templated":true}]}}