{"id":710087,"date":"2026-08-14T00:58:15","date_gmt":"2026-08-14T00:58:15","guid":{"rendered":"https:\/\/www.europesays.com\/es\/710087\/"},"modified":"2026-08-14T00:58:15","modified_gmt":"2026-08-14T00:58:15","slug":"asi-ha-sido-la-primera-tarde-de-la-feria-taurina-de-begona-de-gijon-el-comercio","status":"publish","type":"post","link":"https:\/\/www.europesays.com\/es\/710087\/","title":{"rendered":"As\u00ed ha sido la primera tarde de la Feria Taurina de Bego\u00f1a de Gij\u00f3n &#8211; El Comercio"},"content":{"rendered":"<ol>\n<li><a href=\"https:\/\/news.google.com\/rss\/articles\/CBMikwFBVV95cUxOSDNIdWl2MmZNRVExelRzQ3VCRDdtUHE3UnJhQXY0eVFRYlhRV1kydnU2NFBUNVplaWlrdUNPR21aMkpULVZ5cEttTlIySm9kZlkzQjBUX0VSNEVmOVNudGptMFlVdjlZd0lsdlFKeVZ0dFRidnJMTV9MNTd3VWl3alNmLXoxNFpzM2xGRld3WFhScmPSAZgBQVVfeXFMTzlrOC1IVF94c1hIclZDX2pwazhFQmR0WEpmMUczOFI2UzNfaDgwbm1nbG56XzVXMXVRRG1sMnRST2pIR29pTGE1QnZzWlBUM28wRndZT3VYN1J2TUhra1o5MU9tbUNMWXNRU3V4N1JYYTdEYzVtbWFCNnRCaXRpbVdtTWhtbW1DVm9tX2hhU2Fwbk5RNHV0Q2s?oc=5\" target=\"_blank\" rel=\"nofollow noopener\">As\u00ed ha sido la primera tarde de la Feria Taurina de Bego\u00f1a de Gij\u00f3n<\/a>&nbsp;&nbsp;El Comercio<\/li>\n<li><a href=\"https:\/\/news.google.com\/rss\/articles\/CBMigwFBVV95cUxQQjVIaVFLUTBxSFFCbXVNWGJmSmNrWFNTREZZaTh6Y3RJaUNZQ3RvMkpZYkpRbWFUTmFKRXJsWFFwcFN4UTdTSE1rSjBJU1lCTXlrc1ZPcnZpUkkwSllPODRCRU41eVhUelRzQnk3dDRqbFUwc29LeFVlcHdWc3Q5T3VQZ9IBgwFBVV95cUxOQlFpcmxWcE12WThCa2F2UkV1Z3FZLTU1WHYtbERrem1MLWN6Z0tYTldvWGR3SDdGV1NCa2lxcjdDZi1qUHhSMHk4WFVfbjFlTnJNVmY3amhvNHVobzA0bEVXZFlZd2JsQ0MyUzZGV194cjBWTnJPeVB6OUpMbFp1MGp5Zw?oc=5\" target=\"_blank\" rel=\"nofollow noopener\">Un gran \u00c1lvaro Lorenzo estrena la puerta grande de Gij\u00f3n<\/a>&nbsp;&nbsp;El Mundo<\/li>\n<li><a href=\"https:\/\/news.google.com\/rss\/articles\/CBMioAFBVV95cUxPQVFxOWgzcGl0cnpCV2JEWVlKZ1FmVXBHYlRDR1VjdnUtUU9kZ0JhWWNfdnlmTXdDTHlDanQ4TGd0R05xTGhHVUtUbm82T2lEN1E3Q3l2Uk02QlJuTVR6b3NFM2M2ampkWkJpVC1zTHZlZ3I5bDl5cnBfZXliNVlTU3lhaE9UWHhjWVdIN1luQ0c1bkViLTRZeTIwY2ZCeGtN?oc=5\" target=\"_blank\" rel=\"nofollow noopener\">\u00c1lvaro Lorenzo, primer nombre propio de la Feria de Bego\u00f1a (Online)<\/a>&nbsp;&nbsp;mundotoro.com<\/li>\n<li><a href=\"https:\/\/news.google.com\/rss\/articles\/CBMiswFBVV95cUxNRUVMRUtheFhMTl9nTmpNZGhVZll6YlZ4ZFU1c2luQWVTZ2sxWkJuRGpwUGNpZDhUODJRWkdHWE9FTlcwWjY3X2M3M0RlT2VLMmd6ZUZidmwyYmh0NUNPbHBaUm1ENHBWdS1pbW9tT25mZlUtWWdBdUJQVlJ6d2VtN2Nxckl3Y1VCLUNOem44Z29oTlhJUk9aYjc5R1hwTWswbHpVUnVQRGlXb1JlRnlKTFJkUdIBuAFBVV95cUxPUHJXUGJIc2NCeko1TUV3cS1EclhMNV9QcGZ1RzEzbzNYNnFmd3ZsNkRIaWtVVmVYNDdETVpSOUptd1ZPR3Z4d3Eta1FnVjRIQXFEWjFCQU9ZZy1LUDlJYVZBOWhZMDI3T1RvNTlPYngzbmhCSXJ5M1Q2a3N1M0Vlcm9nX2YweHZSUy1hMDNtdnc3NkYydmo0bFdaX04yWEQ1OVZOS1ExaFdVaFNISjFhS2RvWGg3U2ZC?oc=5\" target=\"_blank\" rel=\"nofollow noopener\">\u00c1lvaro Lorenzo aprovecha la nobleza de los toros de La Quinta para salir a hombros<\/a>&nbsp;&nbsp;El Debate<\/li>\n<li><a href=\"https:\/\/news.google.com\/rss\/articles\/CBMikwFBVV95cUxPUVFPZnFrSWxBT2xxeUx2ZlhKV3BuR0Q1U2tLQ0pnMExaRDBfZGxGTndXVWMyVlQwNGVCYzJUTGh3SVBjSHZiRWJiYlVmcVozcXp4S3pUYlA1VGRfdFNzWEs1VVNuQ21vZWZqcjh3TDZkZ2o4V0c1dG04QWlJVXgxUmhuVEVBUlFqa0tHcEJXWkNhNnfSAZgBQVVfeXFMUGNfLVRLdUR6ZHpINnpsZnhjTWI4M2tjMjVFQTdRaU9VLWU3dng5SzB3NDlhQVdVWk1LUDIwQlBreDFhbDlBWll1R3ZaeGNEV1NkZTJvYjRpR0h3ZkpaR0NNM0ZTVFhoZy13LWk5VkRyV19CVU1EcXVkanBsYmoydEZHSUJEUEJqdzlHbXRLYWNlSk9BNk1HcXQ?oc=5\" target=\"_blank\" rel=\"nofollow noopener\">\u00c1lvaro Lorenzo, primer triunfador de la feria taurina de Gij\u00f3n, aprovecha el mejor lote de La Quinta<\/a>&nbsp;&nbsp;La Nueva Espa\u00f1a<\/li>\n<\/ol>\n","protected":false},"excerpt":{"rendered":"As\u00ed ha sido la primera tarde de la Feria Taurina de Bego\u00f1a de Gij\u00f3n&nbsp;&nbsp;El Comercio Un gran \u00c1lvaro&hellip;\n","protected":false},"author":2,"featured_media":710088,"comment_status":"","ping_status":"","sticky":false,"template":"","format":"standard","meta":{"footnotes":""},"categories":[91],"tags":[5881,7421,2125,146,147,25,24,599,6023,23,600],"class_list":["post-710087","post","type-post","status-publish","format-standard","has-post-thumbnail","category-entretenimiento","tag-arranca","tag-begona","tag-directo","tag-entertainment","tag-entretenimiento","tag-es","tag-espana","tag-feria","tag-gijon","tag-spain","tag-taurina"],"share_on_mastodon":{"url":"https:\/\/pubeurope.com\/@es\/117091153338857246","error":""},"_links":{"self":[{"href":"https:\/\/www.europesays.com\/es\/wp-json\/wp\/v2\/posts\/710087","targetHints":{"allow":["GET"]}}],"collection":[{"href":"https:\/\/www.europesays.com\/es\/wp-json\/wp\/v2\/posts"}],"about":[{"href":"https:\/\/www.europesays.com\/es\/wp-json\/wp\/v2\/types\/post"}],"author":[{"embeddable":true,"href":"https:\/\/www.europesays.com\/es\/wp-json\/wp\/v2\/users\/2"}],"replies":[{"embeddable":true,"href":"https:\/\/www.europesays.com\/es\/wp-json\/wp\/v2\/comments?post=710087"}],"version-history":[{"count":0,"href":"https:\/\/www.europesays.com\/es\/wp-json\/wp\/v2\/posts\/710087\/revisions"}],"wp:featuredmedia":[{"embeddable":true,"href":"https:\/\/www.europesays.com\/es\/wp-json\/wp\/v2\/media\/710088"}],"wp:attachment":[{"href":"https:\/\/www.europesays.com\/es\/wp-json\/wp\/v2\/media?parent=710087"}],"wp:term":[{"taxonomy":"category","embeddable":true,"href":"https:\/\/www.europesays.com\/es\/wp-json\/wp\/v2\/categories?post=710087"},{"taxonomy":"post_tag","embeddable":true,"href":"https:\/\/www.europesays.com\/es\/wp-json\/wp\/v2\/tags?post=710087"}],"curies":[{"name":"wp","href":"https:\/\/api.w.org\/{rel}","templated":true}]}}