{"id":710099,"date":"2026-08-14T01:08:32","date_gmt":"2026-08-14T01:08:32","guid":{"rendered":"https:\/\/www.europesays.com\/es\/710099\/"},"modified":"2026-08-14T01:08:32","modified_gmt":"2026-08-14T01:08:32","slug":"roger-federer-perdio-una-fortuna-en-un-dia-y-salio-de-un-selecto-club-de-multimillonarios","status":"publish","type":"post","link":"https:\/\/www.europesays.com\/es\/710099\/","title":{"rendered":"Roger Federer perdi\u00f3 una fortuna en un d\u00eda y sali\u00f3 de un selecto club de multimillonarios"},"content":{"rendered":"<p class=\"mb-4 text-lg md:leading-8 break-words\"><strong>Roger Federer<\/strong> sufri\u00f3 un golpe inesperado en su fortuna personal. En una sola jornada burs\u00e1til, el patrimonio del legendario tenista suizo<strong> tuvo una merma estimada en 52 millones de d\u00f3lares.<\/strong> Seg\u00fan los c\u00e1lculos de Forbes, su riqueza cay\u00f3 hasta los 952,4 millones de d\u00f3lares el pasado martes 11 de agosto, alej\u00e1ndolo temporalmente del selecto club de deportistas con patrimonios de diez cifras al que hab\u00eda ingresado formalmente en 2025. El origen de este traspi\u00e9 se dio en la bolsa de Nueva York, <strong>donde las acciones de On Holding, la empresa de indumentaria deportiva de la cual es accionista, se desplomaron un 19 por ciento.<\/strong><\/p>\n<p class=\"mb-4 text-lg md:leading-8 break-words\">As\u00ed, antes de su regreso al US Open, donde participar\u00e1 de una exhibici\u00f3n, Federer qued\u00f3 por debajo de la barrera de los <strong>1000 millones <\/strong>al que se hab\u00eda trepado por primera vez hace un a\u00f1o atr\u00e1s. Su contrato m\u00e1s importante es el acuerdo por diez a\u00f1os y US$ 300 millones que firm\u00f3 con la japonesa Uniqlo en 2018. Tambi\u00e9n mantiene asociaciones con marcas como Rolex y Mercedes-Benz.<\/p>\n<p><img alt=\"Roger Federer y la marca de relojes que lo sponsoriza desde 2006\" loading=\"lazy\" width=\"768\" height=\"512\" decoding=\"async\" data-nimg=\"1\" class=\"rounded-lg\" style=\"color:transparent\" src=\"https:\/\/www.europesays.com\/es\/wp-content\/uploads\/2026\/08\/https:\/\/media.zenfs.com\/es\/lanacion.com.ar\/10c0b557e2bdc25dc247b9e5701dbf3d.jpg\"\/><\/p>\n<p>Roger Federer y la marca de relojes que lo sponsoriza desde 2006 &#8211; Cr\u00e9ditos: @HECTOR RETAMAL<\/p>\n<p class=\"mb-4 text-lg md:leading-8 break-words\">La reacci\u00f3n del mercado fue una respuesta directa a la presentaci\u00f3n de los resultados trimestrales de la compa\u00f1\u00eda. Aunque On Holding report\u00f3 una facturaci\u00f3n de 850,3 millones de francos suizos durante el segundo trimestre de 2026 \u2014cifra que representa un crecimiento del 13 por ciento interanual\u2014,<strong> la cifra no alcanz\u00f3 las expectativas de los analistas de FactSet, que proyectaban 878,4 millones. <\/strong>Este desfase entre la realidad contable y las proyecciones financieras provoc\u00f3 que los papeles de la firma cayeran hasta los 31,41 d\u00f3lares, marcando su nivel m\u00e1s bajo en el \u00faltimo a\u00f1o.<\/p>\n<p class=\"mb-4 text-lg md:leading-8 break-words\">M\u00e1s all\u00e1 del derrumbe burs\u00e1til, el balance de la empresa muestra indicadores positivos: <strong>On Holding pas\u00f3 de registrar una p\u00e9rdida de 40,9 millones de francos suizos en el segundo trimestre de 2025 a obtener una ganancia neta de 105 millones en igual per\u00edodo de 2026, <\/strong>seg\u00fan reportes<strong>.<\/strong> Adem\u00e1s, las ventas directas al consumidor subieron un 26 por ciento. La compa\u00f1\u00eda justific\u00f3 la desaceleraci\u00f3n asegurando que limit\u00f3 deliberadamente las ventas mayoristas para proteger su posicionamiento premium y sus inventarios. Es decir, el mercado penaliz\u00f3 una expectativa incumplida y no una falta de rentabilidad.<\/p>\n<p><img alt=\"Roger Federer: la sonrisa de una leyenda del tenis que sufri\u00f3 un cimbronazo econ\u00f3mico\" loading=\"lazy\" width=\"768\" height=\"512\" decoding=\"async\" data-nimg=\"1\" class=\"rounded-lg\" style=\"color:transparent\" src=\"https:\/\/www.europesays.com\/es\/wp-content\/uploads\/2026\/08\/https:\/\/media.zenfs.com\/es\/lanacion.com.ar\/bdc9855cae3dd506e9bd177f15709705.jpg\"\/><\/p>\n<p>Roger Federer: la sonrisa de una leyenda del tenis que sufri\u00f3 un cimbronazo econ\u00f3mico<\/p>\n<p class=\"mb-4 text-lg md:leading-8 break-words\">La trayectoria de Federer como inversor comenz\u00f3 en 2019, cuando se sum\u00f3 a On Holding no solo como patrocinado, sino como pieza clave del negocio.<strong> Su participaci\u00f3n accionaria, estimada en un 3 por ciento, fue el motor que catapult\u00f3 su fortuna hacia los 1100 millones de d\u00f3lares el a\u00f1o pasado. <\/strong>El extenista no solo aporta su imagen, sino que colabor\u00f3 activamente en el desarrollo de la l\u00ednea de calzado THE ROGER. Estos activos representan un salto cualitativo respecto a sus ingresos tradicionales: durante toda su carrera profesional, F<strong>ederer acumul\u00f3 m\u00e1s de 130 millones de d\u00f3lares en premios, una suma \u00abmenor\u00bb respecto de la dimensi\u00f3n de sus inversiones actuales.<\/strong><\/p>\n<p class=\"mb-4 text-lg md:leading-8 break-words\">La ca\u00edda de On tambi\u00e9n oblig\u00f3 a la firma a moderar sus proyecciones anuales, previendo ahora ingresos totales entre 3.470 y 3.560 millones de francos suizos para el cierre de 2026. Para Federer, sin embargo, el camino hacia los mil millones sigue estando a poca distancia: la misma empresa que lo hizo multimillonario es la que hoy pone a prueba su solidez financiera.<\/p>\n<p class=\"mb-4 text-lg md:leading-8 break-words\">El ex tenista, retirado desde 2022, gener\u00f3 buena parte de su riqueza fuera de las canchas.<strong> A lo largo de 24 a\u00f1os como profesional gan\u00f3 103 t\u00edtulos, pas\u00f3 310 semanas como n\u00famero uno del mundo y consigui\u00f3 20 torneos de Grand Slam,<\/strong> cuatro menos que Novak Djokovic.<\/p>\n","protected":false},"excerpt":{"rendered":"Roger Federer sufri\u00f3 un golpe inesperado en su fortuna personal. En una sola jornada burs\u00e1til, el patrimonio del&hellip;\n","protected":false},"author":2,"featured_media":710100,"comment_status":"","ping_status":"","sticky":false,"template":"","format":"standard","meta":{"footnotes":""},"categories":[274],"tags":[52245,168,25,24,127518,3440,23,167,327,326,84271],"class_list":["post-710099","post","type-post","status-publish","format-standard","has-post-thumbnail","category-tenis","tag-bolsa-de-nueva-york","tag-deportes","tag-es","tag-espana","tag-francos-suizos","tag-roger-federer","tag-spain","tag-sports","tag-tenis","tag-tennis","tag-una-leyenda"],"share_on_mastodon":{"url":"https:\/\/pubeurope.com\/@es\/117091193738686220","error":""},"_links":{"self":[{"href":"https:\/\/www.europesays.com\/es\/wp-json\/wp\/v2\/posts\/710099","targetHints":{"allow":["GET"]}}],"collection":[{"href":"https:\/\/www.europesays.com\/es\/wp-json\/wp\/v2\/posts"}],"about":[{"href":"https:\/\/www.europesays.com\/es\/wp-json\/wp\/v2\/types\/post"}],"author":[{"embeddable":true,"href":"https:\/\/www.europesays.com\/es\/wp-json\/wp\/v2\/users\/2"}],"replies":[{"embeddable":true,"href":"https:\/\/www.europesays.com\/es\/wp-json\/wp\/v2\/comments?post=710099"}],"version-history":[{"count":0,"href":"https:\/\/www.europesays.com\/es\/wp-json\/wp\/v2\/posts\/710099\/revisions"}],"wp:featuredmedia":[{"embeddable":true,"href":"https:\/\/www.europesays.com\/es\/wp-json\/wp\/v2\/media\/710100"}],"wp:attachment":[{"href":"https:\/\/www.europesays.com\/es\/wp-json\/wp\/v2\/media?parent=710099"}],"wp:term":[{"taxonomy":"category","embeddable":true,"href":"https:\/\/www.europesays.com\/es\/wp-json\/wp\/v2\/categories?post=710099"},{"taxonomy":"post_tag","embeddable":true,"href":"https:\/\/www.europesays.com\/es\/wp-json\/wp\/v2\/tags?post=710099"}],"curies":[{"name":"wp","href":"https:\/\/api.w.org\/{rel}","templated":true}]}}