{"id":710107,"date":"2026-08-14T01:13:13","date_gmt":"2026-08-14T01:13:13","guid":{"rendered":"https:\/\/www.europesays.com\/es\/710107\/"},"modified":"2026-08-14T01:13:13","modified_gmt":"2026-08-14T01:13:13","slug":"elena-olmos-la-joven-artista-espanola-que-ha-hecho-historia-exponiendo-en-el-louvre-para-recuperar-a-un-amor-le-pinte-un-cuadro-el-beso-de-toulouse-lautrec-cuando-fui-a-llevarselo-nunc","status":"publish","type":"post","link":"https:\/\/www.europesays.com\/es\/710107\/","title":{"rendered":"Elena Olmos, la joven artista espa\u00f1ola que ha hecho historia exponiendo en el Louvre: \u201cPara recuperar a un amor, le pint\u00e9 un cuadro: El beso, de Toulouse-Lautrec. Cuando fui a llev\u00e1rselo, nunca apareci\u00f3\u00bb"},"content":{"rendered":"<p>Elena Olmos (C\u00e1ceres, 1995) empez\u00f3 a pintar replicando obras de Tiziano o Rubens que ve\u00eda en los museos hasta que con 20 a\u00f1os algo cambi\u00f3. \u201cPara recuperar a un amor, le pint\u00e9 un cuadro: El beso, de Toulouse-Lautrec. Cuando fui a llev\u00e1rselo, nunca apareci\u00f3. Me qued\u00e9 horas a solas con el cuadro. Al volver a casa, lo colgu\u00e9 en la habitaci\u00f3n con una inscripci\u00f3n detr\u00e1s: \u2018Para Elena\u2019. Ah\u00ed supe que, pasara lo que pasara en mi vida, <strong>siempre tendr\u00eda la expresi\u00f3n art\u00edstica para consolarme y verme crecer\u201d<\/strong>, cuenta esta cacere\u00f1a que a\u00f1os despu\u00e9s ha visto uno de sus cuadros en las paredes del <a href=\"https:\/\/www.revistavanityfair.es\/articulos\/galeria-apolo-museo-louvre-robo-joyas-reabre-al-publico\" rel=\"nofollow noopener\" target=\"_blank\">museo del Louvre de Par\u00eds<\/a>.<\/p>\n<p><strong>\u201cGracias a las redes sociales, la galer\u00eda Art Queens me seleccion\u00f3 para exponer junto a otras 25 mujeres.<\/strong> Yo alucin\u00e9, porque nunca pens\u00e9 que me pod\u00eda pasar algo as\u00ed y menos sin haberlo buscado. Despu\u00e9s me di cuenta de que llevaba muchos a\u00f1os busc\u00e1ndolo a trav\u00e9s de mis obras y cuando intentaba compartirlas con el mundo. Puede dar verg\u00fcenza al principio o tal vez pienses que no tienes nada que contar, pero ese es el mayor error hoy en d\u00eda. Perdemos experiencias importantes por no compartir nuestro arte y nuestros deseos y miedos. Si la intenci\u00f3n es sana y creativa, nada puede salir mal\u201d, explica sobre aquella oportunidad tan especial.<\/p>\n<p>\u201cAl principio sent\u00ed v\u00e9rtigo, sobre todo porque me pill\u00f3 en un momento donde la vida me dio el proyecto m\u00e1s grande que nunca hab\u00eda hecho: <strong>12 lienzos para un mismo cliente, y adem\u00e1s ten\u00eda mi trabajo en la tele.<\/strong> Ten\u00eda que hacer una obra in extremis y estaba muy nerviosa, sin saber muy bien por qu\u00e9 recib\u00eda este regalo. Despu\u00e9s no lo dud\u00e9 un instante y me lanc\u00e9 a vivir la experiencia sin pensar m\u00e1s all\u00e1\u201d, a\u00f1ade.<\/p>\n<p><img decoding=\"async\" alt=\"La artista caceren\u0303a ha expuesto su cuadro PulseCouleur Brute  en el museo del Louvre de Pari\u0301s una experiencia u\u0301nica...\" loading=\"lazy\" class=\"ResponsiveImageContainer-dkeESL cQPiWi responsive-image__image\"   src=\"https:\/\/www.europesays.com\/es\/wp-content\/uploads\/2026\/08\/cuadro%20louvre.jpeg\"\/><\/p>\n<p>La artista caceren\u0303a ha expuesto su cuadro Pulse-Couleur Brute (arriba) en el museo del Louvre de Pari\u0301s, una experiencia u\u0301nica para la que creo\u0301 la obra desde cero y en tiempo re\u0301cord.<\/p>\n","protected":false},"excerpt":{"rendered":"Elena Olmos (C\u00e1ceres, 1995) empez\u00f3 a pintar replicando obras de Tiziano o Rubens que ve\u00eda en los museos&hellip;\n","protected":false},"author":2,"featured_media":710108,"comment_status":"","ping_status":"","sticky":false,"template":"","format":"standard","meta":{"footnotes":""},"categories":[174],"tags":[229,255,146,147,25,24,256,3873,503,23],"class_list":["post-710107","post","type-post","status-publish","format-standard","has-post-thumbnail","category-famosos","tag-arte","tag-celebrities","tag-entertainment","tag-entretenimiento","tag-es","tag-espana","tag-famosos","tag-museos","tag-pintura","tag-spain"],"share_on_mastodon":{"url":"","error":""},"_links":{"self":[{"href":"https:\/\/www.europesays.com\/es\/wp-json\/wp\/v2\/posts\/710107","targetHints":{"allow":["GET"]}}],"collection":[{"href":"https:\/\/www.europesays.com\/es\/wp-json\/wp\/v2\/posts"}],"about":[{"href":"https:\/\/www.europesays.com\/es\/wp-json\/wp\/v2\/types\/post"}],"author":[{"embeddable":true,"href":"https:\/\/www.europesays.com\/es\/wp-json\/wp\/v2\/users\/2"}],"replies":[{"embeddable":true,"href":"https:\/\/www.europesays.com\/es\/wp-json\/wp\/v2\/comments?post=710107"}],"version-history":[{"count":0,"href":"https:\/\/www.europesays.com\/es\/wp-json\/wp\/v2\/posts\/710107\/revisions"}],"wp:featuredmedia":[{"embeddable":true,"href":"https:\/\/www.europesays.com\/es\/wp-json\/wp\/v2\/media\/710108"}],"wp:attachment":[{"href":"https:\/\/www.europesays.com\/es\/wp-json\/wp\/v2\/media?parent=710107"}],"wp:term":[{"taxonomy":"category","embeddable":true,"href":"https:\/\/www.europesays.com\/es\/wp-json\/wp\/v2\/categories?post=710107"},{"taxonomy":"post_tag","embeddable":true,"href":"https:\/\/www.europesays.com\/es\/wp-json\/wp\/v2\/tags?post=710107"}],"curies":[{"name":"wp","href":"https:\/\/api.w.org\/{rel}","templated":true}]}}