{"id":710113,"date":"2026-08-14T01:21:20","date_gmt":"2026-08-14T01:21:20","guid":{"rendered":"https:\/\/www.europesays.com\/es\/710113\/"},"modified":"2026-08-14T01:21:20","modified_gmt":"2026-08-14T01:21:20","slug":"fenomeno-el-nino-linea-113-del-minsa-brinda-recomendaciones-para-prevenir-enfermedades","status":"publish","type":"post","link":"https:\/\/www.europesays.com\/es\/710113\/","title":{"rendered":"Fen\u00f3meno El Ni\u00f1o: L\u00ednea 113 del Minsa brinda recomendaciones para prevenir enfermedades"},"content":{"rendered":"<p><img alt=\"Grupo de personas en agua turbia usando un palo para ayudarse, con una pared al fondo. Recuadro muestra a operadora del Ministerio de Salud frente a computadora\" class=\"global-image\" decoding=\"async\" fetchpriority=\"high\" height=\"1080\" loading=\"eager\" src=\"https:\/\/www.europesays.com\/es\/wp-content\/uploads\/2026\/08\/C6EBYYWWKJBXBM7RYWXK7QMZQI.png\" width=\"1920\"\/>Varias personas atraviesan una zona inundada mientras una operadora del Ministerio de Salud ofrece asistencia, reflejando la respuesta ante el Fen\u00f3meno El Ni\u00f1o en Per\u00fa. (Infobae Per\u00fa\/Agencia Andina)<\/p>\n<p>13 Ago, 2026 06:57 p. m. EST<\/p>\n<p class=\"paragraph\" data-paragraph-number=\"1\">Ante los <a href=\"https:\/\/www.infobae.com\/peru\/2026\/08\/12\/el-nino-costero-borra-la-tarde-mas-fria-en-lima-que-pasa-con-el-invierno-y-que-debemos-esperar-del-clima\/\" target=\"_blank\" rel=\"noreferrer nofollow noopener\" title=\"https:\/\/www.infobae.com\/peru\/2026\/08\/12\/el-nino-costero-borra-la-tarde-mas-fria-en-lima-que-pasa-con-el-invierno-y-que-debemos-esperar-del-clima\/\">cambios de temperatura<\/a>, <b>lluvias intensas<\/b>, inundaciones y estancamiento de agua que pueden presentarse durante el <a href=\"https:\/\/www.infobae.com\/peru\/2026\/08\/13\/alerta-maxima-por-el-fenomeno-el-nino-ultimo-reporte-del-noaa-aumenta-a-mas-del-90-la-probabilidad-de-que-sea-muy-fuerte\/\" target=\"_blank\" rel=\"noreferrer nofollow noopener\" title=\"https:\/\/www.infobae.com\/peru\/2026\/08\/13\/alerta-maxima-por-el-fenomeno-el-nino-ultimo-reporte-del-noaa-aumenta-a-mas-del-90-la-probabilidad-de-que-sea-muy-fuerte\/\">Fen\u00f3meno El Ni\u00f1o<\/a>, el <b>Ministerio de Salud (Minsa)<\/b> brinda orientaci\u00f3n a la poblaci\u00f3n a trav\u00e9s de la <b>L\u00ednea 113<\/b>, opci\u00f3n 1. El servicio ofrece informaci\u00f3n y recomendaciones para que las familias adopten medidas preventivas y reduzcan los riesgos para su salud.<\/p>\n<p class=\"paragraph\" data-paragraph-number=\"2\">Entre las principales enfermedades y afecciones relacionadas con estas condiciones se encuentran el <b>dengue, zika, chikungunya, infecciones respiratorias agudas, enfermedades diarreicas, leptospirosis y enfermedades de la piel<\/b>. El Minsa busca que la poblaci\u00f3n conozca los riesgos y adopte cuidados oportunos frente a los efectos del evento clim\u00e1tico.<\/p>\n<p><img alt=\"Ministerio de Salud - MINSA\" class=\"global-image\" decoding=\"async\" fetchpriority=\"low\" height=\"832\" loading=\"lazy\" src=\"https:\/\/www.europesays.com\/es\/wp-content\/uploads\/2026\/08\/KDTKL7B6FJC7PG4B56KT6WGMJI.jpg\" width=\"1472\"\/>Ministerio de Salud &#8211; MINSA<\/p>\n<p class=\"paragraph\" data-paragraph-number=\"3\">Los cambios ambientales asociados al Fen\u00f3meno El Ni\u00f1o pueden generar condiciones favorables para la aparici\u00f3n de distintas enfermedades. Por ello, los profesionales de la L\u00ednea 113 orientan a las familias sobre las medidas que deben adoptar para proteger su salud.<\/p>\n<p class=\"paragraph\" data-paragraph-number=\"4\">Entre las recomendaciones se encuentra eliminar los criaderos de zancudos. Para ello, se debe <b>lavar, escobillar y tapar correctamente los recipientes donde se almacena agua<\/b>, con el objetivo de evitar la proliferaci\u00f3n de estos insectos.<\/p>\n<p><img alt=\"Imagen partida en diagonal. A la izquierda, mujer limpia barril azul con cartel del MINSA. A la derecha, mujer con auriculares y chaleco 113 Salud frente a monitor\" class=\"global-image\" decoding=\"async\" fetchpriority=\"low\" height=\"395\" loading=\"lazy\" src=\"https:\/\/www.europesays.com\/es\/wp-content\/uploads\/2026\/08\/D3PUSWOJP5C4JGFZ2FCAQN7BEE.jpeg\" width=\"700\"\/>Una ciudadana limpia un recipiente como parte de la prevenci\u00f3n del dengue y una operadora atiende consultas de salud a trav\u00e9s de la l\u00ednea 113 del Ministerio de Salud en Per\u00fa. (Minsa)<\/p>\n<p class=\"paragraph\" data-paragraph-number=\"5\">El Minsa tambi\u00e9n recomienda mantener una adecuada higiene y consumir <b>agua segura<\/b>, ya sea hervida o clorada. Asimismo, se debe evitar el contacto directo con aguas estancadas o de inundaci\u00f3n y no caminar descalzo ni ba\u00f1arse en este tipo de agua, debido al riesgo de infecciones.<\/p>\n<p class=\"paragraph\" data-paragraph-number=\"6\">Frente a las <b>altas temperaturas<\/b>, la poblaci\u00f3n debe beber agua de manera constante, utilizar ropa ligera, protegerse de la radiaci\u00f3n solar y evitar actividades f\u00edsicas intensas durante las horas de mayor calor. Estas medidas forman parte de las recomendaciones difundidas por el Minsa para reducir los riesgos asociados al evento clim\u00e1tico.<\/p>\n<p><img alt=\"Joven bebe agua, salpic\u00e1ndose. Mujer con uniforme del Ministerio de Salud y logo L\u00ednea 113 sonr\u00ede. Pantalla del servicio y operadores al fondo\" class=\"global-image\" decoding=\"async\" fetchpriority=\"low\" height=\"395\" loading=\"lazy\" src=\"https:\/\/www.europesays.com\/es\/wp-content\/uploads\/2026\/08\/PEAJYLOVIVB47AOMTDT75WMDJI.jpeg\" width=\"700\"\/>El Ministerio de Salud de Per\u00fa y su L\u00ednea 113 asisten a la poblaci\u00f3n con medidas preventivas frente a enfermedades asociadas al Fen\u00f3meno El Ni\u00f1o. (Minsa)<\/p>\n<p class=\"paragraph\" data-paragraph-number=\"7\">La <b>L\u00ednea 113, opci\u00f3n 1<\/b>, est\u00e1 disponible a nivel nacional para responder consultas sobre prevenci\u00f3n de enfermedades, identificaci\u00f3n de signos de alarma y cuidados frente a los efectos del <b>Fen\u00f3meno El Ni\u00f1o<\/b>. El servicio puede utilizarse desde cualquier operador de telefon\u00eda fija o celular.<\/p>\n<p class=\"paragraph\" data-paragraph-number=\"8\">El Minsa recuerda que recibir orientaci\u00f3n sobre las medidas preventivas puede ayudar a identificar oportunamente posibles signos de alarma y evitar complicaciones. Ante cualquier sospecha de enfermedad, la recomendaci\u00f3n es acudir de inmediato al establecimiento de salud m\u00e1s cercano.<\/p>\n<p><img alt=\"Dos escenas: mujer con ni\u00f1o lavando manos en un grifo exterior, y mujer con lentes y auriculares en call center con chaleco del Ministerio de Salud\" class=\"global-image\" decoding=\"async\" fetchpriority=\"low\" height=\"395\" loading=\"lazy\" src=\"https:\/\/www.europesays.com\/es\/wp-content\/uploads\/2026\/08\/TWADR5RVDVHG3PCYFJD75LBBGQ.jpeg\" width=\"700\"\/>El Ministerio de Salud de Per\u00fa ilustra la promoci\u00f3n de la higiene de manos en comunidades y la atenci\u00f3n telef\u00f3nica a ciudadanos desde un centro de llamadas. (Minsa)<\/p>\n","protected":false},"excerpt":{"rendered":"Varias personas atraviesan una zona inundada mientras una operadora del Ministerio de Salud ofrece asistencia, reflejando la respuesta&hellip;\n","protected":false},"author":2,"featured_media":710114,"comment_status":"","ping_status":"","sticky":false,"template":"","format":"standard","meta":{"footnotes":""},"categories":[92],"tags":[25,24,104290,165,44958,127519,71296,705,166,23],"class_list":["post-710113","post","type-post","status-publish","format-standard","has-post-thumbnail","category-salud","tag-es","tag-espana","tag-fenomeno-el-nino","tag-health","tag-inundacion","tag-linea-113","tag-ministerio-de-salud","tag-peru","tag-salud","tag-spain"],"share_on_mastodon":{"url":"https:\/\/pubeurope.com\/@es\/117091244876752502","error":""},"_links":{"self":[{"href":"https:\/\/www.europesays.com\/es\/wp-json\/wp\/v2\/posts\/710113","targetHints":{"allow":["GET"]}}],"collection":[{"href":"https:\/\/www.europesays.com\/es\/wp-json\/wp\/v2\/posts"}],"about":[{"href":"https:\/\/www.europesays.com\/es\/wp-json\/wp\/v2\/types\/post"}],"author":[{"embeddable":true,"href":"https:\/\/www.europesays.com\/es\/wp-json\/wp\/v2\/users\/2"}],"replies":[{"embeddable":true,"href":"https:\/\/www.europesays.com\/es\/wp-json\/wp\/v2\/comments?post=710113"}],"version-history":[{"count":0,"href":"https:\/\/www.europesays.com\/es\/wp-json\/wp\/v2\/posts\/710113\/revisions"}],"wp:featuredmedia":[{"embeddable":true,"href":"https:\/\/www.europesays.com\/es\/wp-json\/wp\/v2\/media\/710114"}],"wp:attachment":[{"href":"https:\/\/www.europesays.com\/es\/wp-json\/wp\/v2\/media?parent=710113"}],"wp:term":[{"taxonomy":"category","embeddable":true,"href":"https:\/\/www.europesays.com\/es\/wp-json\/wp\/v2\/categories?post=710113"},{"taxonomy":"post_tag","embeddable":true,"href":"https:\/\/www.europesays.com\/es\/wp-json\/wp\/v2\/tags?post=710113"}],"curies":[{"name":"wp","href":"https:\/\/api.w.org\/{rel}","templated":true}]}}